{"id":184559,"date":"2019-07-20T19:01:28","date_gmt":"2019-07-20T16:01:28","guid":{"rendered":"http:\/\/www.tvturk.com\/index.php\/kosovada-muhalifler-erken-secim-talebinde-bulundu\/"},"modified":"2019-07-20T19:01:28","modified_gmt":"2019-07-20T16:01:28","slug":"kosovada-muhalifler-erken-secim-talebinde-bulundu","status":"publish","type":"post","link":"http:\/\/www.tvturk.com\/index.php\/kosovada-muhalifler-erken-secim-talebinde-bulundu\/","title":{"rendered":"Kosova\u2019da muhalifler erken se\u00e7im talebinde bulundu"},"content":{"rendered":"<p>Kosova\u2019da Ramush Haradinaj\u2019\u0131n ba\u015fbakanl\u0131ktan istifa etmesinden sonra muhalif liderler erken se\u00e7im talebinde bulunmaya ba\u015flad\u0131. Kosova Merkez Se\u00e7im Komisyonu (KQZ) erken se\u00e7ime haz\u0131r oldu\u011funu duyurdu.<\/p>\n<p>Merkezi Lahey\u2019de olan Uluslararas\u0131  Kosova Sava\u015f Su\u00e7lar\u0131 \u00d6zel Mahkemesi taraf\u0131ndan sava\u015f su\u00e7lusu \u015f\u00fcphelisi olarak davetiye alan Ramush Haradinaj\u2019\u0131n, ba\u015fbakanl\u0131k koltu\u011fundan ayr\u0131lmas\u0131 sonras\u0131 g\u00f6zler Cumhurba\u015fkan\u0131 Hashim Tha\u00e7i\u2019nin erkem se\u00e7im karar\u0131 i\u00e7in a\u00e7\u0131klama yapmas\u0131na \u00e7evrildi. Muhalefet partileri ise, erken se\u00e7imin derhal ilan edilmesini talep etti. Muhalefet, se\u00e7im tarihinin belirlenmesi i\u00e7in Cumhurba\u015fkan\u0131 Tha\u00e7i\u2019nin, siyasi parti liderleriyle isti\u015fare temaslar\u0131n\u0131 ba\u015flatmas\u0131n\u0131 istedi.<\/p>\n<p>\u00d6te yandan Kosova Merkez Se\u00e7im Komisyonu (KQZ) erken genel se\u00e7imler i\u00e7in haz\u0131r oldu\u011funu duyurdu. KQZ S\u00f6zc\u00fcs\u00fc Valmir Elezi, yapt\u0131\u011f\u0131 a\u00e7\u0131klamada se\u00e7imlerin, talep edildi\u011fi tarihte yap\u0131lmas\u0131 i\u00e7in haz\u0131rl\u0131kl\u0131 olduklar\u0131n\u0131 belirtti. KQZ\u2019un anayasa uyar\u0131nca bu kuruma verilen t\u00fcm y\u00fck\u00fcml\u00fcl\u00fck ve g\u00f6revleri yerine getirece\u011fine vurgu yapan S\u00f6zc\u00fc Elezi, Komisyon\u2019un talep edildi\u011fi anda  se\u00e7imleri  \u00f6rg\u00fctlemek i\u00e7in y\u00fck\u00fcml\u00fc oldu\u011funu hat\u0131rlatt\u0131.<\/p>\n<p>Kosova\u2019da son genel se\u00e7imler 11 Haziran 2017 tarihinde yap\u0131lm\u0131\u015ft\u0131.<\/p>\n","protected":false},"excerpt":{"rendered":"<p>KOSOVA\u2019DA RAMUSH HARAD\u0130NAJ\u2019IN BA\u015eBAKANLIKTAN \u0130ST\u0130FA ETMES\u0130NDEN SONRA MUHAL\u0130F L\u0130DERLER ERKEN SE\u00c7\u0130M TALEB\u0130NDE BULUNMAYA BA\u015eLADI. KOSOVA MERKEZ SE\u00c7\u0130M KOM\u0130SYONU (KQZ) ERKEN SE\u00c7\u0130ME HAZIR OLDU\u011eUNU DUYURDU.<\/p>\n","protected":false},"author":1,"featured_media":184560,"comment_status":"closed","ping_status":"open","sticky":false,"template":"","format":"standard","meta":{"jetpack_post_was_ever_published":false,"_jetpack_newsletter_access":"","_jetpack_dont_email_post_to_subs":false,"_jetpack_newsletter_tier_id":0,"_jetpack_memberships_contains_paywalled_content":false,"_jetpack_memberships_contains_paid_content":false,"footnotes":"","jetpack_publicize_message":"","jetpack_publicize_feature_enabled":true,"jetpack_social_post_already_shared":true,"jetpack_social_options":{"image_generator_settings":{"template":"highway","default_image_id":0,"font":"","enabled":false},"version":2}},"categories":[10],"tags":[204,4955,5348,14850,402,45717],"class_list":["post-184559","post","type-post","status-publish","format-standard","has-post-thumbnail","hentry","category-dunya","tag-bulundu","tag-erken","tag-kosovada","tag-muhalifler","tag-secim","tag-talebinde"],"jetpack_publicize_connections":[],"jetpack_featured_media_url":"https:\/\/i0.wp.com\/www.tvturk.com\/wp-content\/uploads\/2019\/07\/kosovada-muhalifler-erken-secim-talebinde-bulundu_a82ad27.jpg?fit=1000%2C666","jetpack_sharing_enabled":true,"jetpack_shortlink":"https:\/\/wp.me\/paKIfm-M0L","_links":{"self":[{"href":"http:\/\/www.tvturk.com\/index.php\/wp-json\/wp\/v2\/posts\/184559","targetHints":{"allow":["GET"]}}],"collection":[{"href":"http:\/\/www.tvturk.com\/index.php\/wp-json\/wp\/v2\/posts"}],"about":[{"href":"http:\/\/www.tvturk.com\/index.php\/wp-json\/wp\/v2\/types\/post"}],"author":[{"embeddable":true,"href":"http:\/\/www.tvturk.com\/index.php\/wp-json\/wp\/v2\/users\/1"}],"replies":[{"embeddable":true,"href":"http:\/\/www.tvturk.com\/index.php\/wp-json\/wp\/v2\/comments?post=184559"}],"version-history":[{"count":0,"href":"http:\/\/www.tvturk.com\/index.php\/wp-json\/wp\/v2\/posts\/184559\/revisions"}],"wp:featuredmedia":[{"embeddable":true,"href":"http:\/\/www.tvturk.com\/index.php\/wp-json\/wp\/v2\/media\/184560"}],"wp:attachment":[{"href":"http:\/\/www.tvturk.com\/index.php\/wp-json\/wp\/v2\/media?parent=184559"}],"wp:term":[{"taxonomy":"category","embeddable":true,"href":"http:\/\/www.tvturk.com\/index.php\/wp-json\/wp\/v2\/categories?post=184559"},{"taxonomy":"post_tag","embeddable":true,"href":"http:\/\/www.tvturk.com\/index.php\/wp-json\/wp\/v2\/tags?post=184559"}],"curies":[{"name":"wp","href":"https:\/\/api.w.org\/{rel}","templated":true}]}}