{"id":18456,"date":"2019-02-10T15:08:43","date_gmt":"2019-02-10T12:08:43","guid":{"rendered":"http:\/\/www.tvturk.com\/index.php\/izmirde-aranan-hirsizlik-suphelisi-kadin-kusadasindaki-son-isinin-ardindan-yakalandi\/"},"modified":"2019-02-10T15:08:43","modified_gmt":"2019-02-10T12:08:43","slug":"izmirde-aranan-hirsizlik-suphelisi-kadin-kusadasindaki-son-isinin-ardindan-yakalandi","status":"publish","type":"post","link":"http:\/\/www.tvturk.com\/index.php\/izmirde-aranan-hirsizlik-suphelisi-kadin-kusadasindaki-son-isinin-ardindan-yakalandi\/","title":{"rendered":"\u0130zmir\u2019de aranan h\u0131rs\u0131zl\u0131k \u015f\u00fcphelisi kad\u0131n Ku\u015fadas\u0131\u2019ndaki son i\u015finin ard\u0131ndan yakaland\u0131"},"content":{"rendered":"<p>AYDIN (\u0130HA) \u2013 \u0130zmir\u2019de kar\u0131\u015ft\u0131\u011f\u0131 h\u0131rs\u0131zl\u0131k su\u00e7u nedeniyle aranan ve Ku\u015fadas\u0131\u2019nda da bir h\u0131rs\u0131zl\u0131k olay\u0131na kar\u0131\u015ft\u0131\u011f\u0131 tespit edilen kad\u0131n \u015f\u00fcpheli, polisin takibi sonucu yakalanarak cezaevine g\u00f6nderildi.<\/p>\n<p>Edinilen bilgiye g\u00f6re; Ku\u015fadas\u0131 Camikebir Mahallesi \u0130n\u00f6n\u00fc Bulvar\u0131 \u00fczerinde bulunan bir i\u015f yerinde meydana gelen i\u015f yerinden h\u0131rs\u0131zl\u0131k olay\u0131 sonras\u0131 Ku\u015fadas\u0131 \u0130l\u00e7e Emniyet M\u00fcd\u00fcrl\u00fc\u011f\u00fc Asayi\u015f B\u00fcro Amirli\u011fi ekiplerince yap\u0131lan g\u00fcvenlik kamera g\u00f6r\u00fcnt\u00fcleri ile teknik incelemeler sonucunda h\u0131rs\u0131zl\u0131k olay\u0131n\u0131n \u015f\u00fcphelisi K. T.  isimli kad\u0131n \u015f\u00fcpheli, Alacamescit Mahallesi Zafer Sokak \u00fczerinde yakalanarak g\u00f6zalt\u0131na al\u0131nd\u0131.<\/p>\n<p>\u015e\u00fcphelinin yap\u0131lan GBT sorgulamas\u0131nda \u0130zmir B\u00f6lge Adliye Mahkemesi 7. Ceza Dairesi taraf\u0131ndan &#8220;Bina i\u00e7inde muhafaza alt\u0131na al\u0131nm\u0131\u015f olan e\u015fya hakk\u0131nda h\u0131rs\u0131zl\u0131k&#8221; ile Ku\u015fadas\u0131 \u0130lamat ve \u0130nfaz B\u00fcrosunca &#8220;Basit Yaralama&#8221;  su\u00e7undan arand\u0131\u011f\u0131 tespit edildi. Emniyetteki i\u015flemlerinin ard\u0131ndan adli makamlara sevk edilen K.T., sorgusunun ard\u0131ndan \u00e7\u0131kar\u0131ld\u0131\u011f\u0131 mahkeme taraf\u0131ndan tutuklanarak cezaevine g\u00f6nderildi.<\/p>\n","protected":false},"excerpt":{"rendered":"<p>\u0130ZM\u0130R\u2019DE KARI\u015eTI\u011eI HIRSIZLIK SU\u00c7U NEDEN\u0130YLE ARANAN VE KU\u015eADASI\u2019NDA DA B\u0130R HIRSIZLIK OLAYINA KARI\u015eTI\u011eI TESP\u0130T ED\u0130LEN KADIN \u015e\u00dcPHEL\u0130, POL\u0130S\u0130N TAK\u0130B\u0130 SONUCU YAKALANARAK CEZAEV\u0130NE G\u00d6NDER\u0130LD\u0130.<\/p>\n","protected":false},"author":1,"featured_media":18457,"comment_status":"closed","ping_status":"open","sticky":false,"template":"","format":"standard","meta":{"jetpack_post_was_ever_published":false,"_jetpack_newsletter_access":"","_jetpack_dont_email_post_to_subs":false,"_jetpack_newsletter_tier_id":0,"_jetpack_memberships_contains_paywalled_content":false,"_jetpack_memberships_contains_paid_content":false,"footnotes":"","jetpack_publicize_message":"","jetpack_publicize_feature_enabled":true,"jetpack_social_post_already_shared":false,"jetpack_social_options":{"image_generator_settings":{"template":"highway","default_image_id":0,"font":"","enabled":false},"version":2}},"categories":[655],"tags":[1861,3469,1372,8404,1554,108,8403,1240,1894,1010],"class_list":["post-18456","post","type-post","status-publish","format-standard","has-post-thumbnail","hentry","category-son-dakika","tag-aranan","tag-ardindan","tag-hirsizlik","tag-isinin","tag-izmirde","tag-kadin","tag-kusadasindaki","tag-son","tag-suphelisi","tag-yakalandi"],"jetpack_publicize_connections":[],"jetpack_featured_media_url":"https:\/\/i0.wp.com\/www.tvturk.com\/wp-content\/uploads\/2019\/02\/izmirde-aranan-hirsizlik-suphelisi-kadin-kusadasindaki-son-isinin-ardindan-yakalandi_ead94f5.jpg?fit=633%2C1000","jetpack_sharing_enabled":true,"jetpack_shortlink":"https:\/\/wp.me\/paKIfm-4NG","_links":{"self":[{"href":"http:\/\/www.tvturk.com\/index.php\/wp-json\/wp\/v2\/posts\/18456","targetHints":{"allow":["GET"]}}],"collection":[{"href":"http:\/\/www.tvturk.com\/index.php\/wp-json\/wp\/v2\/posts"}],"about":[{"href":"http:\/\/www.tvturk.com\/index.php\/wp-json\/wp\/v2\/types\/post"}],"author":[{"embeddable":true,"href":"http:\/\/www.tvturk.com\/index.php\/wp-json\/wp\/v2\/users\/1"}],"replies":[{"embeddable":true,"href":"http:\/\/www.tvturk.com\/index.php\/wp-json\/wp\/v2\/comments?post=18456"}],"version-history":[{"count":0,"href":"http:\/\/www.tvturk.com\/index.php\/wp-json\/wp\/v2\/posts\/18456\/revisions"}],"wp:featuredmedia":[{"embeddable":true,"href":"http:\/\/www.tvturk.com\/index.php\/wp-json\/wp\/v2\/media\/18457"}],"wp:attachment":[{"href":"http:\/\/www.tvturk.com\/index.php\/wp-json\/wp\/v2\/media?parent=18456"}],"wp:term":[{"taxonomy":"category","embeddable":true,"href":"http:\/\/www.tvturk.com\/index.php\/wp-json\/wp\/v2\/categories?post=18456"},{"taxonomy":"post_tag","embeddable":true,"href":"http:\/\/www.tvturk.com\/index.php\/wp-json\/wp\/v2\/tags?post=18456"}],"curies":[{"name":"wp","href":"https:\/\/api.w.org\/{rel}","templated":true}]}}