{"id":184577,"date":"2019-07-20T21:01:48","date_gmt":"2019-07-20T18:01:48","guid":{"rendered":"http:\/\/www.tvturk.com\/index.php\/emniyet-genel-muduru-aktas-gorevi-teslim-aldi\/"},"modified":"2019-07-20T21:01:48","modified_gmt":"2019-07-20T18:01:48","slug":"emniyet-genel-muduru-aktas-gorevi-teslim-aldi","status":"publish","type":"post","link":"http:\/\/www.tvturk.com\/index.php\/emniyet-genel-muduru-aktas-gorevi-teslim-aldi\/","title":{"rendered":"Emniyet Genel M\u00fcd\u00fcr\u00fc Akta\u015f g\u00f6revi teslim ald\u0131"},"content":{"rendered":"<p>ANKARA (\u0130HA) \u2013 Emniyet Genel M\u00fcd\u00fcrl\u00fc\u011f\u00fc g\u00f6revine atanan Mehmet Akta\u015f g\u00f6revi devrald\u0131.<\/p>\n<p>Yeni Emniyet Genel M\u00fcd\u00fcr\u00fc \u015e\u0131rnak Valisi Mehmet Akta\u015f, Celal Uzun Kaya\u2019dan g\u00f6revi teslim ald\u0131.   Akta\u015f\u2019a yeni g\u00f6revinde ba\u015far\u0131lar dileyen eski Emniyet M\u00fcd\u00fcr\u00fc Celal Uzunkaya, \u201d\u00c7ok de\u011ferli \u015e\u0131rnak Valimize Emniyet Genel M\u00fcd\u00fcrl\u00fc\u011f\u00fc g\u00f6revini devrini yap\u0131yoruz. Bu m\u00fctevazi devir teslim t\u00f6reni m\u00fcnasebetiyle ben \u00f6ncelikle yeni Genel M\u00fcd\u00fcr\u00fcm\u00fcze Emniyet te\u015fkilat\u0131 saflar\u0131nda \u00f6nc\u00fc olarak ifa edece\u011fi g\u00f6revinde ba\u015far\u0131lar diliyorum. Her zaman ifade ettik bu t\u00fcr g\u00f6revler bir bayrak teslimi gibi elden ele devir edilen bir hizmet yar\u0131\u015fmas\u0131d\u0131r. Dolas\u0131yla biz bizden \u00f6nce g\u00f6revi devir ald\u0131\u011f\u0131m\u0131z gibi bug\u00fcn g\u00f6revi devir alan yeni Genel M\u00fcd\u00fcr\u00fcm\u00fcz bu bayra\u011f\u0131 inan\u0131yorum ki ayn\u0131 heyecanla \u015fevkle daha yukar\u0131lara ta\u015f\u0131mak suretiyle, \u00fclkemize milletimize \u00e7ok kaliteli g\u00fcvenlik hizmeti verilmesinde rol oynayacaklard\u0131r\u201d \u015feklinde konu\u015ftu.<\/p>\n<p>Ter\u00f6r \u00f6rg\u00fctleriyle m\u00fccadelenin \u00f6ncelikli oldu\u011funu belirten yeni Emniyet Genel M\u00fcd\u00fcr\u00fc Mehmet Akta\u015f, \u201dEmniyet te\u015fkilat\u0131m\u0131z 300 bine a\u015fk\u0131n personeliyle gece g\u00fcnd\u00fcz demeden g\u00fcn\u00fcn her saati her an\u0131nda insan\u0131m\u0131z\u0131n can ve mal g\u00fcvenli\u011fi i\u00e7in huzur i\u00e7in canla ba\u015fla m\u00fccadele eden \u00fclkemizin g\u00f6z bebe\u011fi kurulu\u015flar\u0131ndan bir tanesidir. Ben bu kurulu\u015fun genel m\u00fcd\u00fcr\u00fc olarak atanm\u0131\u015f olmaktan duydu\u011fum memnuniyeti mutlulu\u011fu ve onuru da ifade etmek istiyorum. Say\u0131n Cumhurba\u015fkan\u0131m\u0131za hassas g\u00f6revi \u015fahs\u0131ma tevri ettikleri i\u00e7inde \u015f\u00fckranlar\u0131m\u0131 sunuyorum. FET\u00d6, PKK, DAE\u015e gibi ter\u00f6r \u00f6rg\u00fctleriyle \u00e7ok etkin bir m\u00fccadele en \u00f6ncelikli g\u00f6revimiz olacakt\u0131r. Her t\u00fcrl\u00fc ka\u00e7ak\u00e7\u0131l\u0131k ve m\u00fccadele \u00f6ncelikli olacakt\u0131r\u201d diye konu\u015ftu.<\/p>\n","protected":false},"excerpt":{"rendered":"<p>EMN\u0130YET GENEL M\u00dcD\u00dcRL\u00dc\u011e\u00dc G\u00d6REV\u0130NE ATANAN MEHMET AKTA\u015e G\u00d6REV\u0130 DEVRALDI.<\/p>\n","protected":false},"author":1,"featured_media":184578,"comment_status":"closed","ping_status":"open","sticky":false,"template":"","format":"standard","meta":{"jetpack_post_was_ever_published":false,"_jetpack_newsletter_access":"","_jetpack_dont_email_post_to_subs":false,"_jetpack_newsletter_tier_id":0,"_jetpack_memberships_contains_paywalled_content":false,"_jetpack_memberships_contains_paid_content":false,"footnotes":"","jetpack_publicize_message":"","jetpack_publicize_feature_enabled":true,"jetpack_social_post_already_shared":true,"jetpack_social_options":{"image_generator_settings":{"template":"highway","default_image_id":0,"font":"","enabled":false},"version":2}},"categories":[1],"tags":[2369,1075,253,869,21860,254,169],"class_list":["post-184577","post","type-post","status-publish","format-standard","has-post-thumbnail","hentry","category-genel","tag-aktas","tag-aldi","tag-emniyet","tag-genel","tag-gorevi","tag-muduru","tag-teslim"],"jetpack_publicize_connections":[],"jetpack_featured_media_url":"https:\/\/i0.wp.com\/www.tvturk.com\/wp-content\/uploads\/2019\/07\/emniyet-genel-muduru-aktas-gorevi-teslim-aldi_d4786c3.jpg?fit=1000%2C666","jetpack_sharing_enabled":true,"jetpack_shortlink":"https:\/\/wp.me\/paKIfm-M13","_links":{"self":[{"href":"http:\/\/www.tvturk.com\/index.php\/wp-json\/wp\/v2\/posts\/184577","targetHints":{"allow":["GET"]}}],"collection":[{"href":"http:\/\/www.tvturk.com\/index.php\/wp-json\/wp\/v2\/posts"}],"about":[{"href":"http:\/\/www.tvturk.com\/index.php\/wp-json\/wp\/v2\/types\/post"}],"author":[{"embeddable":true,"href":"http:\/\/www.tvturk.com\/index.php\/wp-json\/wp\/v2\/users\/1"}],"replies":[{"embeddable":true,"href":"http:\/\/www.tvturk.com\/index.php\/wp-json\/wp\/v2\/comments?post=184577"}],"version-history":[{"count":0,"href":"http:\/\/www.tvturk.com\/index.php\/wp-json\/wp\/v2\/posts\/184577\/revisions"}],"wp:featuredmedia":[{"embeddable":true,"href":"http:\/\/www.tvturk.com\/index.php\/wp-json\/wp\/v2\/media\/184578"}],"wp:attachment":[{"href":"http:\/\/www.tvturk.com\/index.php\/wp-json\/wp\/v2\/media?parent=184577"}],"wp:term":[{"taxonomy":"category","embeddable":true,"href":"http:\/\/www.tvturk.com\/index.php\/wp-json\/wp\/v2\/categories?post=184577"},{"taxonomy":"post_tag","embeddable":true,"href":"http:\/\/www.tvturk.com\/index.php\/wp-json\/wp\/v2\/tags?post=184577"}],"curies":[{"name":"wp","href":"https:\/\/api.w.org\/{rel}","templated":true}]}}