{"id":184649,"date":"2019-07-21T11:16:34","date_gmt":"2019-07-21T08:16:34","guid":{"rendered":"http:\/\/www.tvturk.com\/index.php\/tesk-genel-baskani-palandoken-kor-bicak-ve-sahte-kasaplardan-uzak-durun\/"},"modified":"2019-07-21T11:16:34","modified_gmt":"2019-07-21T08:16:34","slug":"tesk-genel-baskani-palandoken-kor-bicak-ve-sahte-kasaplardan-uzak-durun","status":"publish","type":"post","link":"http:\/\/www.tvturk.com\/index.php\/tesk-genel-baskani-palandoken-kor-bicak-ve-sahte-kasaplardan-uzak-durun\/","title":{"rendered":"TESK Genel Ba\u015fkan\u0131 Paland\u00f6ken: \u201cK\u00f6r b\u0131\u00e7ak ve sahte kasaplardan uzak durun\u201d"},"content":{"rendered":"<p>TESK Genel Ba\u015fkan\u0131 Bendevi Paland\u00f6ken, kurban derilerinin k\u00f6r b\u0131\u00e7akla kesilmemesi gerekti\u011fini belirterek, \u201cHam deri sanayimizin ihtiyac\u0131n\u0131n y\u00fczde 20\u2019sini kurban derileri kar\u015f\u0131l\u0131yor. Bu y\u00fczden vatanda\u015flar\u0131m\u0131z k\u00f6r, kalitesiz, \u00c7in mal\u0131 b\u0131\u00e7aklarla kurban\u0131n\u0131 kesmemeli, derileri ziyan etmemeli. Derilerin ve kurban\u0131n ziyan olmamas\u0131 i\u00e7in bununla birlikte sahte kasaplara de\u011fil kasap esnaf\u0131m\u0131za g\u00fcvenilmeli\u201d dedi.<\/p>\n<p>Deri sanayinin y\u00fczde 80\u2019inin ithal derilerden olu\u015ftu\u011funu hat\u0131rlatan T\u00fcrkiye Esnaf ve Sanatk\u00e2rlar Konfederasyonu (TESK) Genel Ba\u015fkan\u0131 Bendevi Paland\u00f6ken, \u201cKurban Bayram\u0131 yakla\u015f\u0131rken, kurban derilerinin ekonomimize katk\u0131s\u0131n\u0131 hat\u0131rlatmak gerekiyor. Her y\u0131l Kurban Bayram\u2019\u0131nda ortalama 900 bin b\u00fcy\u00fckba\u015f ve 2 milyonun \u00fczerinde k\u00fc\u00e7\u00fckba\u015f hayvan kesilirken, deri sanayimizin ise 6,5 milyon b\u00fcy\u00fckba\u015f hayvana ve 60 milyon k\u00fc\u00e7\u00fckba\u015f hayvan derisine ihtiyac\u0131 oluyor. Yani kurban derileri, deri sanayimizin ihtiyac\u0131 olan ham derinin y\u00fczde 20\u2019sini kar\u015f\u0131l\u0131yor. Dolay\u0131s\u0131yla y\u00fczde 80\u2019i ithalattan olu\u015fan bu sekt\u00f6rde kurban derilerinin \u00f6nemi \u00e7ok b\u00fcy\u00fck. Deri i\u015fletmeleri derileri i\u015fleyerek yerli \u00fcreticilerimize, onlar da ayakkab\u0131 \u00e7anta c\u00fczdan gibi \u00fcr\u00fcnler yaparak yabanc\u0131 \u00fclkelere sat\u0131yor. B\u00f6ylelikle \u00fclkemize ihracatla birlikte d\u00f6viz girdisi sa\u011flan\u0131yor\u201d \u015feklinde konu\u015ftu.<\/p>\n<p>\u201cKurban derilerini k\u00f6r b\u0131\u00e7akla ziyan etmeyelim\u201d<\/p>\n<p>Kaliteli ve yerli b\u0131\u00e7ak kullan\u0131m\u0131n\u0131n kurban\u0131 ziyan etmeme konusunda \u00e7ok \u00f6nemli oldu\u011funa dikkati \u00e7eken Paland\u00f6ken, \u201cKurban derilerinin ekonomimize ve deri sanayimize hi\u00e7 ziyan olmadan kazand\u0131r\u0131lmas\u0131 gerekiyor. Bunun i\u00e7in de en \u00f6nemli noktalardan biri keskin ve kaliteli b\u0131\u00e7ak kullan\u0131lmas\u0131. Denizli\u2019nin Yata\u011fan Mahallesi, Trabzon\u2019un S\u00fcrmene il\u00e7esi gibi \u00fclkemizin bir\u00e7ok noktas\u0131nda b\u0131\u00e7ak ustalar\u0131 \u00fcn yapm\u0131\u015f, babadan o\u011fula halen bu \u00fcn\u00fcn\u00fc ve \u00fcr\u00fcn kalitesini koruyor. Uzakdo\u011fu \u00fclkelerinden ithal edilen ucuz, kalitesiz, fabrikasyon \u00fcretimler yerine yerli ve kaliteli b\u0131\u00e7aklar\u0131m\u0131z tercih edilmeli. B\u0131\u00e7akta kaliteli ve ustal\u0131\u011f\u0131 el i\u015f\u00e7ili\u011fi kadar hi\u00e7bir \u00fcretim veremiyor. Bunun yan\u0131 s\u0131ra bilin\u00e7li kesim, serin bir yer olmak kayd\u0131yla saklama ko\u015fullar\u0131, 2 saat i\u00e7inde tuzlama yap\u0131lmas\u0131 gibi noktalar da kurban\u0131n ve kurban derisinin ziyan olmamas\u0131n\u0131 sa\u011flayacakt\u0131r. Ayr\u0131ca kendini kasap diye tan\u0131tan sahte kasaplar de\u011fil, vergisini veren, i\u015finin ehli olan kasap esnaf\u0131m\u0131z tercih edilmelidir\u201d ifadelerini kulland\u0131.<\/p>\n","protected":false},"excerpt":{"rendered":"<p>KURBAN DER\u0130LER\u0130N\u0130N K\u00d6R BI\u00c7AKLA KES\u0130LMEMES\u0130 GEREKT\u0130\u011e\u0130N\u0130 VURGULAYAN TESK GENEL BA\u015eKANI BENDEV\u0130 PALAND\u00d6KEN, \u201cHAM DER\u0130 SANAY\u0130M\u0130Z\u0130N \u0130HT\u0130YACININ Y\u00dcZDE 20\u2019S\u0130N\u0130 KURBAN DER\u0130LER\u0130 KAR\u015eILIYOR. BU Y\u00dcZDEN VATANDA\u015eLARIMIZ K\u00d6R, KAL\u0130TES\u0130Z, \u00c7\u0130N MALI BI\u00c7AKLARLA KURBANINI KESMEMEL\u0130, DER\u0130LER\u0130 Z\u0130YAN ETMEMEL\u0130\u201d DED\u0130.<\/p>\n","protected":false},"author":1,"featured_media":184650,"comment_status":"closed","ping_status":"open","sticky":false,"template":"","format":"standard","meta":{"jetpack_post_was_ever_published":false,"_jetpack_newsletter_access":"","_jetpack_dont_email_post_to_subs":false,"_jetpack_newsletter_tier_id":0,"_jetpack_memberships_contains_paywalled_content":false,"_jetpack_memberships_contains_paid_content":false,"footnotes":"","jetpack_publicize_message":"","jetpack_publicize_feature_enabled":true,"jetpack_social_post_already_shared":true,"jetpack_social_options":{"image_generator_settings":{"template":"highway","default_image_id":0,"font":"","enabled":false},"version":2}},"categories":[1],"tags":[216,17872,26208,869,45734,22368,8073,875,12357,2302],"class_list":["post-184649","post","type-post","status-publish","format-standard","has-post-thumbnail","hentry","category-genel","tag-baskani","tag-bicak","tag-durun","tag-genel","tag-kasaplardan","tag-kor","tag-palandoken","tag-sahte","tag-tesk","tag-uzak"],"jetpack_publicize_connections":[],"jetpack_featured_media_url":"https:\/\/i0.wp.com\/www.tvturk.com\/wp-content\/uploads\/2019\/07\/tesk-genel-baskani-palandoken-kor-bicak-ve-sahte-kasaplardan-uzak-durun_04d189d.jpg?fit=1000%2C668","jetpack_sharing_enabled":true,"jetpack_shortlink":"https:\/\/wp.me\/paKIfm-M2d","_links":{"self":[{"href":"http:\/\/www.tvturk.com\/index.php\/wp-json\/wp\/v2\/posts\/184649","targetHints":{"allow":["GET"]}}],"collection":[{"href":"http:\/\/www.tvturk.com\/index.php\/wp-json\/wp\/v2\/posts"}],"about":[{"href":"http:\/\/www.tvturk.com\/index.php\/wp-json\/wp\/v2\/types\/post"}],"author":[{"embeddable":true,"href":"http:\/\/www.tvturk.com\/index.php\/wp-json\/wp\/v2\/users\/1"}],"replies":[{"embeddable":true,"href":"http:\/\/www.tvturk.com\/index.php\/wp-json\/wp\/v2\/comments?post=184649"}],"version-history":[{"count":0,"href":"http:\/\/www.tvturk.com\/index.php\/wp-json\/wp\/v2\/posts\/184649\/revisions"}],"wp:featuredmedia":[{"embeddable":true,"href":"http:\/\/www.tvturk.com\/index.php\/wp-json\/wp\/v2\/media\/184650"}],"wp:attachment":[{"href":"http:\/\/www.tvturk.com\/index.php\/wp-json\/wp\/v2\/media?parent=184649"}],"wp:term":[{"taxonomy":"category","embeddable":true,"href":"http:\/\/www.tvturk.com\/index.php\/wp-json\/wp\/v2\/categories?post=184649"},{"taxonomy":"post_tag","embeddable":true,"href":"http:\/\/www.tvturk.com\/index.php\/wp-json\/wp\/v2\/tags?post=184649"}],"curies":[{"name":"wp","href":"https:\/\/api.w.org\/{rel}","templated":true}]}}