{"id":184655,"date":"2019-07-21T11:16:59","date_gmt":"2019-07-21T08:16:59","guid":{"rendered":"http:\/\/www.tvturk.com\/index.php\/ordu-buyuksehir-belediyesi-ordu-bedensel-engelliler-basketbol-takimi-ana-sponsoru-oldu\/"},"modified":"2019-07-21T11:16:59","modified_gmt":"2019-07-21T08:16:59","slug":"ordu-buyuksehir-belediyesi-ordu-bedensel-engelliler-basketbol-takimi-ana-sponsoru-oldu","status":"publish","type":"post","link":"http:\/\/www.tvturk.com\/index.php\/ordu-buyuksehir-belediyesi-ordu-bedensel-engelliler-basketbol-takimi-ana-sponsoru-oldu\/","title":{"rendered":"Ordu B\u00fcy\u00fck\u015fehir Belediyesi, Ordu Bedensel Engelliler Basketbol tak\u0131m\u0131 ana sponsoru oldu"},"content":{"rendered":"<p>Ordu B\u00fcy\u00fck\u015fehir Belediyesi, T\u00fcrkiye\u2019ye \u00f6rnek olacak bir ad\u0131m atarak halen Alt\u0131nordu Belediyesi b\u00fcnyesinde bulunan Bedensel Engelliler Basketbol Tak\u0131m\u0131n\u0131n ana sponsoru oldu.<\/p>\n<p>2014-2015 sezonu ba\u015f\u0131nda Alt\u0131nordu Belediyespor b\u00fcnyesine al\u0131nan ve b\u00fcy\u00fck bir ba\u015far\u0131 g\u00f6stererek S\u00fcper Lig\u2019e kadar y\u00fckselen Bedensel Engelliler Basketbol Tak\u0131m\u0131, bundan sonra Ordu B\u00fcy\u00fck\u015fehir Belediyesi markas\u0131 alt\u0131nda faaliyet g\u00f6sterecek. Konuyla ilgili a\u00e7\u0131klama yapan Ordu B\u00fcy\u00fck\u015fehir Belediye Ba\u015fkan\u0131 Dr. Mehmet Hilmi G\u00fcler, T\u00fcrkiye Bedensel Engelliler Basketbol S\u00fcper Ligi\u2019nde m\u00fccadele eden Bedensel Engelliler Basketbol Tak\u0131m\u0131na ana sponsor olduklar\u0131n\u0131 ve kendi b\u00fcnyelerine ald\u0131klar\u0131n\u0131 a\u00e7\u0131klad\u0131. G\u00fcler, &#8220;Engelli karde\u015flerimizden olu\u015fan basketbol tak\u0131m\u0131m\u0131z\u0131n bir engelsizlik m\u00fccadelesi verdi\u011fi, \u00f6zellikle de toplumdaki var olu\u015f felsefesi gere\u011fi parke \u00fczerinde temsil etmeyi sa\u011flad\u0131klar\u0131 i\u00e7in onlara te\u015fekk\u00fcr ediyoruz&#8221; \u015feklinde konu\u015ftu.<\/p>\n<p>Oyuncular\u0131n daha iyi \u015fartlara kavu\u015fmas\u0131 ve ba\u015far\u0131yla m\u00fccadele etmesi i\u00e7in tak\u0131m\u0131 Ordu B\u00fcy\u00fck\u015fehir Belediyesi b\u00fcnyesine ald\u0131klar\u0131n\u0131 belirten Ba\u015fkan G\u00fcler, &#8220;Engelli karde\u015flerimizin sportif alanda ve \u00f6zellikle basketbol bran\u015f\u0131nda g\u00f6sterdikleri gayret ve m\u00fccadele ile ger\u00e7ekten takdir ediyorum. Tak\u0131m\u0131m\u0131z\u0131n her oyuncusu g\u00f6nl\u00fcn\u00fc ortaya koyarak insan \u00fcst\u00fc bir m\u00fccadele ortaya koyuyor. Onlar\u0131n bu m\u00fccadelesine destek vermek ve katk\u0131da bulunmak i\u00e7in elimizden gelen her \u015feyi yapaca\u011f\u0131z&#8221; a\u00e7\u0131klamas\u0131n\u0131 yapt\u0131.<\/p>\n","protected":false},"excerpt":{"rendered":"<p>2014-2015 SEZONU BA\u015eINDA ALTINORDU BELED\u0130YESPOR B\u00dcNYES\u0130NE ALINAN VE B\u00dcY\u00dcK B\u0130R BA\u015eARI G\u00d6STEREREK S\u00dcPER L\u0130G\u2019E KADAR Y\u00dcKSELEN BEDENSEL ENGELL\u0130LER BASKETBOL TAKIMI, BUNDAN SONRA ORDU B\u00dcY\u00dcK\u015eEH\u0130R BELED\u0130YES\u0130 MARKASI ALTINDA FAAL\u0130YET G\u00d6STERECEK.<\/p>\n","protected":false},"author":1,"featured_media":184656,"comment_status":"closed","ping_status":"open","sticky":false,"template":"","format":"standard","meta":{"jetpack_post_was_ever_published":false,"_jetpack_newsletter_access":"","_jetpack_dont_email_post_to_subs":false,"_jetpack_newsletter_tier_id":0,"_jetpack_memberships_contains_paywalled_content":false,"_jetpack_memberships_contains_paid_content":false,"footnotes":"","jetpack_publicize_message":"","jetpack_publicize_feature_enabled":true,"jetpack_social_post_already_shared":true,"jetpack_social_options":{"image_generator_settings":{"template":"highway","default_image_id":0,"font":"","enabled":false},"version":2}},"categories":[657],"tags":[3984,3879,14237,383,191,4760,77,10801,6118,1462],"class_list":["post-184655","post","type-post","status-publish","format-standard","has-post-thumbnail","hentry","category-spor","tag-ana","tag-basketbol","tag-bedensel","tag-belediyesi","tag-buyuksehir","tag-engelliler","tag-oldu","tag-ordu","tag-sponsoru","tag-takimi"],"jetpack_publicize_connections":[],"jetpack_featured_media_url":"https:\/\/i0.wp.com\/www.tvturk.com\/wp-content\/uploads\/2019\/07\/ordu-buyuksehir-belediyesi-ordu-bedensel-engelliler-basketbol-takimi-ana-sponsoru-oldu_6372cfd.jpg?fit=1000%2C657","jetpack_sharing_enabled":true,"jetpack_shortlink":"https:\/\/wp.me\/paKIfm-M2j","_links":{"self":[{"href":"http:\/\/www.tvturk.com\/index.php\/wp-json\/wp\/v2\/posts\/184655","targetHints":{"allow":["GET"]}}],"collection":[{"href":"http:\/\/www.tvturk.com\/index.php\/wp-json\/wp\/v2\/posts"}],"about":[{"href":"http:\/\/www.tvturk.com\/index.php\/wp-json\/wp\/v2\/types\/post"}],"author":[{"embeddable":true,"href":"http:\/\/www.tvturk.com\/index.php\/wp-json\/wp\/v2\/users\/1"}],"replies":[{"embeddable":true,"href":"http:\/\/www.tvturk.com\/index.php\/wp-json\/wp\/v2\/comments?post=184655"}],"version-history":[{"count":0,"href":"http:\/\/www.tvturk.com\/index.php\/wp-json\/wp\/v2\/posts\/184655\/revisions"}],"wp:featuredmedia":[{"embeddable":true,"href":"http:\/\/www.tvturk.com\/index.php\/wp-json\/wp\/v2\/media\/184656"}],"wp:attachment":[{"href":"http:\/\/www.tvturk.com\/index.php\/wp-json\/wp\/v2\/media?parent=184655"}],"wp:term":[{"taxonomy":"category","embeddable":true,"href":"http:\/\/www.tvturk.com\/index.php\/wp-json\/wp\/v2\/categories?post=184655"},{"taxonomy":"post_tag","embeddable":true,"href":"http:\/\/www.tvturk.com\/index.php\/wp-json\/wp\/v2\/tags?post=184655"}],"curies":[{"name":"wp","href":"https:\/\/api.w.org\/{rel}","templated":true}]}}