{"id":184679,"date":"2019-07-21T11:47:02","date_gmt":"2019-07-21T08:47:02","guid":{"rendered":"http:\/\/www.tvturk.com\/index.php\/agaoglu-futbolcu-satarak-para-kazanacagimiz-sezon-bu-sezon-degil\/"},"modified":"2019-07-21T11:47:02","modified_gmt":"2019-07-21T08:47:02","slug":"agaoglu-futbolcu-satarak-para-kazanacagimiz-sezon-bu-sezon-degil","status":"publish","type":"post","link":"http:\/\/www.tvturk.com\/index.php\/agaoglu-futbolcu-satarak-para-kazanacagimiz-sezon-bu-sezon-degil\/","title":{"rendered":"A\u011fao\u011flu: \u201cFutbolcu satarak para kazanaca\u011f\u0131m\u0131z sezon bu sezon de\u011fil\u201d"},"content":{"rendered":"<p>Trabzonspor Ba\u015fkan\u0131 Ahmet A\u011fao\u011flu, futbolcu satarak para kazanacaklar\u0131 y\u0131l\u0131n bu sezon olmad\u0131\u011f\u0131n\u0131 s\u00f6yledi.<\/p>\n<p>Trabzonspor Kul\u00fcp Ba\u015fkan\u0131 Ahmet A\u011fao\u011flu, bordo-mavili tak\u0131m\u0131n Avusturya\u2019n\u0131n Linz \u015fehri, Badzel kasabas\u0131nda ger\u00e7ekle\u015ftirdi\u011fi yeni sezon haz\u0131rl\u0131klar\u0131 s\u0131ras\u0131nda bas\u0131n mensuplar\u0131na a\u00e7\u0131klamalarda bulundu. Bordo-mavili taraftarlarla da bir araya gelerek sohbet eden A\u011fao\u011flu, m\u00fcmk\u00fcn oldu\u011funca bu sene tak\u0131mla birlikte olmak i\u00e7in gayret sarf etti\u011fini belirterek, \u201cM\u00fcmk\u00fcn oldu\u011funca bu sene tak\u0131mla birlikte olmak i\u00e7in gayret sarf ediyorum. \u0130yi bir haz\u0131rl\u0131k ve kamp d\u00f6nemi ge\u00e7irerek memlekete d\u00f6nmek istiyoruz. Daha sonra da oynayaca\u011f\u0131m\u0131z UEFA ma\u00e7\u0131n\u0131 bekleyece\u011fiz\u201d dedi.<\/p>\n<p>&#8220;Herkes g\u00f6revini ruhunu katarak yap\u0131yor&#8221;<\/p>\n<p>Trabzonspor\u2019un sosyal medyada b\u00fcy\u00fck yank\u0131 uyand\u0131ran forma videosuna ili\u015fkin Ba\u015fkan Ahmet A\u011fao\u011flu \u015funlar\u0131 s\u00f6yledi: \u201cB\u00f6ylesine g\u00fczel bir \u00e7al\u0131\u015fmaya 3 milyon izlenme de yetmez. \u00d6zellikle son 1 senedir Trabzonspor Kul\u00fcb\u00fc\u2019nde herkes g\u00f6revini ruhunu katarak yap\u0131yor. Ben s\u00fcrekli bunu s\u00f6yl\u00fcyorum; biz b\u00fct\u00e7esi s\u0131n\u0131rl\u0131 olan bir tak\u0131m\u0131z. Di\u011fer tak\u0131mlar 4 harcarken bizim 1 harcayarak ayn\u0131 ba\u015far\u0131y\u0131 elde etmek i\u00e7in m\u00fccadele verdi\u011fimiz bir platformday\u0131z. O zaman bu aradaki 3\u2019\u00fc \u00e7ok farkl\u0131 bir \u015fekilde kapatmam\u0131z laz\u0131m bizim. \u0130\u015fte \u00f6nceki g\u00fcnk\u00fc yay\u0131nlad\u0131\u011f\u0131m\u0131z video bunu \u00e7ok a\u00e7\u0131k net olarak ortaya koyuyor. Bir kere \u00e7ok g\u00fczel, en ince detay\u0131na kadar d\u00fc\u015f\u00fcn\u00fcl\u00fcp haz\u0131rlanm\u0131\u015f. Y\u00fczbinler verseniz veya birka\u00e7 milyon verseniz b\u00f6yle bir videoyu haz\u0131rlay\u0131p bu g\u00f6r\u00fcn\u00fcrl\u00fc\u011f\u00fc ve bu ba\u015far\u0131y\u0131 elde edemezsiniz. 3-5 bin liraya mal olmu\u015f bir videodan bahsediyoruz. Ama orada bu i\u015fi yapan bizim medya ve sosyal medya b\u00f6l\u00fcm\u00fcndeki arkada\u015flar\u0131m\u0131z bu i\u015fin i\u00e7erisine ruhlar\u0131n\u0131 katm\u0131\u015flar. Ya\u015f\u0131yorlar yani. Onu yaparken onu ya\u015fayan insanlarla yola \u00e7\u0131karsan\u0131z i\u015fte o zaman ba\u015far\u0131l\u0131 olursunuz. O aradaki a\u00e7\u0131k ancak o \u015fekilde kapat\u0131r\u0131z. Ba\u015fkan\u0131yla, y\u00f6neticisiyle, malzemecisi, mas\u00f6r\u00fc, hocas\u0131 ve sahada m\u00fccadele eden oyuncusuyla, trib\u00fcndeki taraftar\u0131yla burada hep birlikte o g\u00f6revin bir par\u00e7as\u0131 olarak ve onu hissederek hareket etti\u011fimiz zaman i\u015fte o aradaki a\u00e7\u0131k ancak o zaman kapan\u0131r. Ama g\u00fczel bir mesajd\u0131. Ben de arkada\u015flar\u0131 bir kez daha kutluyorum. Geldi\u011fimizden beri \u00e7ok b\u00fcy\u00fck i\u015fler yap\u0131yorlar, \u00e7ok b\u00fcy\u00fck \u00f6zveri ile \u00e7al\u0131\u015f\u0131yorlar. Ama bu kadar \u00fcretken bir sosyal medya ekibi de herhalde sadece T\u00fcrkiye\u2019de de\u011fil Avrupa\u2019da hatta d\u00fcnyada zannediyorum ki \u00e7ok zor bulunur \u201difadelerini kulland\u0131.<\/p>\n<p>\u201cTrabzonspor\u2019un oyuncu satt\u0131\u011f\u0131 zaman para kazan bir kul\u00fcp haline gelmesi laz\u0131m\u201d<\/p>\n<p>Gen\u00e7 oyunculardan a\u011f\u0131rl\u0131kl\u0131 bir kadro yap\u0131lanmas\u0131ndaki hedeflerine ili\u015fkin bir soruyu da cevapland\u0131ran Ba\u015fkan Ahmet A\u011fao\u011flu, \u201cTabii ki hedef ba\u015far\u0131 ama bu ba\u015far\u0131n\u0131n s\u00fcrd\u00fcr\u00fclebilir olmas\u0131 i\u00e7in b\u00f6yle bir programa ihtiya\u00e7 var. Yani Trabzonspor \u00f6yle \u00e7ok b\u00fcy\u00fck b\u00fct\u00e7elerle y\u00f6netilen bir kul\u00fcp de\u011fil. Bizim gelirimiz de harcama limitimiz de belli. Asl\u0131nda b\u00fct\u00fcn kul\u00fcplerin belli. Yeni uygulamaya giren lisans talimat\u0131 ve Bankalar Birli\u011fi ile imzalam\u0131\u015f oldu\u011fumuz yeniden yap\u0131land\u0131rman\u0131n \u015fartlar\u0131 gere\u011fi Trabzonspor\u2019un bu seneki b\u00fct\u00e7esi 100 milyon lira. Yani a\u015fa\u011f\u0131-yukar\u0131 yan\u0131lm\u0131yorsam 13.5 milyon Euro\u2019ya geliyor. E\u011fer yan\u0131lm\u0131yorsam Be\u015fikta\u015f\u2019\u0131nki de yakla\u015f\u0131k 40 milyon Euro civar\u0131nda. \u00c7\u00fcnk\u00fc geliri neredeyse bizim 4-5 kat\u0131m\u0131z. Ayn\u0131 hedefe gidiyoruz fark\u0131ndaysan\u0131z. Zirveye gidiyoruz ben 13.5 ile, Be\u015fikta\u015f 40 ile, herhalde Fenerbah\u00e7e ve Galatasaray da ayn\u0131 olmas\u0131 laz\u0131m. \u00c7\u00fcnk\u00fc onlar\u0131n gelirleri de Be\u015fikta\u015f\u2019\u0131nkine e\u015fde\u011fer. Bu durumda siz al oradan 3 milyona, al buradan \u015fu kadara, zaten ge\u00e7mi\u015fteki a\u00e7\u0131\u011f\u0131 bu \u015fekilde kapatmaya \u00e7al\u0131\u015ft\u0131 kul\u00fcp. \u00d6yle bir uygulamayla ba\u015far\u0131n\u0131n gelmesi m\u00fcmk\u00fcn de\u011fil. O sadece devasa bir bor\u00e7lanmaya yol a\u00e7t\u0131. Ve kul\u00fcb\u00fc de ekonomik olarak zaten bir \u00e7\u0131kmaz\u0131n i\u00e7ine sokmu\u015ftu. Allah\u2019a \u015f\u00fck\u00fcr bug\u00fcn itibariyle ekonomiyi belirli \u00f6l\u00e7\u00fcde toparlad\u0131k. Bizim yapmam\u0131z gereken bu. Transfer etti\u011fimiz gen\u00e7 oyuncular hepsinin ya\u015flar\u0131na bakt\u0131\u011f\u0131n\u0131z zaman kariyerli ve yetenekli oyuncular. Bunlar sadece Trabzonspor\u2019un \u00f6n\u00fcm\u00fczdeki s\u00fcre\u00e7 i\u00e7erisinde performans olarak de\u011fil ayn\u0131 zamanda ekonomik olarak da de\u011fer katacak oyuncular. Bu taraf\u0131yla bak\u0131l\u0131rsa \u00e7ok daha sa\u011fl\u0131kl\u0131 bir bak\u0131\u015f a\u00e7\u0131s\u0131 olur. Ama bu tabi maliyeti \u00e7ok \u00f6nemli bir \u015fekilde a\u015fa\u011f\u0131ya \u00e7ekiyor. \u00d6rne\u011fin 2 y\u0131l sonra Trabzonspor\u2019un gelirlerinin artt\u0131\u011f\u0131 yerde kadromuza katt\u0131\u011f\u0131m\u0131z bu gen\u00e7lerimizle belki oyuncu maliyeti 10 milyon Euro\u2019nun alt\u0131na d\u00fc\u015fecek. Ve Trabzonspor oyuncu ald\u0131\u011f\u0131 zaman para kaybeden de\u011fil, oyuncu satt\u0131\u011f\u0131 zaman para kazanan bir kul\u00fcp haline gelmesi laz\u0131m. Bunun ba\u015fka yolu yok. Geldi\u011fimiz zaman birka\u00e7 ay sonra \u2018Projeleriniz neler\u2019 diye soruldu bize. Biz de orada, \u2018Buras\u0131 futbol kul\u00fcb\u00fc, gayrimenkul al\u0131p-sat\u0131p para kazan\u0131lmaz. Futbol kul\u00fcb\u00fc futboldan para kaz\u0131n\u0131r. Gayrimenkul sat, enerji i\u015fine gir Ben futbol tak\u0131m\u0131y\u0131m, oralardan da para kazan\u0131rs\u0131n ama Trabzonspor oralardan kazand\u0131\u011f\u0131 paralar\u0131 geldi futbolda bat\u0131rd\u0131. \u0130\u015fin tersli\u011fi burada. Ama d\u00f6n\u00fcyorsunuz di\u011fer taraftan bak\u0131yorsunuz Benfica futboldan ge\u00e7en sene 85 milyon Euro para kazanm\u0131\u015f. Onlar gayrimenkul de satm\u0131yor, enerji ya da turizm i\u015fine de girmiyorlar. \u0130\u015fleri futbol. Futbolcu al\u0131rken ya da satarken para kazan\u0131yorlar. Ayn\u0131 zamanda s\u00fcrekli zirve m\u00fccadelesi veriyorlar. \u015eampiyon oluyorlar, \u015fampiyonlar ligine gidiyorlar, final, yar\u0131 final oynuyorlar. Bir futbol tak\u0131m\u0131n\u0131n yapmas\u0131 gereken bu. Trabzonspor\u2019un da yapmas\u0131 gereken bu\u201d \u015feklinde konu\u015ftu.<\/p>\n<p>\u201cYap\u0131lan b\u00fct\u00fcn i\u015fler hesapl\u0131 kitapl\u0131 yap\u0131l\u0131yor\u201d<\/p>\n<p>Trabzonspor Kul\u00fcp Ba\u015fkan\u0131 Ahmet A\u011fao\u011flu, ge\u00e7ti\u011fimiz sezon tak\u0131m\u0131n ortaya koydu\u011fu performans ile bu sezon \u00e7\u0131tay\u0131 y\u00fckseltmesiyle ilgili soruya ise, \u201cTabii ki her zaman bir \u00f6ncekinin \u00fcst\u00fcne koyarak gitmek zorundas\u0131n\u0131z. Ama bir \u00f6ncekinin \u00fcst\u00fcne koyarak giderken \u00f6n\u00fcn\u00fcze de bakmak zorundas\u0131n\u0131z. Kafalar\u0131 yukar\u0131 kald\u0131r\u0131rsan\u0131z \u00f6n\u00fcndeki en ufak bir ta\u015f\u0131 g\u00f6rmedi mi insan Allah korusun aya\u011f\u0131n tak\u0131ld\u0131\u011f\u0131nda d\u00fc\u015fer kafan\u0131 yarars\u0131n. Yani yap\u0131lan b\u00fct\u00fcn i\u015fler hesapl\u0131-kitapl\u0131 yap\u0131l\u0131yor. Taraftar olarak bakt\u0131\u011f\u0131m\u0131z zaman taraftar Ahmet A\u011fao\u011flu 12 hafta s\u00fcren bir yenilmezlik serimiz vard\u0131. 9 galibiyet, 3 beraberlik 30 puan. Ben ba\u015flayacak olan sezonu 13. ma\u00e7 olarak g\u00f6r\u00fcyorum. Tabi sizinle birlikte zirve m\u00fccadelesi yapan 4-5, belki 6 tak\u0131m daha var. Kimin nas\u0131l bir performans g\u00f6sterece\u011fini, kimin \u015fansl\u0131, kimin \u015fanss\u0131z olaca\u011f\u0131n\u0131, saha i\u00e7i, saha d\u0131\u015f\u0131 fakt\u00f6rlerin nerede devreye girip nerede devreden \u00e7\u0131kaca\u011f\u0131n\u0131 \u015fimdiden kestirmek o kadar kolay de\u011fil. Ama biz b\u00fcy\u00fck bir ciddiyetle herkes g\u00f6revinin bilinci ve sorumlulu\u011fu ile hareket ederek, bu camiaya lay\u0131k bir tak\u0131m m\u00fccadelesi ortaya koymak i\u00e7in canla-ba\u015fla \u00e7al\u0131\u015f\u0131yor. \u0130n\u015fallah lay\u0131k oldu\u011fu en iyi yerde 2019-20 Cemil Usta Sezonunu, rahmetli kaptan\u0131m\u0131z\u0131n ad\u0131na yak\u0131\u015f\u0131r bir \u015fekilde tamamlamay\u0131 Allah nasip eder bize in\u015fallah\u201d dedi.<\/p>\n<p>\u201cFutbolcu satarak para kazanaca\u011f\u0131m\u0131z sezon bu sezon de\u011fil\u201d<\/p>\n<p>A\u011fao\u011flu, bu sezon oyuncu satarak para kazanacaklar\u0131 sezon olmad\u0131\u011f\u0131n\u0131 belirterek, \u201cBu oyunculardan hangisini satay\u0131m, nas\u0131l satay\u0131m. O kadar kolay bir \u015fey de\u011fil. Ama o para kazanaca\u011f\u0131m\u0131z sezon bu sezon de\u011fil onu s\u00f6yleyeyim. Yani futbolcu kazanarak para kazanaca\u011f\u0131m\u0131z sezon bu sezon de\u011fil. E\u011fer \u00f6yle olsayd\u0131 \u00e7ok enteresan bir hamle yapt\u0131k biz, Nwakaeme\u2019yi g\u00f6nderirdik. Serbest kalma maddesini kald\u0131rmak i\u00e7in farkl\u0131 bir uygulaman\u0131n i\u00e7erisine girdik. Bizim bu sene yapt\u0131\u011f\u0131m\u0131z \u015fey kadroyu muhafaza edip, kadromuzu g\u00fc\u00e7lendirip yolumuza devam etmek. Tak\u0131mda farkl\u0131 oyunculara da teklifler var. Ancak bizim tavr\u0131m\u0131z da belli oldu\u011fu i\u00e7in ve bunu da \u00e7ok a\u00e7\u0131k ve net olarak ifade etti\u011fimiz i\u00e7in son zamanlarda o say\u0131 baya\u011f\u0131 d\u00fc\u015fmeye ba\u015flad\u0131. D\u0131\u015far\u0131dan bakt\u0131klar\u0131 zaman, \u2018Bu deliyle u\u011fra\u015f\u0131lmaz\u2019 falan diyorlar herhalde d\u0131\u015far\u0131dan bakt\u0131klar\u0131 zaman. Onun i\u00e7in de \u00fczerimize fazla gelmiyorlar&#8221; s\u00f6zlerini sarf etti.<\/p>\n<p>A\u011fao\u011flu, gen\u00e7 oyuncu Salih Kavraz\u2019la ilgili konuyla Asba\u015fkan Mehmet Yi\u011fit Alp\u2019in ilgilendi\u011fini ve gerekli bilgilerin de ileride payla\u015f\u0131laca\u011f\u0131n\u0131 s\u00f6yledi.<\/p>\n<p>\u201c\u00d6n\u00fcm\u00fczdeki hafta forvet transferini \u00e7\u00f6zece\u011fiz\u201d<\/p>\n<p>Trabzonspor\u2019a al\u0131nacak forvetle ilgili b\u00fcy\u00fck mesafe kat ettiklerini belirterek, \u201cHerhalde \u00f6n\u00fcm\u00fczdeki hafta onu hallederiz. Epey bir mesafe kat ettik o konuda. \u015eimdilik o kadar\u0131n\u0131 s\u00f6yleyeyim. \u00d6n\u00fcm\u00fczdeki hafta i\u00e7erisinde b\u00fcy\u00fck bir ihtimalle bitirece\u011fiz. O konuyla alakal\u0131 olarak pazartesi &#8211; sal\u0131 \u00e7ok yo\u011fun ge\u00e7ecek. \u00c7ar\u015famba in\u015fallah d\u00fc\u011f\u00fcm\u00fc atar\u0131z diye d\u00fc\u015f\u00fcn\u00fcyorum. \u0130n\u015fallah bir aksilik olmaz. Campi transferini \u00f6rnek vereyim. Herkes \u00fczerimize geldi. Stoper, stoper, stoper, bekleyin, bizim bir \u00f6denecek oyuncuya 3 verecek param\u0131z yok. Bir liraya transfer edece\u011fimiz bir oyuncuyu 3\u2019e transfer etmek gibi bir yanl\u0131\u015f\u0131n i\u00e7erisine girmeyiz biz. Rakamlar falan ortadayd\u0131. 800\u2019ler falan konu\u015fuluyordu. Ka\u00e7a ger\u00e7ekle\u015ftirdik, g\u00f6rd\u00fcn\u00fcz. Bug\u00fcn de 150 forma satt\u0131rd\u0131k o futbolcuya. Bonservis bedelinin bir k\u0131sm\u0131n\u0131 da kendisi \u00f6dedi. Yani ge\u00e7ti\u011fimiz sezon biz sadece puan anlam\u0131nda m\u00fccadele vermedik. \u00c7ok \u00f6nemli mesajlar verdik. \u00dclkedeki gen\u00e7 futbolculara da mesajlar verdik. O y\u00fczden bu gen\u00e7 futbolcular\u0131n neredeyse tamam\u0131na yak\u0131n bir b\u00f6l\u00fcm\u00fc paray\u0131-pulu d\u00fc\u015f\u00fcnmeden birinci \u00f6ncelikleri ve tercihleri Trabzonspor. \u00c7\u00fcnk\u00fc \u015funu \u00e7ok iyi biliyorlar art\u0131k, \u2018Kendimizi g\u00f6sterdi\u011fimiz, \u00e7al\u0131\u015ft\u0131\u011f\u0131m\u0131z takdirde, hak etti\u011fimiz takdirde ya\u015f\u0131m\u0131za bak\u0131lmaks\u0131z\u0131n hocam\u0131z o formay\u0131 bize teslim eder\u2019. Onun i\u00e7in bu gen\u00e7ler toplasan a\u015fa\u011f\u0131-yukar\u0131 500\u2019e yak\u0131n kendi kategorilerinde milli ma\u00e7 oynam\u0131\u015f olan \u00e7ocuklar. Yeni kalecimiz Erce de \u00e7ok iyi bir karde\u015fimiz. Onun da tak\u0131ma kat\u0131lmas\u0131ndan son derece mutluyum. Ve ileriye d\u00f6n\u00fck bana kal\u0131rsa Trabzonspor sadece Trabzonspor\u2019un de\u011fil, T\u00fcrk futbolunun \u00f6n\u00fcm\u00fczdeki 15 y\u0131l kaleci sorununun \u00e7\u00f6zecek bir kaleci yo\u011funlu\u011fu var. \u015eu k\u00f6\u015fede \u00e7al\u0131\u015f\u0131yorlar, aslan par\u00e7alar\u0131 \u201difadelerini kulland\u0131.<\/p>\n<p>Ahmet A\u011fao\u011flu, ayakkab\u0131lar\u0131n\u0131 Abdulkadir \u00d6m\u00fcr\u2019e verdi<\/p>\n<p>Trabzonspor Kul\u00fcp Ba\u015fkan\u0131 Ahmet A\u011fao\u011flu, bordo-mavili tak\u0131m\u0131n ger\u00e7ekle\u015ftirdi\u011fi antrenman\u0131n\u0131n son b\u00f6l\u00fcm\u00fcnde Abdulkadir \u00d6m\u00fcr\u2019\u00fcn ko\u015fuyu ayakkab\u0131s\u0131z yapt\u0131\u011f\u0131n\u0131 g\u00f6r\u00fcnce ayakkab\u0131lar\u0131n\u0131 \u00e7\u0131kart\u0131p gen\u00e7 oyuncuya verdi.<\/p>\n","protected":false},"excerpt":{"rendered":"<p>TRABZONSPOR KUL\u00dcP BA\u015eKANI AHMET A\u011eAO\u011eLU, FUTBOLCU SATARAK PARA KAZANACAKLARI SEZONUN BU SEZON OLMADI\u011eINI S\u00d6YLED\u0130.<\/p>\n","protected":false},"author":1,"featured_media":184680,"comment_status":"closed","ping_status":"open","sticky":false,"template":"","format":"standard","meta":{"jetpack_post_was_ever_published":false,"_jetpack_newsletter_access":"","_jetpack_dont_email_post_to_subs":false,"_jetpack_newsletter_tier_id":0,"_jetpack_memberships_contains_paywalled_content":false,"_jetpack_memberships_contains_paid_content":false,"footnotes":"","jetpack_publicize_message":"","jetpack_publicize_feature_enabled":true,"jetpack_social_post_already_shared":true,"jetpack_social_options":{"image_generator_settings":{"template":"highway","default_image_id":0,"font":"","enabled":false},"version":2}},"categories":[657],"tags":[985,2039,4599,45742,865,5175,4954],"class_list":["post-184679","post","type-post","status-publish","format-standard","has-post-thumbnail","hentry","category-spor","tag-agaoglu","tag-degil","tag-futbolcu","tag-kazanacagimiz","tag-para","tag-satarak","tag-sezon"],"jetpack_publicize_connections":[],"jetpack_featured_media_url":"https:\/\/i0.wp.com\/www.tvturk.com\/wp-content\/uploads\/2019\/07\/agaoglu-futbolcu-satarak-para-kazanacagimiz-sezon-bu-sezon-degil_fd5c927.jpg?fit=1000%2C562","jetpack_sharing_enabled":true,"jetpack_shortlink":"https:\/\/wp.me\/paKIfm-M2H","_links":{"self":[{"href":"http:\/\/www.tvturk.com\/index.php\/wp-json\/wp\/v2\/posts\/184679","targetHints":{"allow":["GET"]}}],"collection":[{"href":"http:\/\/www.tvturk.com\/index.php\/wp-json\/wp\/v2\/posts"}],"about":[{"href":"http:\/\/www.tvturk.com\/index.php\/wp-json\/wp\/v2\/types\/post"}],"author":[{"embeddable":true,"href":"http:\/\/www.tvturk.com\/index.php\/wp-json\/wp\/v2\/users\/1"}],"replies":[{"embeddable":true,"href":"http:\/\/www.tvturk.com\/index.php\/wp-json\/wp\/v2\/comments?post=184679"}],"version-history":[{"count":0,"href":"http:\/\/www.tvturk.com\/index.php\/wp-json\/wp\/v2\/posts\/184679\/revisions"}],"wp:featuredmedia":[{"embeddable":true,"href":"http:\/\/www.tvturk.com\/index.php\/wp-json\/wp\/v2\/media\/184680"}],"wp:attachment":[{"href":"http:\/\/www.tvturk.com\/index.php\/wp-json\/wp\/v2\/media?parent=184679"}],"wp:term":[{"taxonomy":"category","embeddable":true,"href":"http:\/\/www.tvturk.com\/index.php\/wp-json\/wp\/v2\/categories?post=184679"},{"taxonomy":"post_tag","embeddable":true,"href":"http:\/\/www.tvturk.com\/index.php\/wp-json\/wp\/v2\/tags?post=184679"}],"curies":[{"name":"wp","href":"https:\/\/api.w.org\/{rel}","templated":true}]}}