{"id":184703,"date":"2019-07-21T12:46:57","date_gmt":"2019-07-21T09:46:57","guid":{"rendered":"http:\/\/www.tvturk.com\/index.php\/trabzonsporda-campi-ve-erce-icin-imza-toreni-duzenlendi\/"},"modified":"2019-07-21T12:46:57","modified_gmt":"2019-07-21T09:46:57","slug":"trabzonsporda-campi-ve-erce-icin-imza-toreni-duzenlendi","status":"publish","type":"post","link":"http:\/\/www.tvturk.com\/index.php\/trabzonsporda-campi-ve-erce-icin-imza-toreni-duzenlendi\/","title":{"rendered":"Trabzonspor\u2019da Campi ve Erce i\u00e7in imza t\u00f6reni d\u00fczenlendi"},"content":{"rendered":"<p>Trabzonspor\u2019un yeni transferleri Gaston Campi ve Erce Karde\u015fler i\u00e7in Avusturya kamp\u0131nda imza t\u00f6reni d\u00fczenlendi.<\/p>\n<p>\u0130mza t\u00f6reninde konu\u015fan Ba\u015fkan Ahmet A\u011fao\u011flu, \u00e7ok kaliteli iki oyuncunun kadroya kat\u0131ld\u0131\u011f\u0131n\u0131 vurgulayarak, &#8220;\u00d6zellikle Campi\u2019yi Trabzonspor\u2019a gelmek i\u00e7in g\u00f6sterdi\u011fi m\u00fccadeleden dolay\u0131 tebrik ediyoruz. Kendisini uzun s\u00fcredir takip ediyorduk. Kariyerinden ve performans\u0131ndan hi\u00e7bir \u015f\u00fcphemiz yok. \u00d6zellikle \u00fccret konusuna g\u00f6sterdi\u011fimiz dirence kendisi de Arjantin\u2019den destek verdi\u011fi i\u00e7in \u00e7ok te\u015fekk\u00fcr ediyoruz. Gelirken b\u00fct\u00e7emize katk\u0131da bulundu. Ancak bizim bir \u00f6zelli\u011fimiz var. Getirdi\u011fimiz oyuncuya forma sat\u0131yoruz. Campi\u2019ye 100 forma verece\u011fiz&#8221; dedi.<\/p>\n<p>Yeni transferlerden Erce Karde\u015fler\u2019i de uzun s\u00fcredir takip ettiklerini dile getiren A\u011fao\u011flu, &#8220;Erce\u2019nin ismi ilk olarak ocak ay\u0131nda g\u00fcndeme gelmi\u015fti ancak o d\u00f6nem transfer yasa\u011f\u0131m\u0131z vard\u0131. \u0130\u015fin do\u011frusu performans\u0131 b\u00fcy\u00fcleyiciydi. Bizim y\u00f6netim olarak politikam\u0131z gen\u00e7 oyuncular\u0131 kadromuza katmak ve gen\u00e7 oyuncular\u0131m\u0131zla birlikte s\u00fcrd\u00fcr\u00fclebilir bir ba\u015far\u0131 yakalamak. Bunun yan\u0131nda gerekli mevkilere de deneyimli oyuncular\u0131 dahil ederek zirve yar\u0131\u015f\u0131n\u0131n i\u00e7inde olmak. Kalecilik \u00e7ok \u00f6nemli bir mevki. Yedek beklemek \u00e7o\u011fu zaman kalecilerde s\u0131k\u0131nt\u0131 olu\u015fturuyor ama Erce ile birlikte kadromuzda alt\u0131 kalecimiz oldu. Alt\u0131 oyuncumuz da \u00f6n\u00fcm\u00fczdeki 10-15 y\u0131ll\u0131k d\u00f6nemde T\u00fcrk futboluna kalecilik s\u0131k\u0131nt\u0131s\u0131 ya\u015fatmayacak seviyede. Biz geldi\u011fimizde U\u011furcan \u00fc\u00e7\u00fcnc\u00fc kaleciydi. Bir anda kendisini kalede buldu ve sonras\u0131nda milli tak\u0131ma gitti. Ayn\u0131 performans\u0131 Erce\u2019den de bekliyoruz. M\u00fccadeleyi oyuncular\u0131m\u0131z verecek ve hak eden formay\u0131 alacak. Erce, T\u00fcrk futboluna \u00f6nemli oyuncular yeti\u015ftiren, gen\u00e7 oyunculara ve altyap\u0131ya \u00f6nem veren bir kul\u00fcpten geliyor. Erce\u2019yi yeti\u015ftiren Alt\u0131nordu Kul\u00fcb\u00fc\u2019ne te\u015fekk\u00fcr ederiz. Transferde de zorluk \u00e7\u0131karmad\u0131lar. Erce\u2019ye de aram\u0131za ho\u015f geldin diyoruz ve kendisine 161 adet forma sat\u0131yoruz&#8221; diye konu\u015ftu.<\/p>\n<p>Ba\u015fkan Ahmet A\u011fao\u011flu, bordo-mavili tak\u0131m\u0131 \u00e7ok \u00f6nemli bir sezonun bekledi\u011fini belirterek, &#8220;Taraftarlar\u0131m\u0131z sab\u0131rs\u0131z. Ancak her \u015fartta tak\u0131m\u0131n\u0131 ba\u011fr\u0131na basan bir taraftar\u0131m\u0131z var. Biz bir kent tak\u0131m\u0131y\u0131z. Di\u011fer tak\u0131mlardan farkl\u0131 \u00f6zelliklerimiz var. Slogan\u0131m\u0131z belli: \u2018Biz bize, yan yana\u2019 Bu camiada herkesin bir g\u00f6revi var. Taraftar, ba\u015fkan, teknik heyet, oyuncu, malzemeci ve idari personel olarak bir ayr\u0131m yapm\u0131yoruz. Hepimiz g\u00f6revimizi yapmaya \u00e7al\u0131\u015f\u0131yoruz. O zaman biz bize, birlikte ve yan yana hem \u00e7ok g\u00fczel hem de \u00e7ok g\u00fc\u00e7l\u00fc oluyoruz&#8221; \u015feklinde konu\u015ftu.<\/p>\n<p>Gaston Campi: \u201cBuraya transferim kolay olmad\u0131\u201d<\/p>\n<p>Savunma oyuncusu Gaston Campi de, Trabzonspor\u2019a transfer oldu\u011fu ve bordo-mavili formay\u0131 terletece\u011fi i\u00e7in \u00e7ok mutlu oldu\u011funu s\u00f6yleyerek, &#8220;Buraya transferim kolay olmad\u0131 ancak bu s\u00fcre\u00e7te bana g\u00f6sterilen de\u011feri sahadaki performans\u0131mla geri \u00f6deyebilece\u011fimi d\u00fc\u015f\u00fcn\u00fcyorum. En b\u00fcy\u00fck beklentim h\u0131zl\u0131 bir \u015fekilde adapte olup tak\u0131m\u0131m\u0131za en k\u0131sa s\u00fcrede faydal\u0131 olmak. Umar\u0131m bana kar\u015f\u0131 duyulan g\u00fcveni bo\u015fa \u00e7\u0131karmam&#8221; ifadelerini kulland\u0131.<\/p>\n<p>Erce Karde\u015fler: \u201cBenim \u00f6nceli\u011fim hep Trabzonspor\u2019du\u201d<\/p>\n<p>Bordo-mavili tak\u0131m\u0131n yeni transferi Erce Karde\u015fler ise transferde eme\u011fi ge\u00e7enlere te\u015fekk\u00fcr ederek, &#8220;Trabzonspor\u2019a gelmeyi ger\u00e7ekten \u00e7ok istiyordum. Beni isteyen birka\u00e7 tak\u0131m daha vard\u0131 ama benim \u00f6nceli\u011fim hep Trabzonspor\u2019du. Bunu Alt\u0131nordu\u2019da bulundu\u011fum d\u00f6nemde de s\u00f6ylemi\u015ftim. Gelmeden \u00f6nce Abd\u00fclkadir Parmak ile g\u00f6r\u00fc\u015fm\u00fc\u015ft\u00fcm ve buras\u0131n\u0131n aile gibi oldu\u011funu s\u00f6ylemi\u015fti. Geldikten sonra g\u00f6rd\u00fcklerim bunun do\u011fru oldu\u011funu ortaya koydu. Bu futbolda \u00e7ok \u00f6nemli. Taraftarlar\u0131m\u0131z da bana destek mesajlar\u0131 att\u0131. Hepsine te\u015fekk\u00fcr ederim. Formam\u0131z\u0131 en iyi \u015fekilde ta\u015f\u0131mak istiyorum. Kul\u00fcb\u00fcm\u00fc en iyi \u015fekilde temsil etmek amac\u0131nday\u0131m. \u0130n\u015fallah bizim i\u00e7in \u00e7ok g\u00fczel bir sezon olur&#8221; dedi.<\/p>\n","protected":false},"excerpt":{"rendered":"<p>TRABZONSPOR\u2019UN YEN\u0130 TRANSFERLER\u0130 GASTON CAMP\u0130 VE ERCE KARDE\u015eLER \u0130\u00c7\u0130N AVUSTURYA KAMPINDA \u0130MZA T\u00d6REN\u0130 D\u00dcZENLEND\u0130.<\/p>\n","protected":false},"author":1,"featured_media":184704,"comment_status":"closed","ping_status":"open","sticky":false,"template":"","format":"standard","meta":{"jetpack_post_was_ever_published":false,"_jetpack_newsletter_access":"","_jetpack_dont_email_post_to_subs":false,"_jetpack_newsletter_tier_id":0,"_jetpack_memberships_contains_paywalled_content":false,"_jetpack_memberships_contains_paid_content":false,"footnotes":"","jetpack_publicize_message":"","jetpack_publicize_feature_enabled":true,"jetpack_social_post_already_shared":true,"jetpack_social_options":{"image_generator_settings":{"template":"highway","default_image_id":0,"font":"","enabled":false},"version":2}},"categories":[657],"tags":[45063,2202,45224,44,4434,187,16159],"class_list":["post-184703","post","type-post","status-publish","format-standard","has-post-thumbnail","hentry","category-spor","tag-campi","tag-duzenlendi","tag-erce","tag-icin","tag-imza","tag-toreni","tag-trabzonsporda"],"jetpack_publicize_connections":[],"jetpack_featured_media_url":"https:\/\/i0.wp.com\/www.tvturk.com\/wp-content\/uploads\/2019\/07\/trabzonsporda-campi-ve-erce-icin-imza-toreni-duzenlendi_27fff19.jpg?fit=986%2C688","jetpack_sharing_enabled":true,"jetpack_shortlink":"https:\/\/wp.me\/paKIfm-M35","_links":{"self":[{"href":"http:\/\/www.tvturk.com\/index.php\/wp-json\/wp\/v2\/posts\/184703","targetHints":{"allow":["GET"]}}],"collection":[{"href":"http:\/\/www.tvturk.com\/index.php\/wp-json\/wp\/v2\/posts"}],"about":[{"href":"http:\/\/www.tvturk.com\/index.php\/wp-json\/wp\/v2\/types\/post"}],"author":[{"embeddable":true,"href":"http:\/\/www.tvturk.com\/index.php\/wp-json\/wp\/v2\/users\/1"}],"replies":[{"embeddable":true,"href":"http:\/\/www.tvturk.com\/index.php\/wp-json\/wp\/v2\/comments?post=184703"}],"version-history":[{"count":0,"href":"http:\/\/www.tvturk.com\/index.php\/wp-json\/wp\/v2\/posts\/184703\/revisions"}],"wp:featuredmedia":[{"embeddable":true,"href":"http:\/\/www.tvturk.com\/index.php\/wp-json\/wp\/v2\/media\/184704"}],"wp:attachment":[{"href":"http:\/\/www.tvturk.com\/index.php\/wp-json\/wp\/v2\/media?parent=184703"}],"wp:term":[{"taxonomy":"category","embeddable":true,"href":"http:\/\/www.tvturk.com\/index.php\/wp-json\/wp\/v2\/categories?post=184703"},{"taxonomy":"post_tag","embeddable":true,"href":"http:\/\/www.tvturk.com\/index.php\/wp-json\/wp\/v2\/tags?post=184703"}],"curies":[{"name":"wp","href":"https:\/\/api.w.org\/{rel}","templated":true}]}}