{"id":184709,"date":"2019-07-21T13:01:52","date_gmt":"2019-07-21T10:01:52","guid":{"rendered":"http:\/\/www.tvturk.com\/index.php\/mardindeki-kalekol-insaati-muteahhidinden-aciklama\/"},"modified":"2019-07-21T13:01:52","modified_gmt":"2019-07-21T10:01:52","slug":"mardindeki-kalekol-insaati-muteahhidinden-aciklama","status":"publish","type":"post","link":"http:\/\/www.tvturk.com\/index.php\/mardindeki-kalekol-insaati-muteahhidinden-aciklama\/","title":{"rendered":"Mardin\u2019deki kalekol in\u015faat\u0131 m\u00fcteahhidinden a\u00e7\u0131klama"},"content":{"rendered":"<p>Mardin\u2019in Nusaybin il\u00e7esinde kalekol in\u015faatlar\u0131n\u0131 ger\u00e7ekle\u015ftiren m\u00fcteahhit Mazlum G\u00f6zeno\u011flu, kalekol in\u015faat\u0131nda enerji verilmesi konusu ile ilgili il\u00e7e belediyesiyle g\u00f6r\u00fc\u015fmelerin devam etti\u011fini s\u00f6yledi.<\/p>\n<p>Mardin\u2019in Nusaybin il\u00e7esinde kalekol in\u015faatlar\u0131n\u0131 s\u00fcrd\u00fcren m\u00fcteahhit G\u00f6zeno\u011flu, il\u00e7edeki in\u015faatlara enerji verilmesi ile ilgili baz\u0131 aksakl\u0131klar\u0131n ya\u015fand\u0131\u011f\u0131n\u0131 fakat belediye ile g\u00f6r\u00fc\u015fmelerinin devam etti\u011fini \u015fu an i\u00e7in olumsuz bir durumun s\u00f6z konusu olmad\u0131\u011f\u0131n\u0131 kaydetti. G\u00f6zeno\u011flu, \u201cFirmam\u0131z Mardin\u2019in il\u00e7elerinde kimisinin yap\u0131m\u0131n\u0131n devam etti\u011fi kimisinin ise ge\u00e7ici kabul noktas\u0131na geldi\u011fi kalekol in\u015faatlar\u0131 yapmaktad\u0131r. Bunlar dan 2 tanesi Nusaybin\u2019de olup konu ile alakal\u0131 Abd\u00fclkadir Pa\u015fa Mahallesi eski devlet hastanesindeki in\u015faat\u0131m\u0131z\u0131n daha \u00f6nce TEDA\u015e\u2019a enerji m\u00fcsaadesi i\u00e7in ba\u015fvuruda bulunduk ve ba\u015fvuru neticesinde enerji m\u00fcsaadesinin Umut Caddesi \u00fczerinde bulunan trafodan enerji verebileceklerini s\u00f6ylediler. Bu mevcut trafodan enerji m\u00fcsaademizi ald\u0131k, bunun ile alakal\u0131 Nusaybin Belediyesi\u2019ne 12 Haziran 2019\u2019da kaz\u0131 izni i\u00e7in resmi ba\u015fvuruda bulunduk ve ba\u015fvuru sonucunda Fen \u0130\u015fleri M\u00fcd\u00fcr\u00fcn\u00fcn yeni asfalt oldu\u011funu ve m\u00fcsaade edemeyece\u011fini ancak konuyu belediye ba\u015fkan\u0131 ile g\u00f6r\u00fc\u015fmeleri gerekti\u011fini kaydetti. Biz de konu ile alakal\u0131 belediye ba\u015fkan\u0131 ile g\u00f6r\u00fc\u015ft\u00fck ve Fen \u0130\u015fleri M\u00fcd\u00fcr\u00fcn\u00fcn s\u00f6ylemleri ile ayn\u0131 s\u00f6ylemleri s\u00f6ylediler. Fen \u0130\u015fleri M\u00fcd\u00fcr\u00fc ve Nusaybin TEDA\u015e M\u00fcd\u00fcr\u00fc ile beraber sahaya gidip bakmam\u0131z\u0131 ve varsa ba\u015fka bir noktadan enerji al\u0131p alamayaca\u011f\u0131m\u0131z\u0131 s\u00f6ylediler. Biz de sahaya gittik ve TEDA\u015e M\u00fcd\u00fcr\u00fc mevcut konumdan ba\u015fka bir nokta bulunmad\u0131\u011f\u0131n\u0131 bizlere beyan etti. Bende en son belediye ba\u015fkan\u0131ndan bir daha randevu talep ettim ve bu g\u00f6r\u00fc\u015fmede ba\u015fkan han\u0131m bana arkada\u015flar ile konu\u015fup size haber verece\u011fiz dediler. G\u00f6r\u00fc\u015fmeler s\u00fcr\u00fcyor ve \u015fu anda olumlu veya olumsuz bir \u015fey s\u00f6z konusu de\u011fildir\u201d dedi.<\/p>\n","protected":false},"excerpt":{"rendered":"<p>MARD\u0130N\u2019\u0130N NUSAYB\u0130N \u0130L\u00c7ES\u0130NDE KALEKOL \u0130N\u015eAATLARINI GER\u00c7EKLE\u015eT\u0130REN M\u00dcTEAHH\u0130T MAZLUM G\u00d6ZENO\u011eLU, KALEKOL \u0130N\u015eAATINDA ENERJ\u0130 VER\u0130LMES\u0130 KONUSU \u0130LE \u0130LG\u0130L\u0130 BELED\u0130YE \u0130LE G\u00d6R\u00dc\u015eMELER\u0130N DEVAM ETT\u0130\u011e\u0130N\u0130 S\u00d6YLED\u0130.<\/p>\n","protected":false},"author":1,"featured_media":184710,"comment_status":"closed","ping_status":"open","sticky":false,"template":"","format":"standard","meta":{"jetpack_post_was_ever_published":false,"_jetpack_newsletter_access":"","_jetpack_dont_email_post_to_subs":false,"_jetpack_newsletter_tier_id":0,"_jetpack_memberships_contains_paywalled_content":false,"_jetpack_memberships_contains_paid_content":false,"footnotes":"","jetpack_publicize_message":"","jetpack_publicize_feature_enabled":true,"jetpack_social_post_already_shared":true,"jetpack_social_options":{"image_generator_settings":{"template":"highway","default_image_id":0,"font":"","enabled":false},"version":2}},"categories":[1],"tags":[3349,5674,45752,10869,45753],"class_list":["post-184709","post","type-post","status-publish","format-standard","has-post-thumbnail","hentry","category-genel","tag-aciklama","tag-insaati","tag-kalekol","tag-mardindeki","tag-muteahhidinden"],"jetpack_publicize_connections":[],"jetpack_featured_media_url":"https:\/\/i0.wp.com\/www.tvturk.com\/wp-content\/uploads\/2019\/07\/mardindeki-kalekol-insaati-muteahhidinden-aciklama_c59a90d.jpg?fit=750%2C1000","jetpack_sharing_enabled":true,"jetpack_shortlink":"https:\/\/wp.me\/paKIfm-M3b","_links":{"self":[{"href":"http:\/\/www.tvturk.com\/index.php\/wp-json\/wp\/v2\/posts\/184709","targetHints":{"allow":["GET"]}}],"collection":[{"href":"http:\/\/www.tvturk.com\/index.php\/wp-json\/wp\/v2\/posts"}],"about":[{"href":"http:\/\/www.tvturk.com\/index.php\/wp-json\/wp\/v2\/types\/post"}],"author":[{"embeddable":true,"href":"http:\/\/www.tvturk.com\/index.php\/wp-json\/wp\/v2\/users\/1"}],"replies":[{"embeddable":true,"href":"http:\/\/www.tvturk.com\/index.php\/wp-json\/wp\/v2\/comments?post=184709"}],"version-history":[{"count":0,"href":"http:\/\/www.tvturk.com\/index.php\/wp-json\/wp\/v2\/posts\/184709\/revisions"}],"wp:featuredmedia":[{"embeddable":true,"href":"http:\/\/www.tvturk.com\/index.php\/wp-json\/wp\/v2\/media\/184710"}],"wp:attachment":[{"href":"http:\/\/www.tvturk.com\/index.php\/wp-json\/wp\/v2\/media?parent=184709"}],"wp:term":[{"taxonomy":"category","embeddable":true,"href":"http:\/\/www.tvturk.com\/index.php\/wp-json\/wp\/v2\/categories?post=184709"},{"taxonomy":"post_tag","embeddable":true,"href":"http:\/\/www.tvturk.com\/index.php\/wp-json\/wp\/v2\/tags?post=184709"}],"curies":[{"name":"wp","href":"https:\/\/api.w.org\/{rel}","templated":true}]}}