{"id":184711,"date":"2019-07-21T13:01:56","date_gmt":"2019-07-21T10:01:56","guid":{"rendered":"http:\/\/www.tvturk.com\/index.php\/denizi-aratmayan-keban-baraji-uzerinde-olimpik-yuzer-havuz\/"},"modified":"2019-07-21T13:01:56","modified_gmt":"2019-07-21T10:01:56","slug":"denizi-aratmayan-keban-baraji-uzerinde-olimpik-yuzer-havuz","status":"publish","type":"post","link":"http:\/\/www.tvturk.com\/index.php\/denizi-aratmayan-keban-baraji-uzerinde-olimpik-yuzer-havuz\/","title":{"rendered":"Denizi aratmayan Keban Baraj\u0131 \u00fczerinde olimpik &#8220;Y\u00fczer Havuz&#8221;"},"content":{"rendered":"<p>T\u00fcrkiye\u2019nin yar\u0131m adas\u0131 konumdaki Elaz\u0131\u011f\u2019da \u00f6nemli enerji \u00fcretim yerlerinden biri olan Keban Baraj G\u00f6l\u00fc\u2019nde kurulan yar\u0131 olimpik \u2018Y\u00fczer Havuz\u2019 hem bo\u011fulmalara kar\u015f\u0131 g\u00fcven veriyor hem de yaz\u0131n s\u0131ca\u011f\u0131nda deniz olmayan kentte y\u00fczmeyi sevenleri a\u011f\u0131rl\u0131yor.<\/p>\n<p>Elaz\u0131\u011f\u2019\u0131n Keban il\u00e7esinde T\u00fcrkiye\u2019nin baraj \u00fczerinde y\u00fczen ilk havuzlar\u0131ndan biri olan, yakla\u015f\u0131k 7 y\u0131l \u00f6nce kaymakaml\u0131k taraf\u0131ndan haz\u0131rlanan ve Sosyal Destek Program\u0131 taraf\u0131ndan kabul edilerek yap\u0131lan yar\u0131 olimpik &#8220;Y\u00fczer Havuz\u2019 s\u0131cak havalardan bunalan vatanda\u015flar\u0131n en u\u011frak mekan\u0131 oluyor.45 y\u0131ld\u0131r \u00fclkeye \u00f6nemli bir enerji \u00fcretimi sa\u011flayan Keban Baraj\u0131\u2019ndaki yar\u0131 olimpik niteli\u011fi ta\u015f\u0131yan havuz g\u00fcvenli olmas\u0131 nedeniyle ayr\u0131 bir \u00f6nem ta\u015f\u0131yor. Her y\u0131l \u00e7ok say\u0131da ki\u015finin baraj ve g\u00f6llerde bo\u011fuldu\u011fu \u00fclkede Keban Baraj\u0131 \u00fczerinde kurulan y\u00fczer havuz yeti\u015fkinler i\u00e7in, 12,5 metre geni\u015fli\u011finde 25 metre uzunlu\u011funda ve 1 metre 80 santim derinli\u011finde,  \u00e7ocuklar i\u00e7in ise 5 metre geni\u015fli\u011finde 12,5 metre uzunlu\u011funda ve 80 santim derinli\u011fiyle hizmet veriyor. Y\u00fczer havuza Elaz\u0131\u011f ba\u015fta olmak \u00fczere kom\u015fu illerden kente gelenlerde yo\u011fun ilgi g\u00f6steriyor.<\/p>\n<p>\u201cB\u00f6lgeye hitap ediyoruz\u201d<\/p>\n<p>Do\u011fu ve G\u00fcneydo\u011fu Anadolu B\u00f6lgesinde faaliyet g\u00f6steren alan\u0131nda tek olduklar\u0131n\u0131 belirten \u0130\u015fletme sahibi Feti Oru\u00e7, \u201c\u2018Havuzumuz yar\u0131 olimpik, yakla\u015f\u0131k 25 metre uzunlu\u011funda 12,5 metre geni\u015fli\u011findedir. Ayn\u0131 zamanda \u00e7ocuklar\u0131n y\u00fczd\u00fc\u011f\u00fc 12 metre uzunlu\u011funda 5 metre geni\u015fli\u011finde bir havuzumuz daha var. Bildi\u011fim kadar\u0131yla do\u011fu ve g\u00fcneydo\u011fu da tek y\u00fczen havuz olarak faaliyet g\u00f6steriyoruz b\u00f6lgeye hitap ediyoruz. \u00c7evre il il\u00e7e k\u00f6ylerden gelen misafirlerimiz oluyor. Ancak bir dezavantaj\u0131m\u0131z var, yakla\u015f\u0131k 3 y\u0131l \u00f6nce baraj setinin \u00fczerinden Keban\u2019a giri\u015f \u00e7\u0131k\u0131\u015flar\u0131m\u0131z yasakland\u0131. D\u0131\u015far\u0131dan gelen insanlar da di\u011fer yolun hem k\u00f6t\u00fc hem de uzak olmas\u0131 nedeniyle buraya gelemiyor.<\/p>\n<p>&#8220;Su sporlar\u0131yla daha da \u00e7e\u015fitlendirilmesini istiyoruz&#8221;<\/p>\n<p>S\u0131cakl\u0131klar\u0131n 42 dereceye kadar ula\u015ft\u0131\u011f\u0131n\u0131 an\u0131msatan Oru\u00e7, \u201cB\u00fcy\u00fck bir ilgi, talep var. Bizlerin iste\u011fi, su sporlar\u0131 ad\u0131na buran\u0131n daha da geli\u015ftirilmesi daha da \u00e7e\u015fitlendirilmesi. Turizm ad\u0131na \u00e7ok g\u00fczel \u015feylerin olaca\u011f\u0131na inan\u0131yoruz. Ancak yetkililerden yard\u0131mc\u0131 olmalar\u0131n\u0131 istiyoruz. Bizim b\u00f6yle imkanlar\u0131m\u0131z yok. \u0130mkanlar\u0131m\u0131z olsayd\u0131 her t\u00fcrl\u00fc spor aktivitelerini ve su sporlar\u0131n\u0131 getirirdik. Yetkililerden en az\u0131ndan yol problemini \u00e7\u00f6zmelerini istiyoruz. Tesisimizde \u00e7evre illerden, il\u00e7elerden b\u00fcy\u00fck bir talep var. Hatay, Malatya illerinden gelen misafirlerimiz var. Serinlemek i\u00e7in Arapgir, A\u011f\u0131n il\u00e7eleri ve k\u00f6ylerden gelenler var. Bu do\u011fada birka\u00e7 saatlerini ge\u00e7irmek i\u00e7in u\u011fruyorlar. B\u00fct\u00fcn b\u00f6lgeye hitap eden bir tesis ancak yeterli de\u011fil. Umar\u0131m bundan sonra sportif aktivitelerle bu baraj g\u00f6l\u00fcndeki alan\u0131 daha iyi de\u011ferlendiririz\u201d \u015feklinde konu\u015ftu.<\/p>\n<p>\u201cHem do\u011fal manzaras\u0131 var, hem g\u00fcvenli&#8221;<\/p>\n<p>Havuzun, bulundu\u011fu konumu ve g\u00fcvenli olmas\u0131ndan dolay\u0131 her hafta sonu gelmeye \u00f6zen g\u00f6sterdiklerini dile getiren Yavuz Selim Demir, \u201cHafta sonu \u00f6zellikle buraya gelmeye \u00f6zen g\u00f6steriyorum. Burada hem \u00e7ocuklar\u0131m\u0131z g\u00fcvenle y\u00fczebiliyor hem de buran\u0131n \u00e7ok g\u00fczel bir do\u011fas\u0131 var. Ke\u015fke daha \u00f6nceden buray\u0131 yapsalard\u0131. Hem bu havuzun baraj \u00fczerinde olmas\u0131 hem suyunun temiz olmas\u0131 hem de \u00e7ocuklar\u0131n ve insanlar\u0131n burada g\u00fcvenle y\u00fczebilmesi \u00e7ok \u00f6nemli. \u00d6zellikle bu gibi yerle sahip \u00e7\u0131k\u0131lmas\u0131n\u0131 istiyorum. Sadece 1-2 ki\u015finin kendi g\u00fcc\u00fcyle imkan\u0131 ile buralar\u0131n ayakta durmas\u0131 m\u00fcmk\u00fcn de\u011fil. Servis koyulmal\u0131 bir de arka taraftan dola\u015f\u0131lan yol biraz uzak.  Site i\u00e7inden baraj taraf\u0131ndan gelinmesi sa\u011flanmal\u0131. \u0130nsanlar\u0131n bir \u00e7o\u011fu buraya gelmeyi arzu ediyor ama yolun uzak olmas\u0131 servis olmamas\u0131 dolay\u0131s\u0131yla gelemiyor\u201d diye konu\u015ftu.<\/p>\n<p>Ailecek havuza geldiklerini ve g\u00f6r\u00fclmeye de\u011fer oldu\u011funu dile getiren \u00d6zkan Kanbay ise, \u201cMemleketimize kurulan Do\u011fu ve G\u00fcneydo\u011fu Anadolu B\u00f6lgesi\u2019nin en g\u00fczel y\u00fczen havuzuna sahibiz. Ger\u00e7ekten de g\u00f6rmeye de\u011fer bir yer. Yani b\u00f6yle bir g\u00fczelli\u011fin yine b\u00f6yle bir havuzla bir araya gelmesi g\u00fczel oldu. Baraj belki tehlike arz ediyor ama havuzun \u00f6yle bir tehlikesi yok. \u00c7ocuklar ve yeti\u015fkinler i\u00e7in g\u00fczel bir yere sahip\u201d ifadelerini kulland\u0131.<\/p>\n<p>F\u0131rsat bulduk\u00e7a y\u00fczmeye geldi\u011fini ifade eden G\u00f6khan Ula\u00e7 da, \u201cBuraya y\u00fczmeye geliyorum. \u00c7ok e\u011fleniyorum. G\u00fczel bir yer ve ayn\u0131 zamanda bizim i\u00e7in spor oluyor\u201d diye konu\u015ftu.<\/p>\n<p>Hatay\u2019dan ailesiyle gelen Ezgi Tuana \u015eener ise, \u201cYaz tatili Hatay\u2019dan memleketimiz Keban\u2019a geldik. Buraya 2-3 defa geldim. \u00c7ok g\u00fczel bir havuz. \u00c7ok e\u011fleniyorum\u201d diyerek d\u00fc\u015f\u00fcncelerini aktard\u0131.<\/p>\n","protected":false},"excerpt":{"rendered":"<p>ELAZI\u011e\u2019IN KEBAN \u0130L\u00c7ES\u0130NDE 7 YIL \u00d6NCE KEBAN BARAJI \u00dcZER\u0130NE YAPILAN \u2018Y\u00dcZER HAVUZ\u2019, \u00c7EVRE \u0130L VE \u0130L\u00c7ELERDEN GELEN TAT\u0130LC\u0130LER\u0130N \u0130LG\u0130 ODA\u011eI OLDU<\/p>\n","protected":false},"author":1,"featured_media":184712,"comment_status":"closed","ping_status":"open","sticky":false,"template":"","format":"standard","meta":{"jetpack_post_was_ever_published":false,"_jetpack_newsletter_access":"","_jetpack_dont_email_post_to_subs":false,"_jetpack_newsletter_tier_id":0,"_jetpack_memberships_contains_paywalled_content":false,"_jetpack_memberships_contains_paid_content":false,"footnotes":"","jetpack_publicize_message":"","jetpack_publicize_feature_enabled":true,"jetpack_social_post_already_shared":true,"jetpack_social_options":{"image_generator_settings":{"template":"highway","default_image_id":0,"font":"","enabled":false},"version":2}},"categories":[1],"tags":[220,5673,3683,3958,36856,20189,2605,17051],"class_list":["post-184711","post","type-post","status-publish","format-standard","has-post-thumbnail","hentry","category-genel","tag-aratmayan","tag-baraji","tag-denizi","tag-havuz","tag-keban","tag-olimpik","tag-uzerinde","tag-yuzer"],"jetpack_publicize_connections":[],"jetpack_featured_media_url":"https:\/\/i0.wp.com\/www.tvturk.com\/wp-content\/uploads\/2019\/07\/denizi-aratmayan-keban-baraji-uzerinde-olimpik-yuzer-havuz_15fed5f.jpg?fit=1000%2C562","jetpack_sharing_enabled":true,"jetpack_shortlink":"https:\/\/wp.me\/paKIfm-M3d","_links":{"self":[{"href":"http:\/\/www.tvturk.com\/index.php\/wp-json\/wp\/v2\/posts\/184711","targetHints":{"allow":["GET"]}}],"collection":[{"href":"http:\/\/www.tvturk.com\/index.php\/wp-json\/wp\/v2\/posts"}],"about":[{"href":"http:\/\/www.tvturk.com\/index.php\/wp-json\/wp\/v2\/types\/post"}],"author":[{"embeddable":true,"href":"http:\/\/www.tvturk.com\/index.php\/wp-json\/wp\/v2\/users\/1"}],"replies":[{"embeddable":true,"href":"http:\/\/www.tvturk.com\/index.php\/wp-json\/wp\/v2\/comments?post=184711"}],"version-history":[{"count":0,"href":"http:\/\/www.tvturk.com\/index.php\/wp-json\/wp\/v2\/posts\/184711\/revisions"}],"wp:featuredmedia":[{"embeddable":true,"href":"http:\/\/www.tvturk.com\/index.php\/wp-json\/wp\/v2\/media\/184712"}],"wp:attachment":[{"href":"http:\/\/www.tvturk.com\/index.php\/wp-json\/wp\/v2\/media?parent=184711"}],"wp:term":[{"taxonomy":"category","embeddable":true,"href":"http:\/\/www.tvturk.com\/index.php\/wp-json\/wp\/v2\/categories?post=184711"},{"taxonomy":"post_tag","embeddable":true,"href":"http:\/\/www.tvturk.com\/index.php\/wp-json\/wp\/v2\/tags?post=184711"}],"curies":[{"name":"wp","href":"https:\/\/api.w.org\/{rel}","templated":true}]}}