{"id":184729,"date":"2019-07-21T13:46:28","date_gmt":"2019-07-21T10:46:28","guid":{"rendered":"http:\/\/www.tvturk.com\/index.php\/hirsizligin-yasanmadigi-ilcede-esnafin-urunleri-gece-gunduz-disarida\/"},"modified":"2019-07-21T13:46:28","modified_gmt":"2019-07-21T10:46:28","slug":"hirsizligin-yasanmadigi-ilcede-esnafin-urunleri-gece-gunduz-disarida","status":"publish","type":"post","link":"http:\/\/www.tvturk.com\/index.php\/hirsizligin-yasanmadigi-ilcede-esnafin-urunleri-gece-gunduz-disarida\/","title":{"rendered":"H\u0131rs\u0131zl\u0131\u011f\u0131n ya\u015fanmad\u0131\u011f\u0131 il\u00e7ede esnaf\u0131n \u00fcr\u00fcnleri gece g\u00fcnd\u00fcz d\u0131\u015far\u0131da"},"content":{"rendered":"<p>Bing\u00f6l\u2019de h\u0131rs\u0131zl\u0131k olaylar\u0131n\u0131n ya\u015fanmad\u0131\u011f\u0131 Yedisu il\u00e7esinde esnaflar, gece satt\u0131klar\u0131 \u00fcr\u00fcnleri i\u00e7eri almadan kepenk kapat\u0131p evine gidiyor.<\/p>\n<p>Bing\u00f6l\u2019e 133 kilometre uzakl\u0131ktaki 2 bin 700 n\u00fcfuslu Yedisu il\u00e7esinde bu y\u0131l \u015fuana kadar hi\u00e7 h\u0131rs\u0131zl\u0131k ya\u015fanmazken, ge\u00e7mi\u015f y\u0131llarda ise yok denecek kadar az ya\u015fand\u0131. Sakinli\u011fiyle bilinen il\u00e7ede manav\u0131ndan market sahibine, nalburundan f\u0131r\u0131nc\u0131s\u0131na t\u00fcm esnaf, i\u015f yerlerinin \u00f6n\u00fcnde sergiledikleri \u00fcr\u00fcnlerini kepenk kapat\u0131rken de i\u00e7eri alm\u0131yor. Bug\u00fcne kadar yok denecek kadar az h\u0131rs\u0131zl\u0131k olay\u0131yla kar\u015f\u0131la\u015ft\u0131klar\u0131n\u0131 s\u00f6yleyen esnaf, bunu duyan herkesin \u015fa\u015fk\u0131nl\u0131kla kar\u015f\u0131lad\u0131\u011f\u0131n\u0131 aktard\u0131. \u0130l\u00e7e Emniyet M\u00fcd\u00fcrl\u00fc\u011f\u00fc olmayan Yedisu\u2019nun genel g\u00fcvenli\u011fini ise jandarma sa\u011fl\u0131yor.<\/p>\n<p>25 y\u0131ld\u0131r il\u00e7ede esnafl\u0131k yapan Murat \u00c7avk\u0131n, \u201c\u0130l\u00e7emizde neredeyse h\u0131rs\u0131zl\u0131k olmuyor, \u00e7ok temiz bir il\u00e7emiz var. Sebze, meyve, ekme\u011fimiz hep d\u0131\u015far\u0131da. Kesinlikle hi\u00e7bir s\u0131k\u0131nt\u0131m\u0131z yok\u201d dedi.<\/p>\n<p>Esnaflardan Tamer Ceman ise, \u201cYedisu il\u00e7emizde malzemelerimiz hep d\u0131\u015far\u0131da, h\u0131rs\u0131zl\u0131k olaylar\u0131 kesinlikle ya\u015fanm\u0131yor. Milletimiz rahat, esnaf\u0131m\u0131z rahat. G\u00fczel bir il\u00e7emiz var\u201d \u015feklinde konu\u015ftu.<\/p>\n","protected":false},"excerpt":{"rendered":"<p>B\u0130NG\u00d6L\u2019\u00dcN YED\u0130SU \u0130L\u00c7ES\u0130NDE NEREDEYSE HIRSIZLIK OLAYININ YA\u015eANMADI\u011eI BEL\u0130RTEN ESNAFLAR, NE GECE NE G\u00dcND\u00dcZ SATTIKLARI \u00dcR\u00dcNLER\u0130 \u0130\u00c7ER\u0130 ALMADAN KEPENK KAPATIP EV\u0130NE G\u0130D\u0130YOR.<\/p>\n","protected":false},"author":1,"featured_media":184730,"comment_status":"closed","ping_status":"open","sticky":false,"template":"","format":"standard","meta":{"jetpack_post_was_ever_published":false,"_jetpack_newsletter_access":"","_jetpack_dont_email_post_to_subs":false,"_jetpack_newsletter_tier_id":0,"_jetpack_memberships_contains_paywalled_content":false,"_jetpack_memberships_contains_paid_content":false,"footnotes":"","jetpack_publicize_message":"","jetpack_publicize_feature_enabled":true,"jetpack_social_post_already_shared":true,"jetpack_social_options":{"image_generator_settings":{"template":"highway","default_image_id":0,"font":"","enabled":false},"version":2}},"categories":[1],"tags":[17205,1092,1501,4341,17604,3627,3814,45762],"class_list":["post-184729","post","type-post","status-publish","format-standard","has-post-thumbnail","hentry","category-genel","tag-disarida","tag-esnafin","tag-gece","tag-gunduz","tag-hirsizligin","tag-ilcede","tag-urunleri","tag-yasanmadigi"],"jetpack_publicize_connections":[],"jetpack_featured_media_url":"https:\/\/i0.wp.com\/www.tvturk.com\/wp-content\/uploads\/2019\/07\/hirsizligin-yasanmadigi-ilcede-esnafin-urunleri-gece-gunduz-disarida_8b4053d.jpg?fit=1000%2C562","jetpack_sharing_enabled":true,"jetpack_shortlink":"https:\/\/wp.me\/paKIfm-M3v","_links":{"self":[{"href":"http:\/\/www.tvturk.com\/index.php\/wp-json\/wp\/v2\/posts\/184729","targetHints":{"allow":["GET"]}}],"collection":[{"href":"http:\/\/www.tvturk.com\/index.php\/wp-json\/wp\/v2\/posts"}],"about":[{"href":"http:\/\/www.tvturk.com\/index.php\/wp-json\/wp\/v2\/types\/post"}],"author":[{"embeddable":true,"href":"http:\/\/www.tvturk.com\/index.php\/wp-json\/wp\/v2\/users\/1"}],"replies":[{"embeddable":true,"href":"http:\/\/www.tvturk.com\/index.php\/wp-json\/wp\/v2\/comments?post=184729"}],"version-history":[{"count":0,"href":"http:\/\/www.tvturk.com\/index.php\/wp-json\/wp\/v2\/posts\/184729\/revisions"}],"wp:featuredmedia":[{"embeddable":true,"href":"http:\/\/www.tvturk.com\/index.php\/wp-json\/wp\/v2\/media\/184730"}],"wp:attachment":[{"href":"http:\/\/www.tvturk.com\/index.php\/wp-json\/wp\/v2\/media?parent=184729"}],"wp:term":[{"taxonomy":"category","embeddable":true,"href":"http:\/\/www.tvturk.com\/index.php\/wp-json\/wp\/v2\/categories?post=184729"},{"taxonomy":"post_tag","embeddable":true,"href":"http:\/\/www.tvturk.com\/index.php\/wp-json\/wp\/v2\/tags?post=184729"}],"curies":[{"name":"wp","href":"https:\/\/api.w.org\/{rel}","templated":true}]}}