{"id":184733,"date":"2019-07-21T13:47:11","date_gmt":"2019-07-21T10:47:11","guid":{"rendered":"http:\/\/www.tvturk.com\/index.php\/turkiye-rallisi-hazirliklari-devam-ediyor\/"},"modified":"2019-07-21T13:47:11","modified_gmt":"2019-07-21T10:47:11","slug":"turkiye-rallisi-hazirliklari-devam-ediyor","status":"publish","type":"post","link":"http:\/\/www.tvturk.com\/index.php\/turkiye-rallisi-hazirliklari-devam-ediyor\/","title":{"rendered":"T\u00fcrkiye Rallisi haz\u0131rl\u0131klar\u0131 devam ediyor"},"content":{"rendered":"<p>Ge\u00e7en y\u0131l ilki Marmaris il\u00e7esinde ger\u00e7ekle\u015ftirilen D\u00fcnya Ralli \u015eampiyonas\u0131\u2019n\u0131n T\u00fcrkiye aya\u011f\u0131n\u0131n ikincisi i\u00e7in haz\u0131rl\u0131klar devam ediyor. 12 Eyl\u00fcl\u2019de ba\u015flayacak \u015fampiyona 15 Eyl\u00fcl\u2019de sona erecek.<\/p>\n<p>2019 y\u0131l\u0131 D\u00fcnya Ralli \u015eampiyonas\u0131n\u0131n 10\u2019uncu aya\u011f\u0131 olan etab\u0131 Marmaris ve \u00e7evresinde organize ediliyor. Ge\u00e7en y\u0131l d\u00fczenlenen ve otoritelerden tam not alan \u015fampiyona i\u00e7in T\u00fcrkiye Otomobil Sporlar\u0131 Federasyonu haz\u0131rl\u0131klar\u0131n\u0131 s\u00fcrd\u00fcr\u00fcyor. D\u00fcnya Ralli \u015eampiyonas\u0131\u2019n\u0131n T\u00fcrkiye aya\u011f\u0131na bu y\u0131l daha \u00e7ok say\u0131da yerli ve yabanc\u0131 seyirci bekleniyor. T\u00fcrkiye Otomobil Sporlar\u0131 Federasyonu (TOSFED) taraf\u0131ndan organize edilen ve bu y\u0131l \u2019T\u00fcrkiye\u2019nin ev sahipli\u011fi yapaca\u011f\u0131 en b\u00fcy\u00fck spor organizasyonu\u2019 \u00f6zelli\u011fine sahip yar\u0131\u015f, izleyenlere 4 g\u00fcn boyunca d\u00fcnyaca \u00fcnl\u00fc pilotlar\u0131 izleyip, ye\u015fil ve mavinin bulu\u015ftu\u011fu b\u00f6lgede heyecan dolu anlar ya\u015fatacak.<\/p>\n<p>12 Eyl\u00fcl Per\u015fembe ak\u015fam\u0131 Marmaris \u015fehir merkezinde seyirci \u00f6zel etab\u0131yla ba\u015flayarak Marmaris-Dat\u00e7a-Mu\u011fla b\u00f6lgesindeki etaplarda devam edecek olan ralli, ge\u00e7ti\u011fimiz y\u0131l oldu\u011fu gibi hem karadan, hem de teknelerle denizden izlenebilecek.<\/p>\n<p>875 milyon izleyiciye ula\u015f\u0131yor<\/p>\n<p>Youtube\u2019dan 25 milyon ve D\u00fcnya genelindeki 155 televizyon kanal\u0131ndan 849 milyon izleyiciye ula\u015fan \u015fampiyonan\u0131n T\u00fcrkiye aya\u011f\u0131, ge\u00e7ti\u011fimiz y\u0131l hem otoritelerden, hem sporculardan, hem de yabanc\u0131 medya mensuplar\u0131ndan takdir ve \u00f6vg\u00fcler alarak 13 yar\u0131\u015f aras\u0131nda en iyilerden biri olmay\u0131 ba\u015farm\u0131\u015ft\u0131.<\/p>\n<p>150 milyon dolarl\u0131k katk\u0131<\/p>\n<p>Bu y\u0131l \u00fclkemizde d\u00fczenlenecek en b\u00fcy\u00fck sportif organizasyon olan T\u00fcrkiye Rallisi\u2019nin b\u00f6lge turizmini hareketlendirmesinin yan\u0131 s\u0131ra organizasyon haftas\u0131 s\u00fcresinde \u015fehir ekonomisine de 150 milyon dolarl\u0131k katk\u0131 sa\u011flayaca\u011f\u0131 \u00f6ng\u00f6r\u00fcl\u00fcyor. Marmaris-Dat\u00e7a hatt\u0131nda ger\u00e7ekle\u015fecek ralliyi takip edecek olan Avrupal\u0131 turistler, \u015fimdiden b\u00f6lgedeki otelleri kapatt\u0131. 70 bin kadar ki\u015fi taraf\u0131ndan takip edilecek organizasyon, b\u00f6lgedeki otellerin Eyl\u00fcl ay\u0131 fiyatlar\u0131n\u0131 da y\u00fczde 65 oran\u0131nda art\u0131rd\u0131.<\/p>\n","protected":false},"excerpt":{"rendered":"<p>2019 D\u00dcNYA RALL\u0130 \u015eAMP\u0130YONASININ 10\u2019UNCU AYA\u011eI OLAN T\u00dcRK\u0130YE RALL\u0130S\u0130, 12-15 EYL\u00dcL TAR\u0130HLER\u0130 ARASINDA MARMAR\u0130S MERKEZL\u0130 OLARAK MU\u011eLA \u00c7EVRES\u0130NDE ORGAN\u0130ZE ED\u0130LECEK.<\/p>\n","protected":false},"author":1,"featured_media":184734,"comment_status":"closed","ping_status":"open","sticky":false,"template":"","format":"standard","meta":{"jetpack_post_was_ever_published":false,"_jetpack_newsletter_access":"","_jetpack_dont_email_post_to_subs":false,"_jetpack_newsletter_tier_id":0,"_jetpack_memberships_contains_paywalled_content":false,"_jetpack_memberships_contains_paid_content":false,"footnotes":"","jetpack_publicize_message":"","jetpack_publicize_feature_enabled":true,"jetpack_social_post_already_shared":true,"jetpack_social_options":{"image_generator_settings":{"template":"highway","default_image_id":0,"font":"","enabled":false},"version":2}},"categories":[657],"tags":[522,523,3026,22888,453],"class_list":["post-184733","post","type-post","status-publish","format-standard","has-post-thumbnail","hentry","category-spor","tag-devam","tag-ediyor","tag-hazirliklari","tag-rallisi","tag-turkiye"],"jetpack_publicize_connections":[],"jetpack_featured_media_url":"https:\/\/i0.wp.com\/www.tvturk.com\/wp-content\/uploads\/2019\/07\/turkiye-rallisi-hazirliklari-devam-ediyor_527f2b5.jpg?fit=1000%2C666","jetpack_sharing_enabled":true,"jetpack_shortlink":"https:\/\/wp.me\/paKIfm-M3z","_links":{"self":[{"href":"http:\/\/www.tvturk.com\/index.php\/wp-json\/wp\/v2\/posts\/184733","targetHints":{"allow":["GET"]}}],"collection":[{"href":"http:\/\/www.tvturk.com\/index.php\/wp-json\/wp\/v2\/posts"}],"about":[{"href":"http:\/\/www.tvturk.com\/index.php\/wp-json\/wp\/v2\/types\/post"}],"author":[{"embeddable":true,"href":"http:\/\/www.tvturk.com\/index.php\/wp-json\/wp\/v2\/users\/1"}],"replies":[{"embeddable":true,"href":"http:\/\/www.tvturk.com\/index.php\/wp-json\/wp\/v2\/comments?post=184733"}],"version-history":[{"count":0,"href":"http:\/\/www.tvturk.com\/index.php\/wp-json\/wp\/v2\/posts\/184733\/revisions"}],"wp:featuredmedia":[{"embeddable":true,"href":"http:\/\/www.tvturk.com\/index.php\/wp-json\/wp\/v2\/media\/184734"}],"wp:attachment":[{"href":"http:\/\/www.tvturk.com\/index.php\/wp-json\/wp\/v2\/media?parent=184733"}],"wp:term":[{"taxonomy":"category","embeddable":true,"href":"http:\/\/www.tvturk.com\/index.php\/wp-json\/wp\/v2\/categories?post=184733"},{"taxonomy":"post_tag","embeddable":true,"href":"http:\/\/www.tvturk.com\/index.php\/wp-json\/wp\/v2\/tags?post=184733"}],"curies":[{"name":"wp","href":"https:\/\/api.w.org\/{rel}","templated":true}]}}