{"id":184751,"date":"2019-07-21T14:46:32","date_gmt":"2019-07-21T11:46:32","guid":{"rendered":"http:\/\/www.tvturk.com\/index.php\/adini-verdigi-tasin-muzesini-kurdu\/"},"modified":"2019-07-21T14:46:32","modified_gmt":"2019-07-21T11:46:32","slug":"adini-verdigi-tasin-muzesini-kurdu","status":"publish","type":"post","link":"http:\/\/www.tvturk.com\/index.php\/adini-verdigi-tasin-muzesini-kurdu\/","title":{"rendered":"Ad\u0131n\u0131 verdi\u011fi ta\u015f\u0131n m\u00fczesini kurdu"},"content":{"rendered":"<p>Tokat\u2019ta \u00e7ocuklu\u011fundan beri akik ta\u015flar\u0131na ilgi duyan \u00dcmit Ulus, ke\u015ffetti\u011fi Tokat b\u00f6lgesine has akik ta\u015f\u0131na \u00f6nce isim verdi, sonra da bu ta\u015flar\u0131 sergilemek i\u00e7in m\u00fcze kurdu.<\/p>\n<p>Tokat\u2019\u0131n Turhal il\u00e7esinde rot balans i\u015fletmesine sahip olan evli ve 2 \u00e7ocuk babas\u0131 \u00dcmit Ulus (48), k\u00fc\u00e7\u00fck ya\u015flardan beri tutkunu oldu\u011fu akik ta\u015flar\u0131na olan ilgisini hi\u00e7 kaybetmedi. Kimya M\u00fchendisi Ulus, Tokat\u2019ta ger\u00e7ekle\u015ftirdi\u011fi akik ta\u015f\u0131 aramalar\u0131nda buldu\u011fu ta\u015flarla literat\u00fcrde olan ta\u015flar aras\u0131nda fark oldu\u011funu fark etti. Bu durumu derinlemesine inceleyen ve Hollanda\u2019daki bir ta\u015f uzman\u0131ndan bilgi alan \u00dcmit Ulus, yeni bir ta\u015f ke\u015ffetti\u011fini anlad\u0131. Ta\u015fa k\u00fc\u00e7\u00fck o\u011flunun ad\u0131n\u0131 veren \u00dcmit Ulus\u2019un ke\u015ffetti\u011fi ta\u015f, literat\u00fcre \u2018Esadulus Agate\u2019 ad\u0131yla ge\u00e7ti. \u00dcmit Ulus, Turhal\u2019daki i\u015fletmesinin bir b\u00f6l\u00fcm\u00fcn\u00fc de m\u00fczeye \u00e7evirerek, d\u00fcnyan\u0131n en g\u00fczel akik ta\u015flar\u0131 aras\u0131nda olan Tokat\u2019taki bu akik ta\u015f\u0131n\u0131 ve koleksiyonundaki ta\u015flar\u0131 \u00fccretsiz olarak sergilemeye ba\u015flad\u0131. Ta\u015flar\u0131n ticaretini yapmayan Ulus, bir taraftan akik ta\u015f\u0131 kesim ve i\u015flemesi i\u00e7in tasarlad\u0131\u011f\u0131 makineler \u00fcretirken, di\u011fer taraftan \u00fclke genelindeki \u00fcniversitelerin bilimsel ara\u015ft\u0131rmalar\u0131na ve b\u00f6lge ekonomisine katk\u0131 sa\u011flayabilecek ta\u015f i\u015fleme projelerine g\u00f6n\u00fcll\u00fc olarak destek veriyor.<\/p>\n<p>Y\u0131llard\u0131r ta\u015f toplayan ve muhafaza eden \u00dcmit Ulus, hi\u00e7bir akik ta\u015f\u0131n\u0131n di\u011ferine benzemedi\u011fine dikkat \u00e7ekti. Ulus, \u201cAkiklerin her biri farkl\u0131 desen ve renklerde. Hatta bug\u00fcn d\u00fcnyadaki b\u00fct\u00fcn akikleri kesseniz, bir tane bile birbirine yak\u0131n akik bulamazs\u0131n\u0131z. Dolay\u0131s\u0131yla akik kolekt\u00f6rleri de bu \u015fekilde olu\u015fmu\u015f. Ben ve benim gibi kolekt\u00f6rlerin bu ta\u015fa olan ilgisinin temelinde bu \u00f6zel durumun oldu\u011funu d\u00fc\u015f\u00fcn\u00fcyorum. Tokat akik a\u00e7\u0131s\u0131ndan \u00f6zel bir yer ve b\u00f6lgede \u00e7\u0131kan akikler \u00e7ok g\u00fczel. Almus b\u00f6lgesinde buldu\u011fumuz akik ta\u015f\u0131na o\u011flumun ad\u0131n\u0131 verdim. O\u011flumun ad\u0131 Esad, soyad\u0131m\u0131z Ulus. Esadulus akik olarak d\u00fcnyada bilinir bir ta\u015f oldu. Esadulus Agate ya da Tokat akik ta\u015f\u0131n\u0131n bilimsel \u00e7al\u0131\u015fmalar\u0131n\u0131 da yap\u0131yoruz. Mersin \u00dcniversitesi, Ahi Evran \u00dcniversitesi ile beraber ortak bir \u00e7al\u0131\u015fmam\u0131z var. Bunun tan\u0131mlanmas\u0131 ve formasyonun izah\u0131 ile ilgili bilimsel \u00e7al\u0131\u015fmalar da yap\u0131yoruz. T\u00fcm bunlar\u0131n yan\u0131nda kendi temin etti\u011fim ta\u015flar\u0131n \u00fczerinde \u00e7al\u0131\u015fma yapabilmek i\u00e7in de kendi makinelerimi tasarlad\u0131m. Bu makinelerle ta\u015flar\u0131 i\u015flemeye ba\u015flad\u0131m. Bu makineleri isteyenlere yap\u0131p g\u00f6ndermeye ba\u015flad\u0131m. Daha sonra i\u015f geli\u015fti geli\u015fti ve belli bir s\u00fcre sonra bu galeriyi kurmak zorunda kald\u0131m. Yani bunlar\u0131 g\u00f6stermem gerekiyordu birilerine. Misafirlerimiz geliyor s\u00fcrekli buraya, onlar da geziyor g\u00f6r\u00fcyorlar. Halka a\u00e7\u0131k, \u00fccretsiz bir m\u00fcze. Bizim iste\u011fimiz b\u00f6lgemizin bu anlamda ekonomik a\u00e7\u0131dan geli\u015fmesi y\u00f6n\u00fcndedir. Ben s\u00fcs ta\u015flar\u0131n\u0131n ticaretini yapm\u0131yorum ama ekipmanlar\u0131n ticaretini yap\u0131yorum. Bu durumu bizim end\u00fcstriye d\u00f6n\u00fc\u015fmemiz gerekir diye d\u00fc\u015f\u00fcn\u00fcyorum\u201d ifadelerini kulland\u0131.<\/p>\n<p>Hafta i\u00e7i mesai saatlerinde a\u00e7\u0131k olan m\u00fczeyi gezen ta\u015f tutkunlar\u0131na zaman zaman \u00dcmit Ulus da e\u015flik ederek, sergilenen ta\u015flar ve hikayelerini ziyaret\u00e7ilerle payla\u015f\u0131yor.<\/p>\n","protected":false},"excerpt":{"rendered":"<p>TOKAT\u2019TA \u00c7OCUKLU\u011eUNDAN BER\u0130 AK\u0130K TA\u015eLARINA \u0130LG\u0130 DUYAN \u00dcM\u0130T ULUS, KE\u015eFETT\u0130\u011e\u0130 TOKAT B\u00d6LGES\u0130NE HAS \u00d6ZELL\u0130KLER TA\u015eIYAN AK\u0130K TA\u015eINA \u00d6NCE \u0130S\u0130M VERD\u0130, SONRA DA BU TA\u015eLARI SERG\u0130LEMEK \u0130\u00c7\u0130N M\u00dcZE KURDU.<\/p>\n","protected":false},"author":1,"featured_media":184752,"comment_status":"closed","ping_status":"open","sticky":false,"template":"","format":"standard","meta":{"jetpack_post_was_ever_published":false,"_jetpack_newsletter_access":"","_jetpack_dont_email_post_to_subs":false,"_jetpack_newsletter_tier_id":0,"_jetpack_memberships_contains_paywalled_content":false,"_jetpack_memberships_contains_paid_content":false,"footnotes":"","jetpack_publicize_message":"","jetpack_publicize_feature_enabled":true,"jetpack_social_post_already_shared":true,"jetpack_social_options":{"image_generator_settings":{"template":"highway","default_image_id":0,"font":"","enabled":false},"version":2}},"categories":[1],"tags":[4363,466,8353,28829,7149],"class_list":["post-184751","post","type-post","status-publish","format-standard","has-post-thumbnail","hentry","category-genel","tag-adini","tag-kurdu","tag-muzesini","tag-tasin","tag-verdigi"],"jetpack_publicize_connections":[],"jetpack_featured_media_url":"https:\/\/i0.wp.com\/www.tvturk.com\/wp-content\/uploads\/2019\/07\/adini-verdigi-tasin-muzesini-kurdu_c6d3e05.jpg?fit=1000%2C666","jetpack_sharing_enabled":true,"jetpack_shortlink":"https:\/\/wp.me\/paKIfm-M3R","_links":{"self":[{"href":"http:\/\/www.tvturk.com\/index.php\/wp-json\/wp\/v2\/posts\/184751","targetHints":{"allow":["GET"]}}],"collection":[{"href":"http:\/\/www.tvturk.com\/index.php\/wp-json\/wp\/v2\/posts"}],"about":[{"href":"http:\/\/www.tvturk.com\/index.php\/wp-json\/wp\/v2\/types\/post"}],"author":[{"embeddable":true,"href":"http:\/\/www.tvturk.com\/index.php\/wp-json\/wp\/v2\/users\/1"}],"replies":[{"embeddable":true,"href":"http:\/\/www.tvturk.com\/index.php\/wp-json\/wp\/v2\/comments?post=184751"}],"version-history":[{"count":0,"href":"http:\/\/www.tvturk.com\/index.php\/wp-json\/wp\/v2\/posts\/184751\/revisions"}],"wp:featuredmedia":[{"embeddable":true,"href":"http:\/\/www.tvturk.com\/index.php\/wp-json\/wp\/v2\/media\/184752"}],"wp:attachment":[{"href":"http:\/\/www.tvturk.com\/index.php\/wp-json\/wp\/v2\/media?parent=184751"}],"wp:term":[{"taxonomy":"category","embeddable":true,"href":"http:\/\/www.tvturk.com\/index.php\/wp-json\/wp\/v2\/categories?post=184751"},{"taxonomy":"post_tag","embeddable":true,"href":"http:\/\/www.tvturk.com\/index.php\/wp-json\/wp\/v2\/tags?post=184751"}],"curies":[{"name":"wp","href":"https:\/\/api.w.org\/{rel}","templated":true}]}}