{"id":184783,"date":"2019-07-21T16:16:34","date_gmt":"2019-07-21T13:16:34","guid":{"rendered":"http:\/\/www.tvturk.com\/index.php\/karaburun-belediye-baskanindan-ikinci-maas-aciklamasi\/"},"modified":"2019-07-21T16:16:34","modified_gmt":"2019-07-21T13:16:34","slug":"karaburun-belediye-baskanindan-ikinci-maas-aciklamasi","status":"publish","type":"post","link":"http:\/\/www.tvturk.com\/index.php\/karaburun-belediye-baskanindan-ikinci-maas-aciklamasi\/","title":{"rendered":"Karaburun Belediye Ba\u015fkan\u0131\u2019ndan &#8220;ikinci maa\u015f&#8221; a\u00e7\u0131klamas\u0131"},"content":{"rendered":"<p>Karaburun Belediye Ba\u015fkan\u0131 \u0130lkay Girgin Erdo\u011fan, &#8220;kendisine ikinci maa\u015f ba\u011flad\u0131&#8221; ve &#8220;kendisini m\u00fcd\u00fcr atad\u0131&#8221; haberlerine ili\u015fkin bir a\u00e7\u0131klama yapt\u0131.<\/p>\n<p>Sosyal medya hesab\u0131ndan a\u00e7\u0131klamada bulunan Karaburun Belediye Ba\u015fkan\u0131 \u0130lkay Girgin Erdo\u011fan, &#8220;Son \u00fc\u00e7 g\u00fcnd\u00fcr baz\u0131 bas\u0131n-yay\u0131n organlar\u0131nda \u015fahs\u0131mla ilgili yay\u0131nlanan \u2019kendisine ikinci maa\u015f ba\u011flad\u0131, \u2019kendisini m\u00fcd\u00fcr atad\u0131\u2019 ve benzeri ba\u015fl\u0131kl\u0131 haber ve yorumlarla ilgili olarak a\u015fa\u011f\u0131daki a\u00e7\u0131klamay\u0131 yapmay\u0131 zorunluluk say\u0131yorum. 30 Mart 2018 tarihinde kurulan ve T\u00fcrkiye Ticaret Sicili Gazetesi\u2019nin 4 Nisan 2018 tarih ve 9551 numaral\u0131 say\u0131s\u0131nda t\u00fcm kurulu\u015f s\u00fcre\u00e7leri yay\u0131nlanan, hisselerinin t\u00fcm\u00fc Karaburun Belediyesine ait olan Karaburun Belediyesi Personel Limited \u015eirketine \u2019m\u00fcd\u00fcr\u2019 olarak atanmam, \u015firket faaliyetlerinin kesintiye u\u011framamas\u0131 i\u00e7in tamam\u0131yla kanuni bir zorunluluktan kaynaklanm\u0131\u015ft\u0131r&#8221; dedi.<\/p>\n<p>&#8220;KHK\u2019ya dayanarak kurulmu\u015ftur&#8221;<\/p>\n<p>Ta\u015feron i\u015f\u00e7ilerin kadroya al\u0131nmas\u0131n\u0131 \u00f6ng\u00f6ren 27 Aral\u0131k 2017 tarih ve 696 say\u0131l\u0131 Kanun H\u00fckm\u00fcnde Kararname\u2019nin (KHK) belediyeler, il \u00f6zel idareleri ve mahalli idarelerde \u00e7al\u0131\u015fan alt i\u015fveren i\u015f\u00e7ilerinin belediye \u015firketlerinde istihdam edilmesini \u00f6ng\u00f6rd\u00fc\u011f\u00fcn\u00fc belirten Erdo\u011fan, &#8220;Karaburun Belediyesine ba\u011fl\u0131 Karaburun Belediye Personel Ltd. \u015eti. bu KHK\u2019ya dayanarak kurulmu\u015ftur. Karaburun Belediye Meclisinin 12 Nisan 2019 tarihinde yapt\u0131\u011f\u0131 toplant\u0131da 5 y\u0131l s\u00fcre ile ad\u0131 ge\u00e7en \u015firketin m\u00fcd\u00fcr\u00fc olarak atanmam \u2019oy \u00e7oklu\u011fu\u2019 ile karar alt\u0131na al\u0131nm\u0131\u015f; yine Karaburun Belediye Meclisinin 10 Haziran 2019 tarihli meclis karar\u0131nda ad\u0131 ge\u00e7en \u015firketin \u2019m\u00fcd\u00fcr\u00fc\u2019 olarak 1 Haziran 2019 tarihinden ge\u00e7erli olmak \u00fczere taraf\u0131ma 7 bin 500 TL\/ay huzur hakk\u0131 \u00f6denmesine oy \u00e7oklu\u011fu ile karar verilmi\u015ftir. Bu karar, \u015feffaf y\u00f6netim anlay\u0131\u015f\u0131m\u0131z gere\u011fi belediyemizin www.karaburun.bel.tr internet sitesinde \u2019meclis kararlar\u0131\u2019 b\u00f6l\u00fcm\u00fcnde ayn\u0131 g\u00fcn a\u00e7\u0131k\u00e7a ilan edilmi\u015ftir&#8221; ifadelerini kulland\u0131.<\/p>\n<p>&#8220;Ba\u011f\u0131\u015f olarak yat\u0131rd\u0131m&#8221;<\/p>\n<p>31 Mart tarihinde yap\u0131lan yerel y\u00f6netim se\u00e7imleri kampanya s\u00fcrecinde ve se\u00e7ildikten itibaren belediyelerin t\u00fcm i\u015f ve i\u015flemlerinin yurtta\u015flar\u0131n ve ilgili t\u00fcm kurumlar\u0131n denetimine a\u00e7\u0131k \u015fekilde y\u00f6netilmesi hususunu hem bir siyaset\u00e7i hem de bir hukuk\u00e7u olarak s\u00fcrekli vurgulad\u0131\u011f\u0131n\u0131 kaydeden Erdo\u011fan, \u015f\u00f6yle devam etti:<\/p>\n<p>&#8220;Ald\u0131\u011f\u0131m\u0131z t\u00fcm meclis kararlar\u0131m\u0131z\u0131 internet sitemizde yay\u0131nlayarak hem\u015fehrilerimizle payla\u015ft\u0131k ve bu ilkemize uygun hareket ettik. Her icraat\u0131m\u0131zda bize iletilen t\u00fcm olumlu ve olumsuz geri bildirimleri \u00f6nemsiyor, kendimizi s\u00fcrekli sorgulayan ve sorgulanmaya haz\u0131r tutan bir y\u00f6netim modeli benimsiyoruz. Bu \u00e7er\u00e7evede ad\u0131 ge\u00e7en \u015firkette KHK, kanun ve Y\u00fcksek Mahkeme kararlar\u0131na ayk\u0131r\u0131 olmamas\u0131na ra\u011fmen bas\u0131nda ve kamuoyunda rahats\u0131zl\u0131k ve hassasiyete neden olan \u2019huzur hakk\u0131\u2019 i\u015flemini tamamen kendi \u00f6zg\u00fcr irademle sonland\u0131rma karar\u0131 ald\u0131m. \u015eirket taraf\u0131ndan hesab\u0131ma bir kez \u00f6denen \u2019huzur hakk\u0131\u2019 mebla\u011f\u0131n\u0131n tamam\u0131n\u0131 il\u00e7emizde e\u011fitim veren Karaburun Ortaokulu Okul Aile Birli\u011finin hesab\u0131na \u2019ba\u011f\u0131\u015f\u2019 olarak yat\u0131rd\u0131m.&#8221;<\/p>\n<p>&#8220;Ba\u011f\u0131\u015flamalar\u0131n\u0131 \u00f6neriyorum&#8221;<\/p>\n<p>Belediyenin ilk meclis toplant\u0131s\u0131nda bahsedilen meclis karar\u0131n\u0131 ortadan kald\u0131ran yeni bir meclis karar\u0131 al\u0131nmas\u0131 i\u00e7in iradesini ortaya koyaca\u011f\u0131n\u0131, al\u0131nacak karar\u0131 da kurumsal web sitesi ve sosyal medya hesaplar\u0131 arac\u0131l\u0131\u011f\u0131yla kamuoyu ile payla\u015faca\u011f\u0131n\u0131 dile getiren Erdo\u011fan, &#8220;Ya\u015fad\u0131\u011f\u0131m\u0131z bu olaylar neticesinde halk\u0131m\u0131z\u0131n bu konulardaki duyarl\u0131l\u0131klar\u0131n\u0131 ve tepkilerini g\u00f6rm\u00fc\u015f olmam sebebi ile t\u00fcm kamuoyumuza, ayr\u0131m g\u00f6zetmeksizin t\u00fcm siyasi partilerimize, belediye ba\u015fkanlar\u0131m\u0131za, belediye meclis \u00fcyelerimize a\u00e7\u0131k bir \u00e7a\u011fr\u0131da bulunmak istiyorum; belediyelerimizin h\u00e2kim ortak ya da hissedar olduklar\u0131 iktisadi te\u015febb\u00fcslerde g\u00f6rev alan y\u00f6netim kurulu ba\u015fkan\u0131 ve y\u00f6netim kurulu \u00fcyelerinin yasal maa\u015flar\u0131 haricinde huzur hakk\u0131 almamalar\u0131n\u0131, \u2019huzur hakk\u0131\u2019 ve benzeri ad alt\u0131nda al\u0131nan \u00fccretleri ise g\u00f6rev yapt\u0131klar\u0131 beldelerdeki sosyal sorumluluk ama\u00e7l\u0131 projelerde kullan\u0131lmak \u00fczere ba\u011f\u0131\u015flamalar\u0131n\u0131 \u00f6neriyorum. Siyasette her zaman \u00f6nc\u00fc olan \u0130zmir\u2019de ve il\u00e7emizde ya\u015fanan bu geli\u015fmenin \u00fclkemize \u00f6rnek olabilecek sonu\u00e7lar do\u011furmas\u0131n\u0131 g\u00f6n\u00fclden diliyorum. T\u00fcm yurtta\u015flar\u0131m\u0131za sevgi ve sayg\u0131lar\u0131m\u0131 sunuyorum&#8221; dedi.<\/p>\n","protected":false},"excerpt":{"rendered":"<p>KARABURUN BELED\u0130YE BA\u015eKANI \u0130LKAY G\u0130RG\u0130N ERDO\u011eAN, &#8220;KEND\u0130S\u0130NE \u0130K\u0130NC\u0130 MAA\u015e BA\u011eLADI&#8221; VE &#8220;KEND\u0130S\u0130N\u0130 M\u00dcD\u00dcR ATADI&#8221; \u0130DD\u0130ALARINA \u0130L\u0130\u015eK\u0130N SOSYAL MEDYA HESABINDAN A\u00c7IKLAMA YAPTI.<\/p>\n","protected":false},"author":1,"featured_media":184784,"comment_status":"closed","ping_status":"open","sticky":false,"template":"","format":"standard","meta":{"jetpack_post_was_ever_published":false,"_jetpack_newsletter_access":"","_jetpack_dont_email_post_to_subs":false,"_jetpack_newsletter_tier_id":0,"_jetpack_memberships_contains_paywalled_content":false,"_jetpack_memberships_contains_paid_content":false,"footnotes":"","jetpack_publicize_message":"","jetpack_publicize_feature_enabled":true,"jetpack_social_post_already_shared":true,"jetpack_social_options":{"image_generator_settings":{"template":"highway","default_image_id":0,"font":"","enabled":false},"version":2}},"categories":[1],"tags":[1072,3428,134,2087,45778,2914],"class_list":["post-184783","post","type-post","status-publish","format-standard","has-post-thumbnail","hentry","category-genel","tag-aciklamasi","tag-baskanindan","tag-belediye","tag-ikinci","tag-karaburun","tag-maas"],"jetpack_publicize_connections":[],"jetpack_featured_media_url":"https:\/\/i0.wp.com\/www.tvturk.com\/wp-content\/uploads\/2019\/07\/karaburun-belediye-baskanindan-ikinci-maas-aciklamasi_a686b0a.jpg?fit=480%2C480","jetpack_sharing_enabled":true,"jetpack_shortlink":"https:\/\/wp.me\/paKIfm-M4n","_links":{"self":[{"href":"http:\/\/www.tvturk.com\/index.php\/wp-json\/wp\/v2\/posts\/184783","targetHints":{"allow":["GET"]}}],"collection":[{"href":"http:\/\/www.tvturk.com\/index.php\/wp-json\/wp\/v2\/posts"}],"about":[{"href":"http:\/\/www.tvturk.com\/index.php\/wp-json\/wp\/v2\/types\/post"}],"author":[{"embeddable":true,"href":"http:\/\/www.tvturk.com\/index.php\/wp-json\/wp\/v2\/users\/1"}],"replies":[{"embeddable":true,"href":"http:\/\/www.tvturk.com\/index.php\/wp-json\/wp\/v2\/comments?post=184783"}],"version-history":[{"count":0,"href":"http:\/\/www.tvturk.com\/index.php\/wp-json\/wp\/v2\/posts\/184783\/revisions"}],"wp:featuredmedia":[{"embeddable":true,"href":"http:\/\/www.tvturk.com\/index.php\/wp-json\/wp\/v2\/media\/184784"}],"wp:attachment":[{"href":"http:\/\/www.tvturk.com\/index.php\/wp-json\/wp\/v2\/media?parent=184783"}],"wp:term":[{"taxonomy":"category","embeddable":true,"href":"http:\/\/www.tvturk.com\/index.php\/wp-json\/wp\/v2\/categories?post=184783"},{"taxonomy":"post_tag","embeddable":true,"href":"http:\/\/www.tvturk.com\/index.php\/wp-json\/wp\/v2\/tags?post=184783"}],"curies":[{"name":"wp","href":"https:\/\/api.w.org\/{rel}","templated":true}]}}