{"id":18480,"date":"2019-02-10T15:13:49","date_gmt":"2019-02-10T12:13:49","guid":{"rendered":"http:\/\/www.tvturk.com\/index.php\/dereceye-girenler-dagcilik-milli-takimina-secilecek\/"},"modified":"2019-02-10T15:13:52","modified_gmt":"2019-02-10T12:13:52","slug":"dereceye-girenler-dagcilik-milli-takimina-secilecek","status":"publish","type":"post","link":"http:\/\/www.tvturk.com\/index.php\/dereceye-girenler-dagcilik-milli-takimina-secilecek\/","title":{"rendered":"Dereceye girenler Da\u011fc\u0131l\u0131k Milli Tak\u0131m\u0131\u2019na se\u00e7ilecek"},"content":{"rendered":"<p>T\u00fcrkiye Da\u011fc\u0131l\u0131k Federasyonu\u2019nun 2019 y\u0131l\u0131 faaliyet program\u0131 kapsam\u0131nda K\u00fc\u00e7\u00fckler-Gen\u00e7ler spor t\u0131rman\u0131\u015f yar\u0131\u015fmas\u0131n\u0131n 2. aya\u011f\u0131 Sakarya\u2019da yap\u0131ld\u0131. Ger\u00e7ekle\u015fen yar\u0131\u015fmada dereceye giden sporcular milli tak\u0131ma se\u00e7ilecekler.<\/p>\n<p>T\u00fcrkiye Da\u011fc\u0131l\u0131k Federasyonu\u2019nun 2019 y\u0131l\u0131 faaliyet program\u0131nda yer alan K\u00fc\u00e7\u00fckler-Gen\u00e7ler kategorisinde spor t\u0131rman\u0131\u015f yar\u0131\u015fmas\u0131 serisinin 2. aya\u011f\u0131 160 sporcunun kat\u0131l\u0131m\u0131yla Sakarya\u2019da ger\u00e7ekle\u015fti. K\u0131yas\u0131ya ger\u00e7ekle\u015fen yar\u0131\u015fmalarda dereceye giren \u00f6\u011frenciler milli tak\u0131ma se\u00e7ilecekler. T\u00fcrkiye Da\u011fc\u0131l\u0131k Federasyonu Sakarya Da\u011fc\u0131l\u0131k \u0130l Temsilcisi Yusuf Ayd\u0131n yar\u0131\u015fma hakk\u0131nda bilgi vererek, \u201c\u015eampiyonam\u0131z T\u00fcrkiye Da\u011fc\u0131l\u0131k Federasyonunun T\u0131rman\u0131\u015f Sporu Boulder K\u00fc\u00e7\u00fckler, Gen\u00e7ler T\u00fcrkiye \u015eampiyonas\u0131\u2019n\u0131n 2\u2019inci aya\u011f\u0131. 1\u2019inci aya\u011f\u0131 Malatya\u2019da ger\u00e7ekle\u015ftirildi. Burada dereceye giren sporcular\u0131m\u0131z, milli tak\u0131ma se\u00e7iliyorlar. Spor t\u0131rman\u0131\u015f olimpik bir dal oldu, ondan dolay\u0131 buradan derece alanlar milli tak\u0131ma se\u00e7ilerek oradan da olimpiyatlara yar\u0131\u015fmac\u0131, sporcu g\u00f6ndermek i\u00e7in se\u00e7meler burada oluyor. D\u00fcn ba\u015flad\u0131 yar\u0131\u015fmam\u0131z. D\u00fcn iki kategoride yar\u0131\u015fmalar\u0131m\u0131z oldu. Bug\u00fcn de burada gen\u00e7ler yar\u0131\u015f\u0131yor. D\u00fcn madalya t\u00f6renimiz ger\u00e7ekle\u015fti bug\u00fcn de ayn\u0131 \u015fekilde madalya t\u00f6renimiz ger\u00e7ekle\u015fecek&#8221; dedi.<\/p>\n<p>\u201cPuanlara g\u00f6re elemeleri oluyor\u201d<\/p>\n<p>Yar\u0131\u015fmaya 160 sporcunun kat\u0131ld\u0131\u011f\u0131n\u0131 belirten Ayd\u0131n, \u201cToplamda 170 sporcu ba\u015fvuru yapt\u0131 yakla\u015f\u0131k olarak bunlar\u0131n 160 tanesi buraya geldi aileleri ile birlikte. 9 ile 17 ya\u015f aral\u0131\u011f\u0131nda sporcular\u0131m\u0131z mevcut. Parkurumuzda rota yap\u0131c\u0131 hocalar\u0131m\u0131z var. Hocalar\u0131m\u0131z 1-2 g\u00fcn \u00f6nceden gelerek rotalar, duvar hakk\u0131nda \u00e7al\u0131\u015f\u0131p rota yap\u0131yorlar. \u015eu anda duvar\u0131m\u0131z\u0131n \u00fczerinde 8-9 tane rota var. Her sporcu bu rotalara giriyor. \u00d6nce haz\u0131rl\u0131k a\u015famas\u0131nda rotalar\u0131 kontrol ediyorlar. Daha sonra zaman ba\u015flat\u0131l\u0131yor, zaman ba\u015flad\u0131ktan sonra her sporcunun 1 rotay\u0131 5 kere deneme hakk\u0131 oluyor. Burada 2 b\u00f6lge var, zirveye ula\u015ft\u0131klar\u0131nda puan al\u0131yorlar. 8 tane parkur var, sporcular\u0131m\u0131z 8 parkurdan istediklerine girebiliyorlar s\u0131rayla. Bunlar\u0131n ald\u0131klar\u0131 puanlara g\u00f6re elemeleri oluyor. Daha sonra bir \u00fcst tura ge\u00e7ip finale ge\u00e7ene kadar bu b\u00f6yle devam ediyor&#8221; diye konu\u015ftu.<\/p>\n<p>\u201cElimizden geleni yapaca\u011f\u0131z\u201d<\/p>\n<p>Ayd\u0131n s\u00f6zlerinin devam\u0131nda, &#8220;Sakarya\u2019da da\u011fc\u0131l\u0131k sporunu yap\u0131yoruz yakla\u015f\u0131k 9-10 tane spor kul\u00fcb\u00fcm\u00fcz var da\u011fc\u0131l\u0131k ile u\u011fra\u015fan. Bu da\u011fc\u0131l\u0131\u011f\u0131n spor t\u0131rman\u0131\u015f b\u00f6l\u00fcm\u00fc. Halk\u0131m\u0131z\u0131n; spor t\u0131rman\u0131\u015f\u0131 olabilir, do\u011fa y\u00fcr\u00fcy\u00fc\u015f\u00fc olabilir da\u011fc\u0131l\u0131k anlam\u0131nda bu aktivitelere kat\u0131lmalar\u0131n\u0131 istiyoruz. Spor t\u0131rman\u0131\u015f\u0131na \u00e7ocuklar\u0131n\u0131 y\u00f6nlendirmelerini istiyoruz. \u00c7ocuklar\u0131 k\u00fc\u00e7\u00fck ya\u015fta spora ba\u015flatabilirsek sonu\u00e7ta spor yapan insandan hi\u00e7bir zaman k\u00f6t\u00fcl\u00fck gelmez ve kendini daha \u00e7ok geli\u015ftirebilir. O y\u00fczden halk\u0131m\u0131z\u0131n \u00e7ocuklar\u0131n\u0131 te\u015fvik edip g\u00f6ndermelerini istiyoruz Sakarya\u2019da. Bundan sonra Sakarya \u00dcniversitesi\u2019nde bu duvarda sporcular\u0131m\u0131z\u0131 e\u011fitece\u011fiz, yard\u0131mc\u0131 olaca\u011f\u0131z ve milli tak\u0131ma girebilmeleri i\u00e7in elimizden geleni yapaca\u011f\u0131z&#8221; \u015feklinde konu\u015ftu.<\/p>\n<p>S\u00fceda Kasrat: \u201c\u00c7ok g\u00fczel ve etkili bir spor\u201d<\/p>\n<p>K\u00fctahya\u2019dan yar\u0131\u015fmaya kat\u0131ld\u0131\u011f\u0131n\u0131 s\u00f6yleyen sporcu S\u00fceda Kasrat, \u201cBuraya spor t\u0131rman\u0131\u015f\u0131 yar\u0131\u015fmalar\u0131 i\u00e7in geldim. Yar\u0131\u015fmalarda \u00e7ok g\u00fczel duygular hissettim, e\u011flendim. Bu sporu iyice kavrayarak geli\u015ftirdim kendimi. \u0130lk olarak ge\u00e7en sene ba\u015flad\u0131m ve \u00e7ok memnunum. G\u00fczel bir spor beni geli\u015ftiriyor. Yar\u0131\u015fma rotalara g\u00f6re kolayda, zorda oldu. \u00c7al\u0131\u015ft\u0131k, \u00e7abalad\u0131k ve emek verdik. Rotaya g\u00f6re de\u011fi\u015fti t\u0131rmanma \u015fekillerimiz. B\u00fct\u00fcn arkada\u015flar\u0131m\u0131 bu t\u0131rman\u0131\u015fa davet ediyorum, ger\u00e7ekten \u00e7ok g\u00fczel ve etkili bir spor oldu\u011funu d\u00fc\u015f\u00fcn\u00fcyorum&#8221; ifadelerini kulland\u0131.<div class=\"tiled-gallery type-rectangular tiled-gallery-unresized\" data-original-width=\"500\" data-carousel-extra='null' itemscope itemtype=\"http:\/\/schema.org\/ImageGallery\" > <div class=\"gallery-row\" style=\"width: 500px; height: 224px;\" data-original-width=\"500\" data-original-height=\"224\" > <div class=\"gallery-group images-1\" style=\"width: 334px; height: 224px;\" data-original-width=\"334\" data-original-height=\"224\" > <div class=\"tiled-gallery-item tiled-gallery-item-large\" itemprop=\"associatedMedia\" itemscope itemtype=\"http:\/\/schema.org\/ImageObject\"> <a href=\"http:\/\/www.tvturk.com\/index.php\/dereceye-girenler-dagcilik-milli-takimina-secilecek\/dereceye-girenler-dagcilik-milli-takimina-secilecek-3\/\" border=\"0\" itemprop=\"url\"> <meta itemprop=\"width\" content=\"330\"> <meta itemprop=\"height\" content=\"220\"> <img decoding=\"async\" class=\"\" data-attachment-id=\"18482\" data-orig-file=\"http:\/\/www.tvturk.com\/wp-content\/uploads\/2019\/02\/dereceye-girenler-dagcilik-milli-takimina-secilecek_e25daf6.jpg\" data-orig-size=\"1000,666\" data-comments-opened=\"\" data-image-meta=\"{&quot;aperture&quot;:&quot;0&quot;,&quot;credit&quot;:&quot;IHA&quot;,&quot;camera&quot;:&quot;&quot;,&quot;caption&quot;:&quot;T\\u00dcRK\\u0130YE DA\\u011eCILIK FEDERASYONUNUN 2019 YILI FAAL\\u0130YET PROGRAMI KAPSAMINDA K\\u00dc\\u00c7\\u00dcKLER-GEN\\u00c7LER SPOR TIRMANI\\u015e YARI\\u015eMASININ 2. AYA\\u011eI SAKARYA\\u2019DA YAPILDI. GER\\u00c7EKLE\\u015eEN YARI\\u015eMADA DERECEYE G\\u0130DEN SPORCULAR M\\u0130LL\\u0130 TAKIM\\u2019A SE\\u00c7\\u0130LECEKLER. (BURAK CAN TOKY\\u00dcREK - REMZ\\u0130 \\u015e\\u0130M\\u015eEK\\\/SAKARYA-\\u0130HA)&quot;,&quot;created_timestamp&quot;:&quot;0&quot;,&quot;copyright&quot;:&quot;\\u0130HLAS HABER AJANSI, www.iha.com.tr&quot;,&quot;focal_length&quot;:&quot;0&quot;,&quot;iso&quot;:&quot;0&quot;,&quot;shutter_speed&quot;:&quot;0&quot;,&quot;title&quot;:&quot;DERECEYE G\\u0130RENLER DA\\u011eCILIK M\\u0130LL\\u0130 TAKIMI\\u0027NA SE\\u00c7\\u0130LECEK T\\u00dcRK\\u0130YE DA\\u011eCILIK FEDERASYONU SAKARYA DA\\u011eCILIK \\u0130L TEMS\\u0130LC\\u0130S\\u0130 YUSUF AYDIN: \\u201c\\u00c7OCUKLARI K\\u00dc\\u00c7\\u00dcK YA\\u015eTA SPORA BA\\u015eLATAB\\u0130L\\u0130RSEK SONU\\u00c7TA SPOR YAPAN \\u0130NSANDAN H\\u0130\\u00c7B\\u0130R ZAMAN K\\u00d6T\\u00dcL\\u00dcK GELMEZ VE KEND\\u0130N\\u0130 DAHA \\u00c7OK GEL\\u0130\\u015eT\\u0130REB\\u0130L\\u0130R\\u0022&quot;,&quot;orientation&quot;:&quot;0&quot;}\" data-image-title=\"Dereceye girenler Da\u011fc\u0131l\u0131k Milli Tak\u0131m\u0131\u2019na se\u00e7ilecek\" data-image-description=\"&lt;p&gt;Dereceye girenler Da\u011fc\u0131l\u0131k Milli Tak\u0131m\u0131\u2019na se\u00e7ilecek&lt;\/p&gt; \" data-medium-file=\"https:\/\/i0.wp.com\/www.tvturk.com\/wp-content\/uploads\/2019\/02\/dereceye-girenler-dagcilik-milli-takimina-secilecek_e25daf6.jpg?fit=300%2C200\" data-large-file=\"https:\/\/i0.wp.com\/www.tvturk.com\/wp-content\/uploads\/2019\/02\/dereceye-girenler-dagcilik-milli-takimina-secilecek_e25daf6.jpg?fit=1000%2C666\" src=\"https:\/\/i0.wp.com\/www.tvturk.com\/wp-content\/uploads\/2019\/02\/dereceye-girenler-dagcilik-milli-takimina-secilecek_e25daf6.jpg?w=330&#038;h=220\" srcset=\"https:\/\/i0.wp.com\/www.tvturk.com\/wp-content\/uploads\/2019\/02\/dereceye-girenler-dagcilik-milli-takimina-secilecek_e25daf6.jpg?w=1000 1000w, https:\/\/i0.wp.com\/www.tvturk.com\/wp-content\/uploads\/2019\/02\/dereceye-girenler-dagcilik-milli-takimina-secilecek_e25daf6.jpg?resize=150%2C100 150w, https:\/\/i0.wp.com\/www.tvturk.com\/wp-content\/uploads\/2019\/02\/dereceye-girenler-dagcilik-milli-takimina-secilecek_e25daf6.jpg?resize=300%2C200 300w, https:\/\/i0.wp.com\/www.tvturk.com\/wp-content\/uploads\/2019\/02\/dereceye-girenler-dagcilik-milli-takimina-secilecek_e25daf6.jpg?resize=768%2C511 768w, https:\/\/i0.wp.com\/www.tvturk.com\/wp-content\/uploads\/2019\/02\/dereceye-girenler-dagcilik-milli-takimina-secilecek_e25daf6.jpg?resize=170%2C113 170w, https:\/\/i0.wp.com\/www.tvturk.com\/wp-content\/uploads\/2019\/02\/dereceye-girenler-dagcilik-milli-takimina-secilecek_e25daf6.jpg?resize=120%2C80 120w\" width=\"330\" height=\"220\" loading=\"lazy\" data-original-width=\"330\" data-original-height=\"220\" itemprop=\"http:\/\/schema.org\/image\" title=\"Dereceye girenler Da\u011fc\u0131l\u0131k Milli Tak\u0131m\u0131\u2019na se\u00e7ilecek\" alt=\"Dereceye girenler Da\u011fc\u0131l\u0131k Milli Tak\u0131m\u0131\u2019na se\u00e7ilecek\" style=\"width: 330px; height: 220px;\" \/> <\/a> <\/div> <\/div> <!-- close group --> <div class=\"gallery-group images-2\" style=\"width: 166px; height: 224px;\" data-original-width=\"166\" data-original-height=\"224\" > <div class=\"tiled-gallery-item tiled-gallery-item-small\" itemprop=\"associatedMedia\" itemscope itemtype=\"http:\/\/schema.org\/ImageObject\"> <a href=\"http:\/\/www.tvturk.com\/index.php\/dereceye-girenler-dagcilik-milli-takimina-secilecek\/dereceye-girenler-dagcilik-milli-takimina-secilecek-4\/\" border=\"0\" itemprop=\"url\"> <meta itemprop=\"width\" content=\"162\"> <meta itemprop=\"height\" content=\"108\"> <img decoding=\"async\" class=\"\" data-attachment-id=\"18483\" data-orig-file=\"http:\/\/www.tvturk.com\/wp-content\/uploads\/2019\/02\/dereceye-girenler-dagcilik-milli-takimina-secilecek_c6ec2e0.jpg\" data-orig-size=\"1000,666\" data-comments-opened=\"\" data-image-meta=\"{&quot;aperture&quot;:&quot;0&quot;,&quot;credit&quot;:&quot;IHA&quot;,&quot;camera&quot;:&quot;&quot;,&quot;caption&quot;:&quot;T\\u00dcRK\\u0130YE DA\\u011eCILIK FEDERASYONUNUN 2019 YILI FAAL\\u0130YET PROGRAMI KAPSAMINDA K\\u00dc\\u00c7\\u00dcKLER-GEN\\u00c7LER SPOR TIRMANI\\u015e YARI\\u015eMASININ 2. AYA\\u011eI SAKARYA\\u2019DA YAPILDI. GER\\u00c7EKLE\\u015eEN YARI\\u015eMADA DERECEYE G\\u0130DEN SPORCULAR M\\u0130LL\\u0130 TAKIM\\u2019A SE\\u00c7\\u0130LECEKLER. (BURAK CAN TOKY\\u00dcREK - REMZ\\u0130 \\u015e\\u0130M\\u015eEK\\\/SAKARYA-\\u0130HA)&quot;,&quot;created_timestamp&quot;:&quot;0&quot;,&quot;copyright&quot;:&quot;\\u0130HLAS HABER AJANSI, www.iha.com.tr&quot;,&quot;focal_length&quot;:&quot;0&quot;,&quot;iso&quot;:&quot;0&quot;,&quot;shutter_speed&quot;:&quot;0&quot;,&quot;title&quot;:&quot;DERECEYE G\\u0130RENLER DA\\u011eCILIK M\\u0130LL\\u0130 TAKIMI\\u0027NA SE\\u00c7\\u0130LECEK T\\u00dcRK\\u0130YE DA\\u011eCILIK FEDERASYONU SAKARYA DA\\u011eCILIK \\u0130L TEMS\\u0130LC\\u0130S\\u0130 YUSUF AYDIN: \\u201c\\u00c7OCUKLARI K\\u00dc\\u00c7\\u00dcK YA\\u015eTA SPORA BA\\u015eLATAB\\u0130L\\u0130RSEK SONU\\u00c7TA SPOR YAPAN \\u0130NSANDAN H\\u0130\\u00c7B\\u0130R ZAMAN K\\u00d6T\\u00dcL\\u00dcK GELMEZ VE KEND\\u0130N\\u0130 DAHA \\u00c7OK GEL\\u0130\\u015eT\\u0130REB\\u0130L\\u0130R\\u0022&quot;,&quot;orientation&quot;:&quot;0&quot;}\" data-image-title=\"Dereceye girenler Da\u011fc\u0131l\u0131k Milli Tak\u0131m\u0131\u2019na se\u00e7ilecek\" data-image-description=\"&lt;p&gt;Dereceye girenler Da\u011fc\u0131l\u0131k Milli Tak\u0131m\u0131\u2019na se\u00e7ilecek&lt;\/p&gt; \" data-medium-file=\"https:\/\/i0.wp.com\/www.tvturk.com\/wp-content\/uploads\/2019\/02\/dereceye-girenler-dagcilik-milli-takimina-secilecek_c6ec2e0.jpg?fit=300%2C200\" data-large-file=\"https:\/\/i0.wp.com\/www.tvturk.com\/wp-content\/uploads\/2019\/02\/dereceye-girenler-dagcilik-milli-takimina-secilecek_c6ec2e0.jpg?fit=1000%2C666\" src=\"https:\/\/i0.wp.com\/www.tvturk.com\/wp-content\/uploads\/2019\/02\/dereceye-girenler-dagcilik-milli-takimina-secilecek_c6ec2e0.jpg?w=162&#038;h=108\" srcset=\"https:\/\/i0.wp.com\/www.tvturk.com\/wp-content\/uploads\/2019\/02\/dereceye-girenler-dagcilik-milli-takimina-secilecek_c6ec2e0.jpg?w=1000 1000w, https:\/\/i0.wp.com\/www.tvturk.com\/wp-content\/uploads\/2019\/02\/dereceye-girenler-dagcilik-milli-takimina-secilecek_c6ec2e0.jpg?resize=150%2C100 150w, https:\/\/i0.wp.com\/www.tvturk.com\/wp-content\/uploads\/2019\/02\/dereceye-girenler-dagcilik-milli-takimina-secilecek_c6ec2e0.jpg?resize=300%2C200 300w, https:\/\/i0.wp.com\/www.tvturk.com\/wp-content\/uploads\/2019\/02\/dereceye-girenler-dagcilik-milli-takimina-secilecek_c6ec2e0.jpg?resize=768%2C511 768w, https:\/\/i0.wp.com\/www.tvturk.com\/wp-content\/uploads\/2019\/02\/dereceye-girenler-dagcilik-milli-takimina-secilecek_c6ec2e0.jpg?resize=170%2C113 170w, https:\/\/i0.wp.com\/www.tvturk.com\/wp-content\/uploads\/2019\/02\/dereceye-girenler-dagcilik-milli-takimina-secilecek_c6ec2e0.jpg?resize=120%2C80 120w\" width=\"162\" height=\"108\" loading=\"lazy\" data-original-width=\"162\" data-original-height=\"108\" itemprop=\"http:\/\/schema.org\/image\" title=\"Dereceye girenler Da\u011fc\u0131l\u0131k Milli Tak\u0131m\u0131\u2019na se\u00e7ilecek\" alt=\"Dereceye girenler Da\u011fc\u0131l\u0131k Milli Tak\u0131m\u0131\u2019na se\u00e7ilecek\" style=\"width: 162px; height: 108px;\" \/> <\/a> <\/div> <div class=\"tiled-gallery-item tiled-gallery-item-small\" itemprop=\"associatedMedia\" itemscope itemtype=\"http:\/\/schema.org\/ImageObject\"> <a href=\"http:\/\/www.tvturk.com\/index.php\/dereceye-girenler-dagcilik-milli-takimina-secilecek\/dereceye-girenler-dagcilik-milli-takimina-secilecek-5\/\" border=\"0\" itemprop=\"url\"> <meta itemprop=\"width\" content=\"162\"> <meta itemprop=\"height\" content=\"108\"> <img decoding=\"async\" class=\"\" data-attachment-id=\"18484\" data-orig-file=\"http:\/\/www.tvturk.com\/wp-content\/uploads\/2019\/02\/dereceye-girenler-dagcilik-milli-takimina-secilecek_41195b2.jpg\" data-orig-size=\"1000,666\" data-comments-opened=\"\" data-image-meta=\"{&quot;aperture&quot;:&quot;0&quot;,&quot;credit&quot;:&quot;IHA&quot;,&quot;camera&quot;:&quot;&quot;,&quot;caption&quot;:&quot;T\\u00dcRK\\u0130YE DA\\u011eCILIK FEDERASYONUNUN 2019 YILI FAAL\\u0130YET PROGRAMI KAPSAMINDA K\\u00dc\\u00c7\\u00dcKLER-GEN\\u00c7LER SPOR TIRMANI\\u015e YARI\\u015eMASININ 2. AYA\\u011eI SAKARYA\\u2019DA YAPILDI. GER\\u00c7EKLE\\u015eEN YARI\\u015eMADA DERECEYE G\\u0130DEN SPORCULAR M\\u0130LL\\u0130 TAKIM\\u2019A SE\\u00c7\\u0130LECEKLER. (BURAK CAN TOKY\\u00dcREK - REMZ\\u0130 \\u015e\\u0130M\\u015eEK\\\/SAKARYA-\\u0130HA)&quot;,&quot;created_timestamp&quot;:&quot;0&quot;,&quot;copyright&quot;:&quot;\\u0130HLAS HABER AJANSI, www.iha.com.tr&quot;,&quot;focal_length&quot;:&quot;0&quot;,&quot;iso&quot;:&quot;0&quot;,&quot;shutter_speed&quot;:&quot;0&quot;,&quot;title&quot;:&quot;DERECEYE G\\u0130RENLER DA\\u011eCILIK M\\u0130LL\\u0130 TAKIMI\\u0027NA SE\\u00c7\\u0130LECEK T\\u00dcRK\\u0130YE DA\\u011eCILIK FEDERASYONU SAKARYA DA\\u011eCILIK \\u0130L TEMS\\u0130LC\\u0130S\\u0130 YUSUF AYDIN: \\u201c\\u00c7OCUKLARI K\\u00dc\\u00c7\\u00dcK YA\\u015eTA SPORA BA\\u015eLATAB\\u0130L\\u0130RSEK SONU\\u00c7TA SPOR YAPAN \\u0130NSANDAN H\\u0130\\u00c7B\\u0130R ZAMAN K\\u00d6T\\u00dcL\\u00dcK GELMEZ VE KEND\\u0130N\\u0130 DAHA \\u00c7OK GEL\\u0130\\u015eT\\u0130REB\\u0130L\\u0130R\\u0022&quot;,&quot;orientation&quot;:&quot;0&quot;}\" data-image-title=\"Dereceye girenler Da\u011fc\u0131l\u0131k Milli Tak\u0131m\u0131\u2019na se\u00e7ilecek\" data-image-description=\"&lt;p&gt;Dereceye girenler Da\u011fc\u0131l\u0131k Milli Tak\u0131m\u0131\u2019na se\u00e7ilecek&lt;\/p&gt; \" data-medium-file=\"https:\/\/i0.wp.com\/www.tvturk.com\/wp-content\/uploads\/2019\/02\/dereceye-girenler-dagcilik-milli-takimina-secilecek_41195b2.jpg?fit=300%2C200\" data-large-file=\"https:\/\/i0.wp.com\/www.tvturk.com\/wp-content\/uploads\/2019\/02\/dereceye-girenler-dagcilik-milli-takimina-secilecek_41195b2.jpg?fit=1000%2C666\" src=\"https:\/\/i0.wp.com\/www.tvturk.com\/wp-content\/uploads\/2019\/02\/dereceye-girenler-dagcilik-milli-takimina-secilecek_41195b2.jpg?w=162&#038;h=108\" srcset=\"https:\/\/i0.wp.com\/www.tvturk.com\/wp-content\/uploads\/2019\/02\/dereceye-girenler-dagcilik-milli-takimina-secilecek_41195b2.jpg?w=1000 1000w, https:\/\/i0.wp.com\/www.tvturk.com\/wp-content\/uploads\/2019\/02\/dereceye-girenler-dagcilik-milli-takimina-secilecek_41195b2.jpg?resize=150%2C100 150w, https:\/\/i0.wp.com\/www.tvturk.com\/wp-content\/uploads\/2019\/02\/dereceye-girenler-dagcilik-milli-takimina-secilecek_41195b2.jpg?resize=300%2C200 300w, https:\/\/i0.wp.com\/www.tvturk.com\/wp-content\/uploads\/2019\/02\/dereceye-girenler-dagcilik-milli-takimina-secilecek_41195b2.jpg?resize=768%2C511 768w, https:\/\/i0.wp.com\/www.tvturk.com\/wp-content\/uploads\/2019\/02\/dereceye-girenler-dagcilik-milli-takimina-secilecek_41195b2.jpg?resize=170%2C113 170w, https:\/\/i0.wp.com\/www.tvturk.com\/wp-content\/uploads\/2019\/02\/dereceye-girenler-dagcilik-milli-takimina-secilecek_41195b2.jpg?resize=120%2C80 120w\" width=\"162\" height=\"108\" loading=\"lazy\" data-original-width=\"162\" data-original-height=\"108\" itemprop=\"http:\/\/schema.org\/image\" title=\"Dereceye girenler Da\u011fc\u0131l\u0131k Milli Tak\u0131m\u0131\u2019na se\u00e7ilecek\" alt=\"Dereceye girenler Da\u011fc\u0131l\u0131k Milli Tak\u0131m\u0131\u2019na se\u00e7ilecek\" style=\"width: 162px; height: 108px;\" \/> <\/a> <\/div> <\/div> <!-- close group --> <\/div> <!-- close row --> <div class=\"gallery-row\" style=\"width: 500px; height: 334px;\" data-original-width=\"500\" data-original-height=\"334\" > <div class=\"gallery-group images-1\" style=\"width: 500px; height: 334px;\" data-original-width=\"500\" data-original-height=\"334\" > <div class=\"tiled-gallery-item tiled-gallery-item-large\" itemprop=\"associatedMedia\" itemscope itemtype=\"http:\/\/schema.org\/ImageObject\"> <a href=\"http:\/\/www.tvturk.com\/index.php\/dereceye-girenler-dagcilik-milli-takimina-secilecek\/dereceye-girenler-dagcilik-milli-takimina-secilecek-6\/\" border=\"0\" itemprop=\"url\"> <meta itemprop=\"width\" content=\"496\"> <meta itemprop=\"height\" content=\"330\"> <img decoding=\"async\" class=\"\" data-attachment-id=\"18485\" data-orig-file=\"http:\/\/www.tvturk.com\/wp-content\/uploads\/2019\/02\/dereceye-girenler-dagcilik-milli-takimina-secilecek_08522c3.jpg\" data-orig-size=\"1000,666\" data-comments-opened=\"\" data-image-meta=\"{&quot;aperture&quot;:&quot;0&quot;,&quot;credit&quot;:&quot;IHA&quot;,&quot;camera&quot;:&quot;&quot;,&quot;caption&quot;:&quot;T\\u00dcRK\\u0130YE DA\\u011eCILIK FEDERASYONUNUN 2019 YILI FAAL\\u0130YET PROGRAMI KAPSAMINDA K\\u00dc\\u00c7\\u00dcKLER-GEN\\u00c7LER SPOR TIRMANI\\u015e YARI\\u015eMASININ 2. AYA\\u011eI SAKARYA\\u2019DA YAPILDI. GER\\u00c7EKLE\\u015eEN YARI\\u015eMADA DERECEYE G\\u0130DEN SPORCULAR M\\u0130LL\\u0130 TAKIM\\u2019A SE\\u00c7\\u0130LECEKLER. (BURAK CAN TOKY\\u00dcREK - REMZ\\u0130 \\u015e\\u0130M\\u015eEK\\\/SAKARYA-\\u0130HA)&quot;,&quot;created_timestamp&quot;:&quot;0&quot;,&quot;copyright&quot;:&quot;\\u0130HLAS HABER AJANSI, www.iha.com.tr&quot;,&quot;focal_length&quot;:&quot;0&quot;,&quot;iso&quot;:&quot;0&quot;,&quot;shutter_speed&quot;:&quot;0&quot;,&quot;title&quot;:&quot;DERECEYE G\\u0130RENLER DA\\u011eCILIK M\\u0130LL\\u0130 TAKIMI\\u0027NA SE\\u00c7\\u0130LECEK T\\u00dcRK\\u0130YE DA\\u011eCILIK FEDERASYONU SAKARYA DA\\u011eCILIK \\u0130L TEMS\\u0130LC\\u0130S\\u0130 YUSUF AYDIN: \\u201c\\u00c7OCUKLARI K\\u00dc\\u00c7\\u00dcK YA\\u015eTA SPORA BA\\u015eLATAB\\u0130L\\u0130RSEK SONU\\u00c7TA SPOR YAPAN \\u0130NSANDAN H\\u0130\\u00c7B\\u0130R ZAMAN K\\u00d6T\\u00dcL\\u00dcK GELMEZ VE KEND\\u0130N\\u0130 DAHA \\u00c7OK GEL\\u0130\\u015eT\\u0130REB\\u0130L\\u0130R\\u0022&quot;,&quot;orientation&quot;:&quot;0&quot;}\" data-image-title=\"Dereceye girenler Da\u011fc\u0131l\u0131k Milli Tak\u0131m\u0131\u2019na se\u00e7ilecek\" data-image-description=\"&lt;p&gt;Dereceye girenler Da\u011fc\u0131l\u0131k Milli Tak\u0131m\u0131\u2019na se\u00e7ilecek&lt;\/p&gt; \" data-medium-file=\"https:\/\/i0.wp.com\/www.tvturk.com\/wp-content\/uploads\/2019\/02\/dereceye-girenler-dagcilik-milli-takimina-secilecek_08522c3.jpg?fit=300%2C200\" data-large-file=\"https:\/\/i0.wp.com\/www.tvturk.com\/wp-content\/uploads\/2019\/02\/dereceye-girenler-dagcilik-milli-takimina-secilecek_08522c3.jpg?fit=1000%2C666\" src=\"https:\/\/i0.wp.com\/www.tvturk.com\/wp-content\/uploads\/2019\/02\/dereceye-girenler-dagcilik-milli-takimina-secilecek_08522c3.jpg?w=496&#038;h=330\" srcset=\"https:\/\/i0.wp.com\/www.tvturk.com\/wp-content\/uploads\/2019\/02\/dereceye-girenler-dagcilik-milli-takimina-secilecek_08522c3.jpg?w=1000 1000w, https:\/\/i0.wp.com\/www.tvturk.com\/wp-content\/uploads\/2019\/02\/dereceye-girenler-dagcilik-milli-takimina-secilecek_08522c3.jpg?resize=150%2C100 150w, https:\/\/i0.wp.com\/www.tvturk.com\/wp-content\/uploads\/2019\/02\/dereceye-girenler-dagcilik-milli-takimina-secilecek_08522c3.jpg?resize=300%2C200 300w, https:\/\/i0.wp.com\/www.tvturk.com\/wp-content\/uploads\/2019\/02\/dereceye-girenler-dagcilik-milli-takimina-secilecek_08522c3.jpg?resize=768%2C511 768w, https:\/\/i0.wp.com\/www.tvturk.com\/wp-content\/uploads\/2019\/02\/dereceye-girenler-dagcilik-milli-takimina-secilecek_08522c3.jpg?resize=170%2C113 170w, https:\/\/i0.wp.com\/www.tvturk.com\/wp-content\/uploads\/2019\/02\/dereceye-girenler-dagcilik-milli-takimina-secilecek_08522c3.jpg?resize=120%2C80 120w\" width=\"496\" height=\"330\" loading=\"lazy\" data-original-width=\"496\" data-original-height=\"330\" itemprop=\"http:\/\/schema.org\/image\" title=\"Dereceye girenler Da\u011fc\u0131l\u0131k Milli Tak\u0131m\u0131\u2019na se\u00e7ilecek\" alt=\"Dereceye girenler Da\u011fc\u0131l\u0131k Milli Tak\u0131m\u0131\u2019na se\u00e7ilecek\" style=\"width: 496px; height: 330px;\" \/> <\/a> <\/div> <\/div> <!-- close group --> <\/div> <!-- close row --> <\/div><\/p>\n","protected":false},"excerpt":{"rendered":"<p>T\u00dcRK\u0130YE DA\u011eCILIK FEDERASYONUNUN 2019 YILI FAAL\u0130YET PROGRAMI KAPSAMINDA K\u00dc\u00c7\u00dcKLER-GEN\u00c7LER SPOR TIRMANI\u015e YARI\u015eMASININ 2. AYA\u011eI SAKARYA\u2019DA YAPILDI. GER\u00c7EKLE\u015eEN YARI\u015eMADA DERECEYE G\u0130DEN SPORCULAR M\u0130LL\u0130 TAKIM\u2019A SE\u00c7\u0130LECEKLER.<\/p>\n","protected":false},"author":1,"featured_media":18481,"comment_status":"closed","ping_status":"open","sticky":false,"template":"","format":"standard","meta":{"jetpack_post_was_ever_published":false,"_jetpack_newsletter_access":"","_jetpack_dont_email_post_to_subs":false,"_jetpack_newsletter_tier_id":0,"_jetpack_memberships_contains_paywalled_content":false,"_jetpack_memberships_contains_paid_content":false,"footnotes":"","jetpack_publicize_message":"","jetpack_publicize_feature_enabled":true,"jetpack_social_post_already_shared":false,"jetpack_social_options":{"image_generator_settings":{"template":"highway","default_image_id":0,"font":"","enabled":false},"version":2}},"categories":[657],"tags":[8411,8409,8410,429,8413,8412],"class_list":["post-18480","post","type-post","status-publish","format-standard","has-post-thumbnail","hentry","category-spor","tag-dagcilik","tag-dereceye","tag-girenler","tag-milli","tag-secilecek","tag-takimina"],"jetpack_publicize_connections":[],"jetpack_featured_media_url":"https:\/\/i0.wp.com\/www.tvturk.com\/wp-content\/uploads\/2019\/02\/dereceye-girenler-dagcilik-milli-takimina-secilecek_1f47118.jpg?fit=1000%2C666","jetpack_sharing_enabled":true,"jetpack_shortlink":"https:\/\/wp.me\/paKIfm-4O4","_links":{"self":[{"href":"http:\/\/www.tvturk.com\/index.php\/wp-json\/wp\/v2\/posts\/18480","targetHints":{"allow":["GET"]}}],"collection":[{"href":"http:\/\/www.tvturk.com\/index.php\/wp-json\/wp\/v2\/posts"}],"about":[{"href":"http:\/\/www.tvturk.com\/index.php\/wp-json\/wp\/v2\/types\/post"}],"author":[{"embeddable":true,"href":"http:\/\/www.tvturk.com\/index.php\/wp-json\/wp\/v2\/users\/1"}],"replies":[{"embeddable":true,"href":"http:\/\/www.tvturk.com\/index.php\/wp-json\/wp\/v2\/comments?post=18480"}],"version-history":[{"count":1,"href":"http:\/\/www.tvturk.com\/index.php\/wp-json\/wp\/v2\/posts\/18480\/revisions"}],"predecessor-version":[{"id":18486,"href":"http:\/\/www.tvturk.com\/index.php\/wp-json\/wp\/v2\/posts\/18480\/revisions\/18486"}],"wp:featuredmedia":[{"embeddable":true,"href":"http:\/\/www.tvturk.com\/index.php\/wp-json\/wp\/v2\/media\/18481"}],"wp:attachment":[{"href":"http:\/\/www.tvturk.com\/index.php\/wp-json\/wp\/v2\/media?parent=18480"}],"wp:term":[{"taxonomy":"category","embeddable":true,"href":"http:\/\/www.tvturk.com\/index.php\/wp-json\/wp\/v2\/categories?post=18480"},{"taxonomy":"post_tag","embeddable":true,"href":"http:\/\/www.tvturk.com\/index.php\/wp-json\/wp\/v2\/tags?post=18480"}],"curies":[{"name":"wp","href":"https:\/\/api.w.org\/{rel}","templated":true}]}}