{"id":184801,"date":"2019-07-21T18:17:09","date_gmt":"2019-07-21T15:17:09","guid":{"rendered":"http:\/\/www.tvturk.com\/index.php\/antalyaspordan-ali-gurbuzlu-forma-tanitimi\/"},"modified":"2019-07-21T18:17:09","modified_gmt":"2019-07-21T15:17:09","slug":"antalyaspordan-ali-gurbuzlu-forma-tanitimi","status":"publish","type":"post","link":"http:\/\/www.tvturk.com\/index.php\/antalyaspordan-ali-gurbuzlu-forma-tanitimi\/","title":{"rendered":"Antalyaspor\u2019dan Ali G\u00fcrb\u00fcz\u2019l\u00fc forma tan\u0131t\u0131m\u0131"},"content":{"rendered":"<p>Antalyaspor\u2019un 2019-2020 Cemil Usta Futbol Sezonu\u2019nda giyece\u011fi formalar tan\u0131t\u0131ld\u0131. Tan\u0131t\u0131mda aralar\u0131nda Ba\u015fpehlivan Ali G\u00fcrb\u00fcz\u2019\u00fcn de yer ald\u0131\u011f\u0131 4 sembol isim vard\u0131.<\/p>\n<p>Kul\u00fcb\u00fcn sosyal medya hesaplar\u0131nda yay\u0131mlanan iki ayr\u0131 video ile tan\u0131t\u0131m\u0131 yap\u0131lan formalar 4 ayr\u0131 modelden olu\u015fuyor. \u00d6n\u00fcnde Yivli Minare\u2019yi temsil eden deseni bar\u0131nd\u0131ran k\u0131rm\u0131z\u0131 ve beyaz modellerin yan\u0131 s\u0131ra klasik \u00e7ubuklu forma bu y\u0131l da ye\u015fil sahalarda yer alacak. Antalyaspor armas\u0131n\u0131n \u00fczerinde bulundu\u011fu yeni model ise lacivert forma. \u00dczerinde k\u0131rm\u0131z\u0131 ve beyaz renklerden olu\u015fan Antalya haritas\u0131n\u0131n yer ald\u0131\u011f\u0131 forma, Antalyaspor i\u00e7in \u00f6zel olarak \u00fcretildi.<\/p>\n<p>Ba\u015fpehlivan Ali G\u00fcrb\u00fcz<\/p>\n<p>Antalyaspor forma tan\u0131t\u0131mlar\u0131nda 4 sembol isme yer verdi. 2019 K\u0131rkp\u0131nar Ba\u015fpehlivan\u0131 Ali G\u00fcrb\u00fcz bu y\u0131l ilk kez forma tan\u0131t\u0131m\u0131nda yer ald\u0131. Ba\u015fpehlivan Ali G\u00fcrb\u00fcz, bu y\u0131l er meydan\u0131na di\u011fer Antalyal\u0131 g\u00fcre\u015f\u00e7iler gibi Antalyaspor formas\u0131yla \u00e7\u0131km\u0131\u015f, T\u00fcrkiye\u2019nin Ba\u015fpehlivan\u0131 unvan\u0131 ile g\u00fcre\u015fleri noktalam\u0131\u015ft\u0131.<\/p>\n<p>G\u00f6rme engelli \u00d6mer \u015eent\u00fcrk<\/p>\n<p>Tan\u0131t\u0131mda yer alan di\u011fer bir isim de Elmal\u0131 il\u00e7esinden her hafta ma\u00e7lara gelen g\u00f6rme engelli \u00d6mer \u015eent\u00fcrk oldu. Yeni mavi formay\u0131 giyerek eliyle Antalyaspor armas\u0131n\u0131 ve Antalya haritas\u0131n\u0131 hissetmeye \u00e7al\u0131\u015fan g\u00f6r\u00fcnt\u00fcs\u00fcyle duygusal anlar ya\u015fatan \u00d6mer \u015eent\u00fcrk, ma\u00e7lar\u0131 arkada\u015f\u0131n\u0131n anlat\u0131m\u0131 ile yak\u0131ndan takip ediyor.<\/p>\n<p>Z\u00fchre Ana<\/p>\n<p>Demre il\u00e7esinden gelerek Antalyaspor\u2019un ma\u00e7lar\u0131n\u0131 ka\u00e7\u0131rmayan Z\u00fchre Ana da tan\u0131t\u0131mlar\u0131n ba\u015frol oyuncular\u0131ndan biri oldu. As\u0131l ad\u0131 \u00dcmm\u00fcs\u00fcn Yiriko\u011flu olan Z\u00fchre Ana, 2016-2017 sezonunda 1-0 kazan\u0131lan Karab\u00fckspor ma\u00e7\u0131nda ya\u015fad\u0131\u011f\u0131 gol sevincinin yay\u0131nc\u0131 kurulu\u015fun ekran\u0131na yans\u0131mas\u0131 ile tan\u0131nm\u0131\u015ft\u0131.<\/p>\n<p>Hostes Ceren Kurtulu\u015f<\/p>\n<p>Antalyaspor trib\u00fcnlerinin tan\u0131nan isimlerinden biri olan Ceren Kurtulu\u015f da tan\u0131t\u0131m\u0131n \u00f6nemli bir par\u00e7as\u0131 oldu. K\u00fc\u00e7\u00fckl\u00fc\u011f\u00fcnden beri Antalyaspor trib\u00fcnlerinde yer alan ve hostes olduktan sonra da sevdas\u0131ndan vazge\u00e7meyen Ceren Kurtulu\u015f, kul\u00fcb\u00fcn deplasmanlar i\u00e7in kiralad\u0131\u011f\u0131 \u00f6zel u\u00e7aklarda g\u00f6rev alarak mesle\u011fini yaparken de Antalyaspor\u2019un pe\u015finden ayr\u0131lmamas\u0131 ile kamuoyu taraf\u0131ndan tan\u0131nm\u0131\u015ft\u0131.<\/p>\n","protected":false},"excerpt":{"rendered":"<p>ANTALYASPOR\u2019UN 2019-2020 CEM\u0130L USTA FUTBOL SEZONU\u2019NDA G\u0130YECE\u011e\u0130 FORMALAR TANITILDI. TANITIMDA ARALARINDA BA\u015ePEHL\u0130VAN AL\u0130 G\u00dcRB\u00dcZ&#8217;\u00dcN DE YER ALDI\u011eI 4 SEMBOL \u0130S\u0130M YER ALDI.<\/p>\n","protected":false},"author":1,"featured_media":184802,"comment_status":"closed","ping_status":"open","sticky":false,"template":"","format":"standard","meta":{"jetpack_post_was_ever_published":false,"_jetpack_newsletter_access":"","_jetpack_dont_email_post_to_subs":false,"_jetpack_newsletter_tier_id":0,"_jetpack_memberships_contains_paywalled_content":false,"_jetpack_memberships_contains_paid_content":false,"footnotes":"","jetpack_publicize_message":"","jetpack_publicize_feature_enabled":true,"jetpack_social_post_already_shared":true,"jetpack_social_options":{"image_generator_settings":{"template":"highway","default_image_id":0,"font":"","enabled":false},"version":2}},"categories":[657],"tags":[625,34946,7148,45787,343],"class_list":["post-184801","post","type-post","status-publish","format-standard","has-post-thumbnail","hentry","category-spor","tag-ali","tag-antalyaspordan","tag-forma","tag-gurbuzlu","tag-tanitimi"],"jetpack_publicize_connections":[],"jetpack_featured_media_url":"https:\/\/i0.wp.com\/www.tvturk.com\/wp-content\/uploads\/2019\/07\/antalyaspordan-ali-gurbuzlu-forma-tanitimi_f8b51c7.jpg?fit=1000%2C750","jetpack_sharing_enabled":true,"jetpack_shortlink":"https:\/\/wp.me\/paKIfm-M4F","_links":{"self":[{"href":"http:\/\/www.tvturk.com\/index.php\/wp-json\/wp\/v2\/posts\/184801","targetHints":{"allow":["GET"]}}],"collection":[{"href":"http:\/\/www.tvturk.com\/index.php\/wp-json\/wp\/v2\/posts"}],"about":[{"href":"http:\/\/www.tvturk.com\/index.php\/wp-json\/wp\/v2\/types\/post"}],"author":[{"embeddable":true,"href":"http:\/\/www.tvturk.com\/index.php\/wp-json\/wp\/v2\/users\/1"}],"replies":[{"embeddable":true,"href":"http:\/\/www.tvturk.com\/index.php\/wp-json\/wp\/v2\/comments?post=184801"}],"version-history":[{"count":0,"href":"http:\/\/www.tvturk.com\/index.php\/wp-json\/wp\/v2\/posts\/184801\/revisions"}],"wp:featuredmedia":[{"embeddable":true,"href":"http:\/\/www.tvturk.com\/index.php\/wp-json\/wp\/v2\/media\/184802"}],"wp:attachment":[{"href":"http:\/\/www.tvturk.com\/index.php\/wp-json\/wp\/v2\/media?parent=184801"}],"wp:term":[{"taxonomy":"category","embeddable":true,"href":"http:\/\/www.tvturk.com\/index.php\/wp-json\/wp\/v2\/categories?post=184801"},{"taxonomy":"post_tag","embeddable":true,"href":"http:\/\/www.tvturk.com\/index.php\/wp-json\/wp\/v2\/tags?post=184801"}],"curies":[{"name":"wp","href":"https:\/\/api.w.org\/{rel}","templated":true}]}}