{"id":184841,"date":"2019-07-22T09:31:27","date_gmt":"2019-07-22T06:31:27","guid":{"rendered":"http:\/\/www.tvturk.com\/index.php\/ozel-rami-kislasindaki-son-durum-havadan-goruntulendi-2\/"},"modified":"2019-07-22T09:31:27","modified_gmt":"2019-07-22T06:31:27","slug":"ozel-rami-kislasindaki-son-durum-havadan-goruntulendi-2","status":"publish","type":"post","link":"http:\/\/www.tvturk.com\/index.php\/ozel-rami-kislasindaki-son-durum-havadan-goruntulendi-2\/","title":{"rendered":"(\u00d6zel) Rami K\u0131\u015flas\u0131\u2019ndaki son durum havadan g\u00f6r\u00fcnt\u00fclendi"},"content":{"rendered":"<p>Restorasyon \u00e7al\u0131\u015fmalar\u0131 tamamland\u0131\u011f\u0131nda T\u00fcrkiye\u2019nin en b\u00fcy\u00fck k\u00fct\u00fcphanesi olacak Rami K\u0131\u015flas\u0131\u2019nda son durum havadan g\u00f6r\u00fcnt\u00fclendi.<\/p>\n<p>1960\u2019l\u0131 y\u0131llarda ordunun terk etti\u011fi ve uzun m\u00fcddet bak\u0131ms\u0131z kalan Ey\u00fcpsultan\u2019daki tarihi Rami K\u0131\u015flas\u0131\u2019nda restorasyon \u00e7al\u0131\u015fmalar\u0131 h\u0131zla s\u00fcr\u00fcyor. Havadan g\u00f6r\u00fcnt\u00fclenen yap\u0131n\u0131n Rami K\u0131\u015flas\u0131 Caddesi\u2019ne bakan k\u0131sm\u0131nda kaba in\u015faat\u0131n bitti\u011fi g\u00f6r\u00fcl\u00fcyor. \u0130\u00e7 k\u0131s\u0131mlar\u0131nda i\u015f\u00e7iler \u00e7at\u0131 iskeleti olu\u015ftururken, iskeleti tamamlanan \u00e7at\u0131lar\u0131n daha sonra izolasyon kaplamalar\u0131 yap\u0131l\u0131yor. Bir yandan molozlar i\u015f makineleri ile alandan d\u00f6k\u00fcm sahas\u0131na g\u00f6t\u00fcr\u00fcl\u00fcrken bir yandan da i\u015f\u00e7iler taraf\u0131ndan duvarlar tu\u011flalar ile \u00f6r\u00fcl\u00fcyor. Sultan III. Mustafa devrinde yap\u0131lan tarihi Rami K\u0131\u015flas\u0131 tamamland\u0131\u011f\u0131nda 220 bin metrekarelik kullan\u0131m sahas\u0131yla T\u00fcrkiye\u2019nin en b\u00fcy\u00fck k\u00fct\u00fcphanesi olacak. \u2019Rami Kitap ve K\u00fclt\u00fcr Vadisi\u2019 ad\u0131n\u0131 ta\u015f\u0131yacak mekan\u0131n ilk safhada 7 milyon kitaba ev sahipli\u011fi yapmas\u0131 planlan\u0131yor. Rami Kitap ve K\u00fclt\u00fcr Vadisi\u2019nde \u201c\u00e7ocuk\u201d, \u201csanat\u201d gibi tematik k\u00fct\u00fcphaneler de yer alacak. M\u00fcze, k\u00fct\u00fcphane, restoranlar, al\u0131\u015fveri\u015f mekanlar\u0131 ve 200 d\u00f6n\u00fcml\u00fck peyzaj d\u00fczenlemesini i\u00e7eren restorasyon \u00e7al\u0131\u015fmalar\u0131 tamamland\u0131\u011f\u0131nda, 990 toptanc\u0131 d\u00fckkan\u0131, banka ve restoranlardan olu\u015fan 120 ticari mekana ev sahipli\u011fi yapm\u0131\u015f olacak. Ayr\u0131ca ziyaret\u00e7iler i\u00e7in 541 ara\u00e7l\u0131k kapal\u0131, 634 ara\u00e7l\u0131k a\u00e7\u0131k, 65 t\u0131r alan\u0131 olmak \u00fczere toplam bin 240 ara\u00e7l\u0131k otopark da yer alacak.<\/p>\n<p>250 senelik ge\u00e7mi\u015fi olan Rami Top\u00e7u K\u0131\u015flas\u0131\u2019n\u0131n ar\u015fivlerdeki ad\u0131 \u2019Rami \u00c7iftli\u011fi K\u0131\u015flas\u0131\u2019. Yap\u0131, II. Mahmud d\u00f6neminde 1826-1828 tarihleri aras\u0131nda yenilendi. 1960\u2019l\u0131 y\u0131llarda ordunun terk etti\u011fi k\u0131\u015fla uzun zaman bak\u0131ms\u0131z kald\u0131. 80\u2019li y\u0131llarda ise \u0130stanbul B\u00fcy\u00fck\u015fehir Belediyesine devredildi.<\/p>\n","protected":false},"excerpt":{"rendered":"<p>RESTORASYON \u00c7ALI\u015eMALARI TAMAMLANDI\u011eINDA T\u00dcRK\u0130YE\u2019N\u0130N EN B\u00dcY\u00dcK K\u00dcT\u00dcPHANES\u0130 OLACAK RAM\u0130 KI\u015eLASI&#8217;NDA SON DURUM HAVADAN G\u00d6R\u00dcNT\u00dcLEND\u0130.<\/p>\n","protected":false},"author":1,"featured_media":184842,"comment_status":"closed","ping_status":"open","sticky":false,"template":"","format":"standard","meta":{"jetpack_post_was_ever_published":false,"_jetpack_newsletter_access":"","_jetpack_dont_email_post_to_subs":false,"_jetpack_newsletter_tier_id":0,"_jetpack_memberships_contains_paywalled_content":false,"_jetpack_memberships_contains_paid_content":false,"footnotes":"","jetpack_publicize_message":"","jetpack_publicize_feature_enabled":true,"jetpack_social_post_already_shared":true,"jetpack_social_options":{"image_generator_settings":{"template":"highway","default_image_id":0,"font":"","enabled":false},"version":2}},"categories":[1],"tags":[1073,3763,3388,3387,31372,23195,1240],"class_list":["post-184841","post","type-post","status-publish","format-standard","has-post-thumbnail","hentry","category-genel","tag-ozel","tag-durum","tag-goruntulendi","tag-havadan","tag-kislasindaki","tag-rami","tag-son"],"jetpack_publicize_connections":[],"jetpack_featured_media_url":"https:\/\/i0.wp.com\/www.tvturk.com\/wp-content\/uploads\/2019\/07\/ozel-rami-kislasindaki-son-durum-havadan-goruntulendi_bbbe549.jpg?fit=1000%2C562","jetpack_sharing_enabled":true,"jetpack_shortlink":"https:\/\/wp.me\/paKIfm-M5j","_links":{"self":[{"href":"http:\/\/www.tvturk.com\/index.php\/wp-json\/wp\/v2\/posts\/184841","targetHints":{"allow":["GET"]}}],"collection":[{"href":"http:\/\/www.tvturk.com\/index.php\/wp-json\/wp\/v2\/posts"}],"about":[{"href":"http:\/\/www.tvturk.com\/index.php\/wp-json\/wp\/v2\/types\/post"}],"author":[{"embeddable":true,"href":"http:\/\/www.tvturk.com\/index.php\/wp-json\/wp\/v2\/users\/1"}],"replies":[{"embeddable":true,"href":"http:\/\/www.tvturk.com\/index.php\/wp-json\/wp\/v2\/comments?post=184841"}],"version-history":[{"count":0,"href":"http:\/\/www.tvturk.com\/index.php\/wp-json\/wp\/v2\/posts\/184841\/revisions"}],"wp:featuredmedia":[{"embeddable":true,"href":"http:\/\/www.tvturk.com\/index.php\/wp-json\/wp\/v2\/media\/184842"}],"wp:attachment":[{"href":"http:\/\/www.tvturk.com\/index.php\/wp-json\/wp\/v2\/media?parent=184841"}],"wp:term":[{"taxonomy":"category","embeddable":true,"href":"http:\/\/www.tvturk.com\/index.php\/wp-json\/wp\/v2\/categories?post=184841"},{"taxonomy":"post_tag","embeddable":true,"href":"http:\/\/www.tvturk.com\/index.php\/wp-json\/wp\/v2\/tags?post=184841"}],"curies":[{"name":"wp","href":"https:\/\/api.w.org\/{rel}","templated":true}]}}