{"id":184849,"date":"2019-07-22T09:46:27","date_gmt":"2019-07-22T06:46:27","guid":{"rendered":"http:\/\/www.tvturk.com\/index.php\/akut-inmeli-hastalara-verilecek-saglik-hizmetleri-hakkinda-yonerge-yayimlandi\/"},"modified":"2019-07-22T09:46:27","modified_gmt":"2019-07-22T06:46:27","slug":"akut-inmeli-hastalara-verilecek-saglik-hizmetleri-hakkinda-yonerge-yayimlandi","status":"publish","type":"post","link":"http:\/\/www.tvturk.com\/index.php\/akut-inmeli-hastalara-verilecek-saglik-hizmetleri-hakkinda-yonerge-yayimlandi\/","title":{"rendered":"Akut inmeli hastalara verilecek sa\u011fl\u0131k hizmetleri hakk\u0131nda y\u00f6nerge yay\u0131mland\u0131"},"content":{"rendered":"<p>Sa\u011fl\u0131k Bakan\u0131 Fahrettin Koca, resmi sosyal hesab\u0131ndan yapt\u0131\u011f\u0131 payla\u015f\u0131mda inme vakalar\u0131na ili\u015fkin y\u00f6nergenin yay\u0131mland\u0131\u011f\u0131n\u0131 duyurdu.<\/p>\n<p>Sa\u011fl\u0131k Bakanl\u0131\u011f\u0131nca inme vakalar\u0131na en h\u0131zl\u0131 ve etkin \u015fekilde m\u00fcdahale edebilmek \u00fczere koordinasyonun sa\u011flanmas\u0131, inme birimlerinin Bakanl\u0131k taraf\u0131ndan tescili ve hekimlerin yetkilendirilmesi gibi d\u00fczenlemeleri i\u00e7eren y\u00f6nerge yay\u0131mland\u0131.<\/p>\n<p>Kalp hastal\u0131klar\u0131 ve kanserden sonra d\u00fcnya genelinde en s\u0131k \u00fc\u00e7\u00fcnc\u00fc \u00f6l\u00fcm sebebi olan inmenin, ayn\u0131 zamanda eri\u015fkin ya\u015f grubunda en \u00f6nemli engellilik kayna\u011f\u0131 oldu\u011fu belirtilen payla\u015f\u0131mda, &#8220;\u00dclkemizde inme s\u0131kl\u0131\u011f\u0131 eri\u015fkin n\u00fcfusta binde 1-2 ki\u015fi seviyesindedir ve y\u0131lda ortalama 50 ila 100 bin yeni inme vakas\u0131 ya\u015fanmaktad\u0131r. Beyin ana damarlar\u0131n\u0131n kan p\u0131ht\u0131s\u0131 ile ani t\u0131kanmas\u0131yla ortaya \u00e7\u0131kan akut inmede tedavinin ba\u015far\u0131s\u0131, beyin h\u00fccreleri tamamen \u00f6lmeden damar a\u00e7\u0131c\u0131 y\u00f6ntemlere ba\u015flanabilmesine ba\u011fl\u0131d\u0131r. Bu hassas s\u00fcrecin y\u00f6netilmesi ve hastalar\u0131n en k\u0131sa zamanda damar a\u00e7\u0131c\u0131 tedaviye ula\u015ft\u0131r\u0131lmas\u0131, kapsaml\u0131 bir organizasyonu ve koordinasyonu gerektirmektedir\u201d ifadeleri kullan\u0131ld\u0131.<\/p>\n<p>Payla\u015f\u0131mda, akut inmeli hastalara verilecek sa\u011fl\u0131k hizmetleri hakk\u0131nda y\u00f6nerge ile T\u00fcrkiye\u2019de inme hastal\u0131\u011f\u0131na ba\u011fl\u0131 \u00f6l\u00fcm ve sakatl\u0131klar\u0131 \u00f6nemli \u00f6l\u00e7\u00fcde azaltmay\u0131 ve hastal\u0131k sonras\u0131 ya\u015fam kalitesinin y\u00fcksek seviyede tutulabilmesinin hedeflendi\u011fi a\u00e7\u0131kland\u0131.<\/p>\n<p>Buna g\u00f6re, n\u00f6roloji klini\u011fi, bilgisayarl\u0131 tomografi, yo\u011fun bak\u0131m yata\u011f\u0131 gibi kaynaklara sahip kamu, \u00fcniversite ve \u00f6zel hastanelerde inme birimleri yap\u0131land\u0131r\u0131larak tescil i\u015flemi ba\u015flat\u0131laca\u011f\u0131n\u0131n alt\u0131 \u00e7izilen a\u00e7\u0131klamada, \u201cBilimsel komisyon taraf\u0131ndan izlenecek olan merkezlerden idealin alt\u0131nda klinik sonu\u00e7lar\u0131 olanlar denetim alt\u0131na al\u0131nacak. Akut inmeye m\u00fcdahale edecek hekimler, Bakanl\u0131\u011f\u0131m\u0131z taraf\u0131ndan yetkilendirilecek ve insan kayna\u011f\u0131n\u0131n geli\u015ftirilmesi i\u00e7in e\u011fitim faaliyetleri zorunlu olacak. Y\u00f6nerge ile ayr\u0131ca hastalar\u0131n h\u0131zla uygun merkezlere sevk edilmesi i\u00e7in h\u00fck\u00fcmler ve algoritmalar belirlendi ve \u0130l Sa\u011fl\u0131k M\u00fcd\u00fcrl\u00fckleri b\u00fcnyesinde koordinasyon komisyonlar\u0131 kurulmas\u0131 zorunlulu\u011fu da getirildi\u201d ifadeleri kaydedildi.<\/p>\n","protected":false},"excerpt":{"rendered":"<p>\u2013 SA\u011eLIK BAKANI FAHRETT\u0130N KOCA, RESM\u0130 SOSYAL HESABINDAN YAPTI\u011eI PAYLA\u015eIMDA \u0130NME VAKALARINA \u0130L\u0130\u015eK\u0130N Y\u00d6NERGEN\u0130N YAYIMLANDI\u011eINI DUYURDU.<\/p>\n","protected":false},"author":1,"featured_media":184850,"comment_status":"closed","ping_status":"open","sticky":false,"template":"","format":"standard","meta":{"jetpack_post_was_ever_published":false,"_jetpack_newsletter_access":"","_jetpack_dont_email_post_to_subs":false,"_jetpack_newsletter_tier_id":0,"_jetpack_memberships_contains_paywalled_content":false,"_jetpack_memberships_contains_paid_content":false,"footnotes":"","jetpack_publicize_message":"","jetpack_publicize_feature_enabled":true,"jetpack_social_post_already_shared":true,"jetpack_social_options":{"image_generator_settings":{"template":"highway","default_image_id":0,"font":"","enabled":false},"version":2}},"categories":[1],"tags":[4973,6661,1950,10615,45794,734,2112,23465,45795],"class_list":["post-184849","post","type-post","status-publish","format-standard","has-post-thumbnail","hentry","category-genel","tag-akut","tag-hakkinda","tag-hastalara","tag-hizmetleri","tag-inmeli","tag-saglik","tag-verilecek","tag-yayimlandi","tag-yonerge"],"jetpack_publicize_connections":[],"jetpack_featured_media_url":"https:\/\/i0.wp.com\/www.tvturk.com\/wp-content\/uploads\/2019\/07\/akut-inmeli-hastalara-verilecek-saglik-hizmetleri-hakkinda-yonerge-yayimlandi_692c3bf.jpg?fit=960%2C1000","jetpack_sharing_enabled":true,"jetpack_shortlink":"https:\/\/wp.me\/paKIfm-M5r","_links":{"self":[{"href":"http:\/\/www.tvturk.com\/index.php\/wp-json\/wp\/v2\/posts\/184849","targetHints":{"allow":["GET"]}}],"collection":[{"href":"http:\/\/www.tvturk.com\/index.php\/wp-json\/wp\/v2\/posts"}],"about":[{"href":"http:\/\/www.tvturk.com\/index.php\/wp-json\/wp\/v2\/types\/post"}],"author":[{"embeddable":true,"href":"http:\/\/www.tvturk.com\/index.php\/wp-json\/wp\/v2\/users\/1"}],"replies":[{"embeddable":true,"href":"http:\/\/www.tvturk.com\/index.php\/wp-json\/wp\/v2\/comments?post=184849"}],"version-history":[{"count":0,"href":"http:\/\/www.tvturk.com\/index.php\/wp-json\/wp\/v2\/posts\/184849\/revisions"}],"wp:featuredmedia":[{"embeddable":true,"href":"http:\/\/www.tvturk.com\/index.php\/wp-json\/wp\/v2\/media\/184850"}],"wp:attachment":[{"href":"http:\/\/www.tvturk.com\/index.php\/wp-json\/wp\/v2\/media?parent=184849"}],"wp:term":[{"taxonomy":"category","embeddable":true,"href":"http:\/\/www.tvturk.com\/index.php\/wp-json\/wp\/v2\/categories?post=184849"},{"taxonomy":"post_tag","embeddable":true,"href":"http:\/\/www.tvturk.com\/index.php\/wp-json\/wp\/v2\/tags?post=184849"}],"curies":[{"name":"wp","href":"https:\/\/api.w.org\/{rel}","templated":true}]}}