{"id":184883,"date":"2019-07-22T10:32:00","date_gmt":"2019-07-22T07:32:00","guid":{"rendered":"http:\/\/www.tvturk.com\/index.php\/cografi-isaret-yolundaki-kuru-fasulyenin-derekoyde-senligi-yapildi\/"},"modified":"2019-07-22T10:32:00","modified_gmt":"2019-07-22T07:32:00","slug":"cografi-isaret-yolundaki-kuru-fasulyenin-derekoyde-senligi-yapildi","status":"publish","type":"post","link":"http:\/\/www.tvturk.com\/index.php\/cografi-isaret-yolundaki-kuru-fasulyenin-derekoyde-senligi-yapildi\/","title":{"rendered":"Co\u011frafi i\u015faret yolundaki kuru fasulyenin Derek\u00f6y\u2019de \u015fenli\u011fi yap\u0131ld\u0131"},"content":{"rendered":"<p>Antalya\u2019n\u0131n Kumluca il\u00e7esine ba\u011fl\u0131, Derek\u00f6y Mahallesinde d\u00fczenlenen Kuru Fasulye \u015eenlikleri yap\u0131ld\u0131.<\/p>\n<p>Mahalle Muhtarl\u0131\u011f\u0131 koordinesinde Kumluca Belediyesi\u2019nin katk\u0131lar\u0131yla  ger\u00e7ekle\u015ftirilen \u015fenlikler 2 g\u00fcn s\u00fcrd\u00fc. \u015eenliklerin ilk g\u00fcn\u00fcnde ak\u015fam, y\u00f6resel sanat\u00e7\u0131lar e\u015fli\u011finde m\u00fczik e\u011flence program\u0131 yap\u0131ld\u0131. Pazar g\u00fcn\u00fc ise k\u00f6y meydan\u0131nda \u00e7e\u015fitli etkinlikler d\u00fczenlendi.<\/p>\n<p>Etkinli\u011fe  CHP Antalya Milletvekilleri Ayd\u0131n \u00d6zer, Cavit Ar\u0131, Kumluca Belediye Ba\u015fkan\u0131 Mustafa K\u00f6leo\u011flu, siyasi parti il\u00e7e temsilcileri, belediye meclis \u00fcyeleri, STK temsilcileri ve vatanda\u015flar kat\u0131ld\u0131.<\/p>\n<p>\u0130kinci g\u00fcn\u00fcn etkinlikleri sayg\u0131 duru\u015fu ve \u0130stiklal Mar\u015f\u0131\u2019n\u0131n okunmas\u0131 ile ba\u015flad\u0131, ard\u0131ndan mahalle muhtar\u0131 Kadir Korkmaz, k\u0131sa bir konu\u015fma yapt\u0131.<\/p>\n<p>Ba\u015fkan Mustafa K\u00f6leo\u011flu ise,&#8221;  Kumluca\u2019m\u0131z\u0131n Beyda\u011flar\u0131ndaki yaylalar\u0131ndan Derek\u00f6y\u2019deyiz. T\u00fcm Kumluca halk\u0131m\u0131z\u0131n kat\u0131l\u0131m\u0131 ile \u00e7ok g\u00fczel bir \u015fenlik ger\u00e7ekle\u015ftiriyoruz. \u00d6zellikle d\u0131\u015far\u0131dan gelen misafirler bu y\u0131l daha da artt\u0131. \u00d6n\u00fcm\u00fczdeki sene hedefimiz bu \u015fenli\u011fi daha geni\u015f organizasyon halinde yapmakt\u0131r. Asl\u0131nda bu bir kuru fasulye \u015fenli\u011fi ama yaylac\u0131l\u0131k \u015fenli\u011fidir. Seneye, \u015fenli\u011fimizi Y\u00f6r\u00fck \u00e7ad\u0131rlar\u0131 ile daha da b\u00fcy\u00fctece\u011fiz. \u015eimdiden gelecek y\u0131lda ki \u015fenli\u011fimize herkesi davet ediyorum\u201d dedi.<\/p>\n<p>Milletvekili Ayd\u0131n \u00d6zer, Beyda\u011flar\u0131n\u0131n en y\u00fcksek noktas\u0131nda olduklar\u0131n\u0131 belirterek, &#8221; Derek\u00f6y kuru fasulyesi ile \u00fcnl\u00fc bir k\u00f6y\u00fcm\u00fcz. Kuru fasulyesi T\u00fcrkiye\u2019de bir tane. Belediye ba\u015fkan\u0131m\u0131zla bir \u00e7al\u0131\u015fma i\u00e7erisindeyiz. Y\u00f6resel \u00fcr\u00fcnlerde co\u011frafi bir i\u015faret koyaca\u011f\u0131z. Bundan sonra Beyda\u011f kuru fasulyesine ba\u015fka bir kuru fasulye kar\u0131\u015fmayacak. Tan\u0131t\u0131m\u0131 yap\u0131lacak. Bu \u015fenliklerin g\u00fczel taraf\u0131 var. Hem bu fasulyenin tan\u0131t\u0131lmas\u0131 i\u00e7in \u00f6nemli. Hem de Derek\u00f6y do\u011fumlular burada bulu\u015fuyorlar. Uzun s\u00fcre g\u00f6r\u00fc\u015femeyenler \u00f6zlem gideriyor. \u201cdiye konu\u015ftu.<\/p>\n<p>Konu\u015fmalar\u0131n ard\u0131ndan a\u011fal\u0131k yar\u0131\u015f\u0131 yap\u0131ld\u0131. A\u00e7\u0131k artt\u0131rma usul\u00fc ile yap\u0131lan a\u011fal\u0131k yar\u0131\u015f\u0131nda Kumluca\u2019l\u0131 \u0130\u015f Adam\u0131 Cihan K\u0131z\u0131lkaya 40 Bin TL vererek a\u011fa oldu.  \u2019Hatice Nine\u2019 tiplemesi ile orta oyuncu Ali Elg\u00fcn g\u00f6steriler yapt\u0131. \u015eenlik, m\u00fczik e\u015fli\u011finde e\u011flence program\u0131 ile son buldu.<\/p>\n","protected":false},"excerpt":{"rendered":"<p>KUMLUCA BELED\u0130YE BA\u015eKANI MUSTAFA K\u00d6LEO\u011eLU, FASULYE TARLALARINI \u0130NCELED\u0130.<\/p>\n","protected":false},"author":1,"featured_media":184884,"comment_status":"closed","ping_status":"open","sticky":false,"template":"","format":"standard","meta":{"jetpack_post_was_ever_published":false,"_jetpack_newsletter_access":"","_jetpack_dont_email_post_to_subs":false,"_jetpack_newsletter_tier_id":0,"_jetpack_memberships_contains_paywalled_content":false,"_jetpack_memberships_contains_paid_content":false,"footnotes":"","jetpack_publicize_message":"","jetpack_publicize_feature_enabled":true,"jetpack_social_post_already_shared":true,"jetpack_social_options":{"image_generator_settings":{"template":"highway","default_image_id":0,"font":"","enabled":false},"version":2}},"categories":[1],"tags":[17603,45810,45809,1738,6361,3033,117,34011],"class_list":["post-184883","post","type-post","status-publish","format-standard","has-post-thumbnail","hentry","category-genel","tag-cografi","tag-derekoyde","tag-fasulyenin","tag-isaret","tag-kuru","tag-senligi","tag-yapildi","tag-yolundaki"],"jetpack_publicize_connections":[],"jetpack_featured_media_url":"https:\/\/i0.wp.com\/www.tvturk.com\/wp-content\/uploads\/2019\/07\/cografi-isaret-yolundaki-kuru-fasulyenin-derekoyde-senligi-yapildi_2fb694d.jpg?fit=1000%2C666","jetpack_sharing_enabled":true,"jetpack_shortlink":"https:\/\/wp.me\/paKIfm-M5Z","_links":{"self":[{"href":"http:\/\/www.tvturk.com\/index.php\/wp-json\/wp\/v2\/posts\/184883","targetHints":{"allow":["GET"]}}],"collection":[{"href":"http:\/\/www.tvturk.com\/index.php\/wp-json\/wp\/v2\/posts"}],"about":[{"href":"http:\/\/www.tvturk.com\/index.php\/wp-json\/wp\/v2\/types\/post"}],"author":[{"embeddable":true,"href":"http:\/\/www.tvturk.com\/index.php\/wp-json\/wp\/v2\/users\/1"}],"replies":[{"embeddable":true,"href":"http:\/\/www.tvturk.com\/index.php\/wp-json\/wp\/v2\/comments?post=184883"}],"version-history":[{"count":0,"href":"http:\/\/www.tvturk.com\/index.php\/wp-json\/wp\/v2\/posts\/184883\/revisions"}],"wp:featuredmedia":[{"embeddable":true,"href":"http:\/\/www.tvturk.com\/index.php\/wp-json\/wp\/v2\/media\/184884"}],"wp:attachment":[{"href":"http:\/\/www.tvturk.com\/index.php\/wp-json\/wp\/v2\/media?parent=184883"}],"wp:term":[{"taxonomy":"category","embeddable":true,"href":"http:\/\/www.tvturk.com\/index.php\/wp-json\/wp\/v2\/categories?post=184883"},{"taxonomy":"post_tag","embeddable":true,"href":"http:\/\/www.tvturk.com\/index.php\/wp-json\/wp\/v2\/tags?post=184883"}],"curies":[{"name":"wp","href":"https:\/\/api.w.org\/{rel}","templated":true}]}}