{"id":184891,"date":"2019-07-22T10:46:15","date_gmt":"2019-07-22T07:46:15","guid":{"rendered":"http:\/\/www.tvturk.com\/index.php\/11-uluslararasi-helal-ve-tayyib-konferansi-7-eylulde\/"},"modified":"2019-07-22T10:46:15","modified_gmt":"2019-07-22T07:46:15","slug":"11-uluslararasi-helal-ve-tayyib-konferansi-7-eylulde","status":"publish","type":"post","link":"http:\/\/www.tvturk.com\/index.php\/11-uluslararasi-helal-ve-tayyib-konferansi-7-eylulde\/","title":{"rendered":"11. Uluslararas\u0131 Helal ve Tayyib Konferans\u0131 7 Eyl\u00fcl\u2019de"},"content":{"rendered":"<p>Konular\u0131nda uzman 13 konu\u015fmac\u0131n\u0131n kat\u0131laca\u011f\u0131 \u201811. Uluslararas\u0131 Helal Ve Tayyib Konferans\u0131\u2019 7 Eyl\u00fcl\u2019de \u0130stanbul\u2019da d\u00fczenlenecek.<\/p>\n<p>Uluslararas\u0131 Helal ve Tayyib Konferans\u0131 ile ilgili a\u00e7\u0131klamalarda bulunan G\u0131da ve \u0130htiya\u00e7 Maddeleri Denetleme ve Sertifikalama Ara\u015ft\u0131rmalar\u0131 Derne\u011fi (G\u0130MDES) Y\u00f6netim Kurulu Ba\u015fkan\u0131 H\u00fcseyin K\u00e2mi B\u00fcy\u00fck\u00f6zer 8 \u00fclkeden konular\u0131nda uzman 13 konu\u015fmac\u0131n\u0131n kat\u0131l\u0131m sa\u011flayaca\u011f\u0131n\u0131 aktard\u0131.<\/p>\n<p>B\u00fcy\u00fck\u00f6zer, \u201cBiyoteknolojinin inan\u0131lmaz geli\u015fmesi ve gayrim\u00fcslim emperyal g\u00fc\u00e7lerin M\u00fcsl\u00fcmanlar\u0131n helal haram hassasiyetini dejenere etme gayreti ile, bu y\u00fczy\u0131l, bilhassa g\u0131dalar\u0131nda, helalin harama kar\u0131\u015ft\u0131\u011f\u0131, insano\u011flunun yedi\u011fi ve i\u00e7ti\u011fi \u015feylerde, helal ile haram\u0131n normal duyusal alg\u0131larla fark edilemeyecek bir seviyeye geldi\u011fi g\u00f6r\u00fclmektedir. Evet, insanlar lezzette bir erozyonun oldu\u011funu, nesilde \u00f6nemli bir de\u011fi\u015fimin ya\u015fand\u0131\u011f\u0131n\u0131, alerjik ve bakteriyel bir\u00e7ok hastal\u0131\u011f\u0131n ortaya \u00e7\u0131kt\u0131\u011f\u0131n\u0131 ve de h\u0131zla artt\u0131\u011f\u0131n\u0131 g\u00f6rmekte ancak, bu de\u011fi\u015fimlerin ve musibetlerin ger\u00e7ek sebebinin ne oldu\u011funu bilmedi\u011fi gibi, kayna\u011f\u0131n\u0131 da genel bilgisi \u00e7er\u00e7evesinde kavramakta zorlanmaktad\u0131r.  N\u00fcfusu 2 milyara ula\u015fan \u0130slam d\u00fcnyas\u0131 bu kaostan kurtulabilmek i\u00e7in dininin gere\u011fi olan Helal ve Tayyib \u00fcr\u00fcn arama eylemini fark etmi\u015f ve her ge\u00e7en g\u00fcn bu aray\u0131\u015f eylemini g\u00fc\u00e7lendirerek s\u00fcrd\u00fcrmektedir. \u00dclkemizde de bu aray\u0131\u015f, Helal ve Tayyib \u00fcr\u00fcnleri Sertifikalama ve Denetleme \u00e7al\u0131\u015fmalar\u0131 ile 2005 y\u0131l\u0131ndan itibaren \u00f6nc\u00fc olan G\u0130MDES ile ba\u015flat\u0131lm\u0131\u015f ve bu konunun yayg\u0131nla\u015fmas\u0131nda, Sertifikama hizmeti ile birlikte y\u00fcr\u00fct\u00fclen etkinlikler olan fuar ve konferanslar da \u00f6nemli rol oynam\u0131\u015ft\u0131r. Bu anlay\u0131\u015fla, 2008-2018 y\u0131llar\u0131 aras\u0131nda 11 adet Uluslararas\u0131 Helal ve Tayyib \u00dcr\u00fcnler Konferans\u0131n\u0131 ve 6 adet Helal ve Tayyib Fuar\u0131n\u0131 ger\u00e7ekle\u015ftirmi\u015ftir\u201d dedi.<\/p>\n<p>\u0130slam \u00fcmmetinin art\u0131k kendi modernitesini in\u015fa etmeye ba\u015flad\u0131\u011f\u0131n\u0131 s\u00f6yleyen Dr. B\u00fcy\u00fck\u00f6zer, \u201cBu etkinliklerde G\u0130MDES ve CNR EXPO ev sahipli\u011fi yapacak. Tarihi ve do\u011fal g\u00fczellikleri ile d\u00fcnyaca me\u015fhur olan \u0130stanbul, inan\u0131yoruz ki sizi de b\u00fcy\u00fcleyecektir. 100 y\u0131ld\u0131r kendisine dayat\u0131lan, kendisine ait olmayan Bat\u0131 modernitesine mahk\u00fbm edilmi\u015f \u0130slam \u00dcmmeti art\u0131k kendi modernitesini in\u015fa ediyor, kaybetti\u011fi Helallerini yeniden ke\u015ffediyor. 3.8 trilyon dolarl\u0131k Helal pazar\u0131n ger\u00e7ekle\u015ftirilmesi i\u00e7in \u00fcreticimiz, ihracat\u00e7\u0131m\u0131z, sat\u0131c\u0131lar\u0131m\u0131z, t\u00fcketicilerimiz ve kamu kurumlar\u0131m\u0131z elbirli\u011fi, g\u00fc\u00e7 birli\u011fi, g\u00f6n\u00fcl birli\u011fi yap\u0131yoruz. B\u00fct\u00fcn \u00fcmmet elele, g\u00f6n\u00fcl g\u00f6n\u00fcle, omuz omuza olmak i\u00e7in 600 y\u0131l \u0130slam\u2019a ba\u015fkentlik yapm\u0131\u015f \u0130stanbul\u2019da bulu\u015fuyoruz\u201d ifadelerine yer verdi.<\/p>\n<p>Sa\u011fl\u0131kl\u0131 nesil i\u00e7in \u00f6nce Helal ve Tayyib g\u0131da dediklerini ve buna b\u00f6yle inand\u0131klar\u0131n\u0131 aktaran B\u00fcy\u00fck\u00f6zer, \u201c7 Eyl\u00fcl\u2019de, 4-7 Eyl\u00fcl\u2019de ger\u00e7ekle\u015ftirilecek fuar, 6.Hall, Helal ve Tayyib \u00dcr\u00fcnler alan\u0131 i\u00e7inde 11. Uluslararas\u0131 Helal ve Tayyib \u00dcr\u00fcnler Konferans\u0131m\u0131z\u0131 da ger\u00e7ekle\u015ftiriyoruz. T\u00fcrkiye; Avrupa\u2019n\u0131n, Afrika\u2019n\u0131n, Orta Do\u011fu\u2019nun ve Asya\u2019n\u0131n tam ortas\u0131nda ve Helal Pazar\u0131n \u00e7ok \u00f6nemli ve aranan akt\u00f6r\u00fc olarak b\u00fct\u00fcn karde\u015flerini G\u0130MDES\u2019in bu etkinliklerine davet etmektedir.  11. Uluslararas\u0131 Helal ve Tayyib \u00dcr\u00fcnler Konferans\u0131na; Endonezya\u2019dan, Malezya\u2019dan, Amerika\u2019dan, G\u00fcney Afrika\u2019dan, \u0130spanya\u2019dan, \u0130ngiltere\u2019den, Kuveyt\u2019ten, T\u00fcrkiye\u2019den konular\u0131nda uzman 13 konu\u015fmac\u0131 kat\u0131lacak\u201d dedi.<\/p>\n<p>B\u00fcy\u00fck\u00f6zer, konferansta sunum yapacak konu\u015fmac\u0131lar \u015fu \u015fekilde s\u0131ralad\u0131:<\/p>\n<p>\u201cDr. Han\u0131 Al Mazeedi, Kuwait Institute for Scientific Research, Kuveyt<\/p>\n<p>Dr. Sukoso, Head of Halal Product Assurance Organisation Agency (BPJPH), Endonezya<\/p>\n<p>Dr. Muhammad Nadratuzzaman Hosen, State Islamic University, Jakarta, Endonezya<\/p>\n<p>Muhammad Mazhar Hussaini, American Halal foundation, Amerika<\/p>\n<p>Dr. ADEL Sab\u0131r, European Halal Development Agency., \u0130ngiltere<\/p>\n<p>Moulana Saeed Navlakhi, South African National Halal Authority, SANHA, G\u00fcney Afrika<\/p>\n<p>Dr. Halim Ayd\u0131n, M\u00dcS\u0130AD Y\u00f6netim Kurulu, T\u00fcrkiye<\/p>\n<p>Mohamed Mhamdi, Halal Food Quality, \u0130spanya<\/p>\n<p>Dr.Hasan Yetim, \u0130ZU, T\u00fcrkiye<\/p>\n<p>Prof. Dr. \u0130sa Y\u00fcceer, Felsefe ve Din Bilimleri- Bitlis, T\u00fcrkiye<\/p>\n<p>Prof. Dr. Hasan Tahsin Feyizli, T\u00fcrkiye<\/p>\n<p>Dr. H\u00fcsey\u0131n K\u00e2m\u0130 B\u00fcy\u00fck\u00f6zer, GiMDES Ba\u015fkan\u0131, T\u00fcrkiye<\/p>\n<p>Mehmed Zahit B\u00fcy\u00fck\u00f6zer, G\u0130MDES, T\u00fcrkiye\u201d<\/p>\n","protected":false},"excerpt":{"rendered":"<p>11. ULUSLARARASI HELAL VE TAYY\u0130B KONFERANSI 7 EYL\u00dcL&#8217;DE<\/p>\n","protected":false},"author":1,"featured_media":184892,"comment_status":"closed","ping_status":"open","sticky":false,"template":"","format":"standard","meta":{"jetpack_post_was_ever_published":false,"_jetpack_newsletter_access":"","_jetpack_dont_email_post_to_subs":false,"_jetpack_newsletter_tier_id":0,"_jetpack_memberships_contains_paywalled_content":false,"_jetpack_memberships_contains_paid_content":false,"footnotes":"","jetpack_publicize_message":"","jetpack_publicize_feature_enabled":true,"jetpack_social_post_already_shared":true,"jetpack_social_options":{"image_generator_settings":{"template":"highway","default_image_id":0,"font":"","enabled":false},"version":2}},"categories":[19],"tags":[4839,22290,3893,38885,351,35220],"class_list":["post-184891","post","type-post","status-publish","format-standard","has-post-thumbnail","hentry","category-ekonomi","tag-uluslararasi","tag-helal","tag-3893","tag-eylulde","tag-konferansi","tag-tayyib"],"jetpack_publicize_connections":[],"jetpack_featured_media_url":"https:\/\/i0.wp.com\/www.tvturk.com\/wp-content\/uploads\/2019\/07\/11-uluslararasi-helal-ve-tayyib-konferansi-7-eylulde_d83ec06.jpg?fit=768%2C432","jetpack_sharing_enabled":true,"jetpack_shortlink":"https:\/\/wp.me\/paKIfm-M67","_links":{"self":[{"href":"http:\/\/www.tvturk.com\/index.php\/wp-json\/wp\/v2\/posts\/184891","targetHints":{"allow":["GET"]}}],"collection":[{"href":"http:\/\/www.tvturk.com\/index.php\/wp-json\/wp\/v2\/posts"}],"about":[{"href":"http:\/\/www.tvturk.com\/index.php\/wp-json\/wp\/v2\/types\/post"}],"author":[{"embeddable":true,"href":"http:\/\/www.tvturk.com\/index.php\/wp-json\/wp\/v2\/users\/1"}],"replies":[{"embeddable":true,"href":"http:\/\/www.tvturk.com\/index.php\/wp-json\/wp\/v2\/comments?post=184891"}],"version-history":[{"count":0,"href":"http:\/\/www.tvturk.com\/index.php\/wp-json\/wp\/v2\/posts\/184891\/revisions"}],"wp:featuredmedia":[{"embeddable":true,"href":"http:\/\/www.tvturk.com\/index.php\/wp-json\/wp\/v2\/media\/184892"}],"wp:attachment":[{"href":"http:\/\/www.tvturk.com\/index.php\/wp-json\/wp\/v2\/media?parent=184891"}],"wp:term":[{"taxonomy":"category","embeddable":true,"href":"http:\/\/www.tvturk.com\/index.php\/wp-json\/wp\/v2\/categories?post=184891"},{"taxonomy":"post_tag","embeddable":true,"href":"http:\/\/www.tvturk.com\/index.php\/wp-json\/wp\/v2\/tags?post=184891"}],"curies":[{"name":"wp","href":"https:\/\/api.w.org\/{rel}","templated":true}]}}