{"id":184905,"date":"2019-07-22T11:01:47","date_gmt":"2019-07-22T08:01:47","guid":{"rendered":"http:\/\/www.tvturk.com\/index.php\/dunyanin-tek-yeralti-muzesi-kapadokyada-bulunuyor\/"},"modified":"2019-07-22T11:01:47","modified_gmt":"2019-07-22T08:01:47","slug":"dunyanin-tek-yeralti-muzesi-kapadokyada-bulunuyor","status":"publish","type":"post","link":"http:\/\/www.tvturk.com\/index.php\/dunyanin-tek-yeralti-muzesi-kapadokyada-bulunuyor\/","title":{"rendered":"D\u00fcnyan\u0131n tek yeralt\u0131 m\u00fczesi Kapadokya\u2019da bulunuyor"},"content":{"rendered":"<p>Kapadokya b\u00f6lgesinde yer alan d\u00fcnyan\u0131n ilk ve tek yer alt\u0131 m\u00fczesi yap\u0131s\u0131 ve i\u00e7indeki tarihi eserleriyle ziyaret\u00e7ilerini hayran b\u0131rak\u0131yor.<\/p>\n<p>Nev\u015fehir\u2019in Avanos il\u00e7esinde bulunan G\u00fcray M\u00fcze, d\u00fcnyan\u0131n tek yeralt\u0131 seramik m\u00fczesi olarak hizmet veriyor. M\u00fcze, Hititlerden beri s\u00fcrmekte olan \u00e7\u00f6mlek\u00e7ilik gelene\u011fine ev sahipli\u011fi yapan ayn\u0131 zamanda \u00fclkemizin en b\u00fcy\u00fck k\u00fclt\u00fcr, tarih ve do\u011fal miraslar\u0131n\u0131 bar\u0131nd\u0131ran Kapadokya B\u00f6lgesi\u2019nde yer almaktad\u0131r.<\/p>\n<p>G\u00fcray M\u00fcze sahibi G\u00fcray T\u00fcys\u00fcz yapt\u0131\u011f\u0131 a\u00e7\u0131klamada yerin yakla\u015f\u0131k 15 metre alt\u0131nda bulunan m\u00fczenin d\u00fcnya tek oldu\u011funu s\u00f6yledi. T\u00fcys\u00fcz, &#8220;G\u00fcray M\u00fcze yeralt\u0131nda olmas\u0131 itibar\u0131yla bir ilk oldu. Volkanik bir kayan\u0131n i\u00e7erisindeyiz ve yerin yakla\u015f\u0131k 15 metre alt\u0131nday\u0131z. Yer alt\u0131nda bir seramik m\u00fczesi olmas\u0131 itibar\u0131yla d\u00fcnyada bir ilk oldu. D\u00fcnyan\u0131n de\u011fi\u015fik \u00fclkelerinde de m\u00fczeler var ama Polonya\u2019da tuz m\u00fczesi var orada tuzdan heykeller var. Bu konsepte d\u00fcnyada bir ilk oldu. \u015eu an d\u00fcnyadaki tek yer alt\u0131ndaki seramik m\u00fczesidir\u201d dedi.<\/p>\n<p>\u201cM\u00fczede 7 bin y\u0131ll\u0131k eserler sergileniyor\u201d<\/p>\n<p>D\u00fcnyan\u0131n tek yeralt\u0131 seramik m\u00fczesi olan G\u00fcray M\u00fcze ziyaret\u00e7ilerini milattan \u00f6nce 5 bin y\u0131l\u0131na g\u00f6t\u00fcr\u00fcrken m\u00fcze \u00fc\u00e7 b\u00f6l\u00fcmden olu\u015fuyor. M\u00fczenin birinci b\u00f6l\u00fcm\u00fc, Antik Eserler salonu olarak hizmet veriyor. Kronolojik bir sergilenmenin yap\u0131ld\u0131\u011f\u0131 bu salonda, Ge\u00e7 Kalkolitik D\u00f6nem, Tun\u00e7 ve Demir \u00c7a\u011flar\u0131 ile Helenistik, Roma, Bizans, Sel\u00e7uklu ve Osmanl\u0131 D\u00f6nemlerine ait seramik ve \u00e7\u00f6mlek eserler sergilenmektedir. M\u00fcze sahibi G\u00fcray T\u00fcys\u00fcz \u00f6zellikle yabanc\u0131 turistlerin m\u00fczeye geldiklerinde \u015fok ya\u015fad\u0131klar\u0131n\u0131 s\u00f6yledi. T\u00fcys\u00fcz, \u201cM\u00fczemize gelen yerli ve yabanc\u0131 turistler a\u00e7\u0131k\u00e7as\u0131 b\u00f6yle bir m\u00fcze beklemiyorlar. Ta ki m\u00fczenin i\u00e7erisine girene kadar. \u00d6zellikle yabanc\u0131 turistler m\u00fczenin i\u00e7erisine girdikten sonra \u015fok oluyorlar. \u00c7\u00fcnk\u00fc bu hi\u00e7 beklemedikleri bir proje. M\u00fczede \u00fc\u00e7 farkl\u0131 b\u00f6l\u00fcm var. Birinci b\u00f6l\u00fcmde tarihi eserleri sergiliyoruz. Burada bulunan eserler milattan \u00f6nce 5 bin y\u0131ldan bug\u00fcne geliyor. Yakla\u015f\u0131k 7 bin sene \u00f6ncesinden ba\u015fl\u0131yor. Bulundu\u011fumuz salonu g\u00fcn\u00fcm\u00fcz sanat\u00e7\u0131lar\u0131na ay\u0131rd\u0131k. \u00dclkemizde her \u00fcnl\u00fc bir sanat\u00e7\u0131y\u0131 bir iki eserler burada tan\u0131t\u0131yoruz. Ve daha gelecek \u00e7ok daha sanat\u00e7\u0131 ve eser var. \u00dc\u00e7\u00fcnc\u00fc b\u00f6l\u00fcm\u00fcm\u00fcz ise sergi salonundan olu\u015fuyor. Sergi salonunda her 15 g\u00fcnde bir resim, seramik ve heykel sergileri yap\u0131l\u0131yor\u201d diye konu\u015ftu.<\/p>\n<p>\u201cBu m\u00fczeye gelenler a\u015f\u0131k oluyor\u201d<\/p>\n<p>D\u00fcnyan\u0131n tek yeralt\u0131 seramik m\u00fczesi olan G\u00fcray M\u00fcze\u2019nin hen\u00fcz 3 ya\u015f\u0131nda oldu\u011funu ifade eden G\u00fcray T\u00fcys\u00fcz, &#8220;Daha m\u00fczemiz 3 ya\u015f\u0131nda. K\u00fclt\u00fcr Bakanl\u0131\u011f\u0131 m\u00fczemizi onaylad\u0131. Bakanl\u0131\u011fa ba\u011fl\u0131 \u00f6zel bir m\u00fcze olduk. \u0130lgi beklentimizden \u00e7ok daha fazla. M\u00fczemize gelen her ziyaret\u00e7i buray\u0131 \u00e7ok be\u011feniyor hatta a\u015f\u0131k oluyor diyebilirim. Her gelen ziyaret\u00e7i e\u015fini dostunu g\u00f6nderiyor. Hatta art\u0131k \u00fc\u00e7 veya d\u00f6rd\u00fcnc\u00fc kez gelen misafirlerimiz oluyor. G\u00fcray M\u00fcze \u015fu an itibar\u0131yla ya\u015fayan bir m\u00fcze haline geldi. Buraya gelen her ziyaret\u00e7imiz serami\u011fin b\u00fct\u00fcn a\u015famalar\u0131n\u0131 g\u00f6rebiliyor. At\u00f6lyeyi geziyor, orada nas\u0131l yap\u0131ld\u0131\u011f\u0131n\u0131 g\u00f6r\u00fcyor. \u0130sterlerse \u00e7\u00f6mlek yapabiliyorlar isterlerse ma\u011fazam\u0131zdan al\u0131\u015fveri\u015f yapabiliyorlar. Bu proje nasip olursa kendi kazanc\u0131yla 3 kat daha b\u00fcy\u00fcyecek. \u015euan bin 800 metre karelik alanday\u0131z. Di\u011fer alanlar\u0131m\u0131z ile birlikte yakla\u015f\u0131k 2 bin 500 metre kare alanday\u0131z. E\u011fer nasip olursa m\u00fcze \u00fc\u00e7 kat daha b\u00fcy\u00fcyecek. Ve orada da \u00e7ocuklar i\u00e7in etkinlik alanlar\u0131 olacak, \u00f6\u011frencilere kurslar verilecek. M\u00fczeye ait kongre ve toplant\u0131 salonlar\u0131 olacak. Bu m\u00fcze t\u00fcm bunlardan sonra bir vak\u0131f olacak ve insanl\u0131\u011fa hediye olacak\u201d \u015feklinde konu\u015ftu.<\/p>\n","protected":false},"excerpt":{"rendered":"<p>KAPADOKYA&#8217;DA BULUNAN VE D\u00dcNYANIN TEK YERALTI SERAM\u0130K M\u00dcZES\u0130 Z\u0130YARET\u00c7\u0130LER\u0130N\u0130 M\u0130LATTAN \u00d6NCE 5 B\u0130N YILANA G\u00d6T\u00dcR\u00dcYOR<\/p>\n","protected":false},"author":1,"featured_media":184906,"comment_status":"closed","ping_status":"open","sticky":false,"template":"","format":"standard","meta":{"jetpack_post_was_ever_published":false,"_jetpack_newsletter_access":"","_jetpack_dont_email_post_to_subs":false,"_jetpack_newsletter_tier_id":0,"_jetpack_memberships_contains_paywalled_content":false,"_jetpack_memberships_contains_paid_content":false,"footnotes":"","jetpack_publicize_message":"","jetpack_publicize_feature_enabled":true,"jetpack_social_post_already_shared":true,"jetpack_social_options":{"image_generator_settings":{"template":"highway","default_image_id":0,"font":"","enabled":false},"version":2}},"categories":[1],"tags":[1297,1197,13956,802,366,9524],"class_list":["post-184905","post","type-post","status-publish","format-standard","has-post-thumbnail","hentry","category-genel","tag-bulunuyor","tag-dunyanin","tag-kapadokyada","tag-muzesi","tag-tek","tag-yeralti"],"jetpack_publicize_connections":[],"jetpack_featured_media_url":"https:\/\/i0.wp.com\/www.tvturk.com\/wp-content\/uploads\/2019\/07\/dunyanin-tek-yeralti-muzesi-kapadokyada-bulunuyor_8ee069c.jpg?fit=1000%2C666","jetpack_sharing_enabled":true,"jetpack_shortlink":"https:\/\/wp.me\/paKIfm-M6l","_links":{"self":[{"href":"http:\/\/www.tvturk.com\/index.php\/wp-json\/wp\/v2\/posts\/184905","targetHints":{"allow":["GET"]}}],"collection":[{"href":"http:\/\/www.tvturk.com\/index.php\/wp-json\/wp\/v2\/posts"}],"about":[{"href":"http:\/\/www.tvturk.com\/index.php\/wp-json\/wp\/v2\/types\/post"}],"author":[{"embeddable":true,"href":"http:\/\/www.tvturk.com\/index.php\/wp-json\/wp\/v2\/users\/1"}],"replies":[{"embeddable":true,"href":"http:\/\/www.tvturk.com\/index.php\/wp-json\/wp\/v2\/comments?post=184905"}],"version-history":[{"count":0,"href":"http:\/\/www.tvturk.com\/index.php\/wp-json\/wp\/v2\/posts\/184905\/revisions"}],"wp:featuredmedia":[{"embeddable":true,"href":"http:\/\/www.tvturk.com\/index.php\/wp-json\/wp\/v2\/media\/184906"}],"wp:attachment":[{"href":"http:\/\/www.tvturk.com\/index.php\/wp-json\/wp\/v2\/media?parent=184905"}],"wp:term":[{"taxonomy":"category","embeddable":true,"href":"http:\/\/www.tvturk.com\/index.php\/wp-json\/wp\/v2\/categories?post=184905"},{"taxonomy":"post_tag","embeddable":true,"href":"http:\/\/www.tvturk.com\/index.php\/wp-json\/wp\/v2\/tags?post=184905"}],"curies":[{"name":"wp","href":"https:\/\/api.w.org\/{rel}","templated":true}]}}