{"id":184909,"date":"2019-07-22T11:02:04","date_gmt":"2019-07-22T08:02:04","guid":{"rendered":"http:\/\/www.tvturk.com\/index.php\/ipin-ucundaki-guzellik-mint-lift\/"},"modified":"2019-07-22T11:02:04","modified_gmt":"2019-07-22T08:02:04","slug":"ipin-ucundaki-guzellik-mint-lift","status":"publish","type":"post","link":"http:\/\/www.tvturk.com\/index.php\/ipin-ucundaki-guzellik-mint-lift\/","title":{"rendered":"\u0130pin ucundaki g\u00fczellik: Mint Lift"},"content":{"rendered":"<p>Dr. Nejat Can, Frans\u0131z ask\u0131s\u0131, kont\u00fcr lifti, \u00f6r\u00fcmcek a\u011f\u0131 esteti\u011fi olarak da bilinen Mint lift i\u015flemi hakk\u0131nda bilinmeyenleri a\u00e7\u0131klad\u0131.<\/p>\n<p>Dr. Nejat Can, Frans\u0131z ask\u0131s\u0131, kont\u00fcr lifti, \u00f6r\u00fcmcek a\u011f\u0131 esteti\u011fi olarak da bilinen ameliyats\u0131z y\u00fcz germe y\u00f6ntemlerinden Mint lift i\u015flemi hakk\u0131nda merak edilenleri anlatt\u0131. Ameliyats\u0131z y\u00fcz asma i\u015fleminin k\u0131l\u00e7\u0131kl\u0131 ve daha kal\u0131n iplerin kan\u00fcl yard\u0131m\u0131yla sarkan b\u00f6lgelere yerle\u015ftirilerek ask\u0131ya al\u0131nmas\u0131 y\u00f6ntemi oldu\u011funu ifade eden Dr. Nejat Can, iple asma i\u015fleminin, g\u00fcvenli ve \u00e7abuk sonu\u00e7lar elde edilebilen, \u00f6zellikle sarkan yanak ve \u00e7ene g\u00f6r\u00fcnt\u00fcs\u00fc i\u00e7in etkili bir y\u00f6ntem oldu\u011funun alt\u0131n\u0131 \u00e7izdi.<\/p>\n<p>Elastikiyetini kaybeden b\u00f6lgeleri eski haline getiriyor<\/p>\n<p>Bu i\u015flemin, elastikiyeti kaybolmu\u015f b\u00f6lgeleri tekrardan eski pozisyonuna getirmek i\u00e7in kullan\u0131ld\u0131\u011f\u0131na dikkat \u00e7eken Dr. Nejat Can, derinin temel bile\u015fenleri olan kollajen ve elastinin gen\u00e7likte bol miktarda bulundu\u011funu ancak ya\u015fla birlikte azalmaya ba\u015flad\u0131\u011f\u0131n\u0131 ifade etti.<\/p>\n<p>Dr. Nejat Can, &#8220;\u00dcretim yava\u015flarken, cilt sarkmaya, k\u0131r\u0131\u015fmaya, hacmini ve s\u0131k\u0131l\u0131\u011f\u0131n\u0131 kaybetmeye ba\u015flar. Mint lift, y\u00fcz dokular\u0131n\u0131 kald\u0131rmak ve kollajen \u00fcretimini art\u0131rmak i\u00e7in emilebilir diki\u015f malzemesi olan FDA onayl\u0131 ipliktir&#8221; dedi.<\/p>\n<p>Cildin alt\u0131na minimal d\u00fczeyde girilen bu i\u015flem sayesinde ba\u015far\u0131l\u0131 sonu\u00e7lar\u0131n al\u0131nd\u0131\u011f\u0131n\u0131 ve bu sonu\u00e7lar\u0131n yakla\u015f\u0131k 2 y\u0131l kadar dayand\u0131\u011f\u0131n\u0131 belirten Dr. Nejat Can, ayn\u0131 zamanda hastan\u0131n i\u015flem sonras\u0131nda g\u00fcnl\u00fck aktivitelerine d\u00f6nmesinin de \u00e7ok daha k\u0131sa s\u00fcrd\u00fc\u011f\u00fcn\u00fc vurgulad\u0131.<\/p>\n<p>Cerrahi m\u00fcdahalelere gerek kalm\u0131yor<\/p>\n<p>Dr. Nejat Can, &#8220;Ameliyata ihtiyac\u0131 ortadan kald\u0131ran iple y\u00fcz germe i\u015flemi, son d\u00f6nemde bas\u0131n taraf\u0131ndan da olduk\u00e7a ilgi g\u00f6rmektedir. Bu i\u015flemi ancak, i\u015finin ehli ki\u015filerce yap\u0131lmas\u0131n\u0131 tavsiye ediyoruz. \u0130ple germe tekni\u011fi, k\u0131sa bir iyile\u015fme s\u00fcrecine sahip ve baz\u0131 doktorlar bu y\u00fczden bu i\u015flemi \u00f6\u011fle-aras\u0131-lifti veya hafta sonu lifti olarak adland\u0131rmakta. \u00c7\u00fcnk\u00fc 30 dakika i\u00e7inde i\u015flem tamamlanabiliyor&#8221; \u015feklinde a\u00e7\u0131klama yapt\u0131.<\/p>\n<p>Mint Lift i\u015fleminin, \u00e7ok yo\u011fun sarkma ve oturmu\u015f derin \u00e7izgilere sahip olmayan ki\u015filer i\u00e7in uygun oldu\u011funu s\u00f6zlerine ekleyen Dr. Nejat Can, hem erkeklere hem de kad\u0131nlara rahatl\u0131kla uygulanabildi\u011fini belirtti.<\/p>\n<p>\u0130ple germe i\u015fleminin genellikle 35 ila 60 ya\u015f aras\u0131, daha gen\u00e7 g\u00f6r\u00fcnmek isteyen, ciddi ve a\u00e7\u0131k bir y\u00fcz gerdirme operasyonuna ihtiya\u00e7 duymayan ki\u015filere uygulanabildi\u011fine dikkat \u00e7eken Dr. Nejat Can, Mint lift uygulanan ki\u015filerin, tedavi sonras\u0131nda kald\u0131r\u0131lm\u0131\u015f, gerginle\u015fmi\u015f bir g\u00f6r\u00fcn\u00fcme sahip olabileceklerini dile getirdi.<\/p>\n<p>Dr. Nejat Can, &#8220;\u0130\u015flemin as\u0131l amac\u0131 sarkan dokular\u0131 kald\u0131rmak olsa da, kollajen \u00fcretimini de tetikler. Mint lift, ciltteki k\u0131vr\u0131mlar\u0131 yumu\u015fat\u0131p \u00e7ene \u00e7izgisini s\u0131k\u0131la\u015ft\u0131rarak y\u00fcz\u00fcn genel gen\u00e7li\u011fini iyile\u015ftirmeye yard\u0131mc\u0131 olur&#8221; diyerek s\u00f6zlerini noktalad\u0131.<\/p>\n","protected":false},"excerpt":{"rendered":"<p>DR. NEJAT CAN, FRANSIZ ASKISI, KONT\u00dcR L\u0130FT\u0130, \u00d6R\u00dcMCEK A\u011eI ESTET\u0130\u011e\u0130 OLARAK DA B\u0130L\u0130NEN M\u0130NT L\u0130FT \u0130\u015eLEM\u0130 HAKKINDA B\u0130L\u0130NMEYENLER\u0130 A\u00c7IKLADI.<\/p>\n","protected":false},"author":1,"featured_media":184910,"comment_status":"closed","ping_status":"open","sticky":false,"template":"","format":"standard","meta":{"jetpack_post_was_ever_published":false,"_jetpack_newsletter_access":"","_jetpack_dont_email_post_to_subs":false,"_jetpack_newsletter_tier_id":0,"_jetpack_memberships_contains_paywalled_content":false,"_jetpack_memberships_contains_paid_content":false,"footnotes":"","jetpack_publicize_message":"","jetpack_publicize_feature_enabled":true,"jetpack_social_post_already_shared":true,"jetpack_social_options":{"image_generator_settings":{"template":"highway","default_image_id":0,"font":"","enabled":false},"version":2}},"categories":[1],"tags":[4428,45818,45820,45819,24994],"class_list":["post-184909","post","type-post","status-publish","format-standard","has-post-thumbnail","hentry","category-genel","tag-guzellik","tag-ipin","tag-lift","tag-mint","tag-ucundaki"],"jetpack_publicize_connections":[],"jetpack_featured_media_url":"https:\/\/i0.wp.com\/www.tvturk.com\/wp-content\/uploads\/2019\/07\/ipin-ucundaki-guzellik-mint-lift_1a67330.jpg?fit=774%2C1000","jetpack_sharing_enabled":true,"jetpack_shortlink":"https:\/\/wp.me\/paKIfm-M6p","_links":{"self":[{"href":"http:\/\/www.tvturk.com\/index.php\/wp-json\/wp\/v2\/posts\/184909","targetHints":{"allow":["GET"]}}],"collection":[{"href":"http:\/\/www.tvturk.com\/index.php\/wp-json\/wp\/v2\/posts"}],"about":[{"href":"http:\/\/www.tvturk.com\/index.php\/wp-json\/wp\/v2\/types\/post"}],"author":[{"embeddable":true,"href":"http:\/\/www.tvturk.com\/index.php\/wp-json\/wp\/v2\/users\/1"}],"replies":[{"embeddable":true,"href":"http:\/\/www.tvturk.com\/index.php\/wp-json\/wp\/v2\/comments?post=184909"}],"version-history":[{"count":0,"href":"http:\/\/www.tvturk.com\/index.php\/wp-json\/wp\/v2\/posts\/184909\/revisions"}],"wp:featuredmedia":[{"embeddable":true,"href":"http:\/\/www.tvturk.com\/index.php\/wp-json\/wp\/v2\/media\/184910"}],"wp:attachment":[{"href":"http:\/\/www.tvturk.com\/index.php\/wp-json\/wp\/v2\/media?parent=184909"}],"wp:term":[{"taxonomy":"category","embeddable":true,"href":"http:\/\/www.tvturk.com\/index.php\/wp-json\/wp\/v2\/categories?post=184909"},{"taxonomy":"post_tag","embeddable":true,"href":"http:\/\/www.tvturk.com\/index.php\/wp-json\/wp\/v2\/tags?post=184909"}],"curies":[{"name":"wp","href":"https:\/\/api.w.org\/{rel}","templated":true}]}}