{"id":184919,"date":"2019-07-22T11:16:27","date_gmt":"2019-07-22T08:16:27","guid":{"rendered":"http:\/\/www.tvturk.com\/index.php\/suriyelilerin-bayram-yolculugu-basladi\/"},"modified":"2019-07-22T11:16:27","modified_gmt":"2019-07-22T08:16:27","slug":"suriyelilerin-bayram-yolculugu-basladi","status":"publish","type":"post","link":"http:\/\/www.tvturk.com\/index.php\/suriyelilerin-bayram-yolculugu-basladi\/","title":{"rendered":"Suriyelilerin bayram yolculu\u011fu ba\u015flad\u0131"},"content":{"rendered":"<p>Kurban Bayram\u0131\u2019n\u0131 \u00fclkelerinde ge\u00e7irmek isteyen Suriyeliler, Kilis\u2019teki \u00d6nc\u00fcp\u0131nar S\u0131n\u0131r Kap\u0131s\u0131\u2019ndan \u00fclkelerine gitmeye ba\u015flad\u0131.<\/p>\n<p>Kurban Bayram\u0131\u2019n\u0131 \u00fclkelerinde ge\u00e7irmek isteyen Suriyeliler, Kilis Valili\u011finin online randevu sistemine kay\u0131t yapt\u0131rd\u0131ktan sonra randevu g\u00fcn\u00fc geldi\u011finde \u00fclkelerine ge\u00e7iyor. T\u00fcrkiye\u2019nin d\u00f6rt bir taraf\u0131ndan randevu sistemine kay\u0131t olan Suriyeliler, Kilis \u00d6nc\u00fcp\u0131nar S\u0131n\u0131r Kap\u0131s\u0131\u2019na geliyor. Suriyeliler, Kilis Valili\u011finin izni ile 22 Temmuz &#8211; 9 A\u011fustos tarihleri aras\u0131nda Suriye\u2019nin Azez, Mare, Soran, Aktarin, \u00c7obanbey, Afrin, Cerablus ve El Bab b\u00f6lgeleri ile Suriye\u2019nin di\u011fer \u015fehirlerine gidiyor. Suriyelilerin polis ve jandarma g\u00f6zetiminde \u0130l G\u00f6\u00e7 \u0130daresi taraf\u0131ndan kay\u0131tlar\u0131 yap\u0131l\u0131yor. Pasaport polisinin son kontrol\u00fcnden ge\u00e7en Suriyeliler, g\u00fcmr\u00fck g\u00f6revlilerinin nezaretinde tahsis edilen otob\u00fcslerle \u00fclkelerine gidiyor.<\/p>\n<p>Sa\u011fl\u0131k M\u00fcd\u00fcrl\u00fc\u011f\u00fc g\u00f6revlileri de 15 ya\u015f alt\u0131 \u00e7ocuklar\u0131n a\u015f\u0131 kartlar\u0131n\u0131 kontrol ederek, a\u015f\u0131 kart\u0131 olmayanlara a\u015f\u0131 yap\u0131yor.<\/p>\n<p>4 y\u0131lda 400 bin Suriyeli bayram i\u00e7in \u00fclkesine gitti<\/p>\n<p>\u00d6nc\u00fcp\u0131nar S\u0131n\u0131r Kap\u0131s\u0131 \u00fczerinden 2014-2019 aras\u0131nda 400 bin Suriyeli, bayram i\u00e7in \u00fclkesine gitti.<\/p>\n<p>Suriye\u2019deki i\u00e7 karga\u015fa, Esad rejiminin bask\u0131s\u0131 ve sald\u0131r\u0131s\u0131 ile DEA\u015e ile PYD sald\u0131r\u0131lar\u0131 sonucu \u00fclkelerinden ka\u00e7arak T\u00fcrkiye\u2019ye yerle\u015fen Suriyeliler, 2014 y\u0131l\u0131ndan bu yana bayramla\u015fmak i\u00e7in \u00fclkelerine gidiyor.<\/p>\n","protected":false},"excerpt":{"rendered":"<p>KURBAN BAYRAMI&#8217;NI \u00dcLKELER\u0130NDE GE\u00c7\u0130RMEK \u0130STEYEN SUR\u0130YEL\u0130LER, K\u0130L\u0130S&#8217;TEK\u0130 \u00d6NC\u00dcPINAR SINIR KAPISI&#8217;NDAN \u00dcLKELER\u0130NE G\u0130D\u0130\u015eLER\u0130 BA\u015eLADI.<\/p>\n","protected":false},"author":1,"featured_media":184920,"comment_status":"closed","ping_status":"open","sticky":false,"template":"","format":"standard","meta":{"jetpack_post_was_ever_published":false,"_jetpack_newsletter_access":"","_jetpack_dont_email_post_to_subs":false,"_jetpack_newsletter_tier_id":0,"_jetpack_memberships_contains_paywalled_content":false,"_jetpack_memberships_contains_paid_content":false,"footnotes":"","jetpack_publicize_message":"","jetpack_publicize_feature_enabled":true,"jetpack_social_post_already_shared":true,"jetpack_social_options":{"image_generator_settings":{"template":"highway","default_image_id":0,"font":"","enabled":false},"version":2}},"categories":[1],"tags":[55,23995,37566,7963],"class_list":["post-184919","post","type-post","status-publish","format-standard","has-post-thumbnail","hentry","category-genel","tag-basladi","tag-bayram","tag-suriyelilerin","tag-yolculugu"],"jetpack_publicize_connections":[],"jetpack_featured_media_url":"https:\/\/i0.wp.com\/www.tvturk.com\/wp-content\/uploads\/2019\/07\/suriyelilerin-bayram-yolculugu-basladi_3930a7b.jpg?fit=1000%2C666","jetpack_sharing_enabled":true,"jetpack_shortlink":"https:\/\/wp.me\/paKIfm-M6z","_links":{"self":[{"href":"http:\/\/www.tvturk.com\/index.php\/wp-json\/wp\/v2\/posts\/184919","targetHints":{"allow":["GET"]}}],"collection":[{"href":"http:\/\/www.tvturk.com\/index.php\/wp-json\/wp\/v2\/posts"}],"about":[{"href":"http:\/\/www.tvturk.com\/index.php\/wp-json\/wp\/v2\/types\/post"}],"author":[{"embeddable":true,"href":"http:\/\/www.tvturk.com\/index.php\/wp-json\/wp\/v2\/users\/1"}],"replies":[{"embeddable":true,"href":"http:\/\/www.tvturk.com\/index.php\/wp-json\/wp\/v2\/comments?post=184919"}],"version-history":[{"count":0,"href":"http:\/\/www.tvturk.com\/index.php\/wp-json\/wp\/v2\/posts\/184919\/revisions"}],"wp:featuredmedia":[{"embeddable":true,"href":"http:\/\/www.tvturk.com\/index.php\/wp-json\/wp\/v2\/media\/184920"}],"wp:attachment":[{"href":"http:\/\/www.tvturk.com\/index.php\/wp-json\/wp\/v2\/media?parent=184919"}],"wp:term":[{"taxonomy":"category","embeddable":true,"href":"http:\/\/www.tvturk.com\/index.php\/wp-json\/wp\/v2\/categories?post=184919"},{"taxonomy":"post_tag","embeddable":true,"href":"http:\/\/www.tvturk.com\/index.php\/wp-json\/wp\/v2\/tags?post=184919"}],"curies":[{"name":"wp","href":"https:\/\/api.w.org\/{rel}","templated":true}]}}