{"id":184959,"date":"2019-07-22T12:02:08","date_gmt":"2019-07-22T09:02:08","guid":{"rendered":"http:\/\/www.tvturk.com\/index.php\/mardinin-doga-harikasi-yardere-selalesi\/"},"modified":"2019-07-22T12:02:08","modified_gmt":"2019-07-22T09:02:08","slug":"mardinin-doga-harikasi-yardere-selalesi","status":"publish","type":"post","link":"http:\/\/www.tvturk.com\/index.php\/mardinin-doga-harikasi-yardere-selalesi\/","title":{"rendered":"Mardin\u2019in do\u011fa harikas\u0131 \u2019Yardere \u015eelalesi\u2019"},"content":{"rendered":"<p>Mardin\u2019in do\u011fal \u015felaleleri aras\u0131nda yer alan Yardere \u015eelalesi, g\u00fcvenlik g\u00fc\u00e7lerinin b\u00f6lgede huzur ve g\u00fcvenli\u011fi sa\u011flamas\u0131n\u0131n ard\u0131ndan b\u00f6lge turizmine kazand\u0131r\u0131ld\u0131. Y\u00f6re halk\u0131n\u0131n u\u011frak mekan\u0131 haline gelen \u015felale, havadan g\u00f6r\u00fcnt\u00fclendi.<\/p>\n<p>Tarihi Dara Antik Kenti\u2019ne 6 kilometre uzakl\u0131ktaki Yardere \u015eelalesi, \u00e7orak iki da\u011f aras\u0131ndaki do\u011fal ye\u015filli\u011fi ve suyu ile g\u00f6renleri kendine hayran b\u0131rak\u0131yor. Drone ile g\u00f6r\u00fcnt\u00fclenen Yardere \u015eelalesi, ye\u015filin tonlar\u0131 ve suyunun serinli\u011fi ile Mardin\u2019in g\u00f6zde mekanlar\u0131 aras\u0131nda yer al\u0131yor. 2 bin 300 y\u0131ll\u0131k tarihi Dara Antik Kenti\u2019ni gezen yerli ve yabanc\u0131 turistler, do\u011fal g\u00fczelli\u011fi ile cezbedici olan Yardere\u2019de dinlenme imkan\u0131 buluyor.<\/p>\n<p>Bu y\u0131l ilk kez kap\u0131lar\u0131n\u0131 turistlere a\u00e7an Yardere \u015eelalesi\u2019ne foto\u011fraf ve do\u011fa tutkunlar\u0131n\u0131 davet eden i\u015fletmeci \u0130smail Cirik, \u015felalenin sessiz, sakin ve huzurlu bir yer oldu\u011funu s\u00f6yledi. Cirik, \u201c\u00c7evre d\u00fczenlemesini yapt\u0131k. Alabal\u0131k da koyaca\u011f\u0131z. Pazar g\u00fcnleri buras\u0131 \u00e7ok kalabal\u0131k. Vatanda\u015flar gelip suya girip piknik yap\u0131yor. Bunu halk i\u00e7in yapt\u0131m. Gelenler ilk defa b\u00f6yle yer g\u00f6rd\u00fck diyorlar. T\u00fcm yerli yabanc\u0131 turistleri buray\u0131 g\u00f6rmeye davet ediyorum\u201d dedi.<\/p>\n<p>Ailesi ile birlikte Yardere\u2019ye dinlenmeye gelen gen\u00e7lerden Zelal Bulut da, \u201cBuras\u0131 \u00e7ok g\u00fczel. Ye\u015filin her tonu var. \u015eehirde biz toprakla u\u011fra\u015fam\u0131yoruz. Buras\u0131 teknolojiden uzak \u00e7ok do\u011fal g\u00fczel bir yer. Foto\u011fraf \u00e7ektirmek isteyen \u00e7ok g\u00fczel bir yer. Mardin g\u00fczel, turistlerin buraya gelmesini ve tan\u0131t\u0131m\u0131n\u0131 isterim\u201d diye konu\u015ftu.<\/p>\n","protected":false},"excerpt":{"rendered":"<p>MARD\u0130N\u2019\u0130N DO\u011eAL \u015eELALELER\u0130 ARASINDA YER ALAN VE YILLARCA TER\u00d6R NEDEN\u0130 \u0130LE KE\u015eFED\u0130LMEY\u0130 BEKLEYEN YARDERE \u015eELALES\u0130, DEVLET\u0130N SA\u011eLADI\u011eI HUZUR VE G\u00dcVENL\u0130K OPERASYONLARI TARAFINDAN YEN\u0130DEN B\u00d6LGE TUR\u0130ZM\u0130NE KAZANDIRILDI.<\/p>\n","protected":false},"author":1,"featured_media":184960,"comment_status":"closed","ping_status":"open","sticky":false,"template":"","format":"standard","meta":{"jetpack_post_was_ever_published":false,"_jetpack_newsletter_access":"","_jetpack_dont_email_post_to_subs":false,"_jetpack_newsletter_tier_id":0,"_jetpack_memberships_contains_paywalled_content":false,"_jetpack_memberships_contains_paid_content":false,"footnotes":"","jetpack_publicize_message":"","jetpack_publicize_feature_enabled":true,"jetpack_social_post_already_shared":true,"jetpack_social_options":{"image_generator_settings":{"template":"highway","default_image_id":0,"font":"","enabled":false},"version":2}},"categories":[1],"tags":[4197,27535,86,21084,34338],"class_list":["post-184959","post","type-post","status-publish","format-standard","has-post-thumbnail","hentry","category-genel","tag-doga","tag-harikasi","tag-mardinin","tag-selalesi","tag-yardere"],"jetpack_publicize_connections":[],"jetpack_featured_media_url":"https:\/\/i0.wp.com\/www.tvturk.com\/wp-content\/uploads\/2019\/07\/mardinin-doga-harikasi-yardere-selalesi_1df2166.jpg?fit=1000%2C666","jetpack_sharing_enabled":true,"jetpack_shortlink":"https:\/\/wp.me\/paKIfm-M7d","_links":{"self":[{"href":"http:\/\/www.tvturk.com\/index.php\/wp-json\/wp\/v2\/posts\/184959","targetHints":{"allow":["GET"]}}],"collection":[{"href":"http:\/\/www.tvturk.com\/index.php\/wp-json\/wp\/v2\/posts"}],"about":[{"href":"http:\/\/www.tvturk.com\/index.php\/wp-json\/wp\/v2\/types\/post"}],"author":[{"embeddable":true,"href":"http:\/\/www.tvturk.com\/index.php\/wp-json\/wp\/v2\/users\/1"}],"replies":[{"embeddable":true,"href":"http:\/\/www.tvturk.com\/index.php\/wp-json\/wp\/v2\/comments?post=184959"}],"version-history":[{"count":0,"href":"http:\/\/www.tvturk.com\/index.php\/wp-json\/wp\/v2\/posts\/184959\/revisions"}],"wp:featuredmedia":[{"embeddable":true,"href":"http:\/\/www.tvturk.com\/index.php\/wp-json\/wp\/v2\/media\/184960"}],"wp:attachment":[{"href":"http:\/\/www.tvturk.com\/index.php\/wp-json\/wp\/v2\/media?parent=184959"}],"wp:term":[{"taxonomy":"category","embeddable":true,"href":"http:\/\/www.tvturk.com\/index.php\/wp-json\/wp\/v2\/categories?post=184959"},{"taxonomy":"post_tag","embeddable":true,"href":"http:\/\/www.tvturk.com\/index.php\/wp-json\/wp\/v2\/tags?post=184959"}],"curies":[{"name":"wp","href":"https:\/\/api.w.org\/{rel}","templated":true}]}}