{"id":184977,"date":"2019-07-22T12:17:34","date_gmt":"2019-07-22T09:17:34","guid":{"rendered":"http:\/\/www.tvturk.com\/index.php\/dev-mozaigin-yer-aldigi-muze-otelde-sona-yaklasildi\/"},"modified":"2019-07-22T12:17:34","modified_gmt":"2019-07-22T09:17:34","slug":"dev-mozaigin-yer-aldigi-muze-otelde-sona-yaklasildi","status":"publish","type":"post","link":"http:\/\/www.tvturk.com\/index.php\/dev-mozaigin-yer-aldigi-muze-otelde-sona-yaklasildi\/","title":{"rendered":"Dev mozai\u011fin yer ald\u0131\u011f\u0131 m\u00fcze otelde sona yakla\u015f\u0131ld\u0131"},"content":{"rendered":"<p>Hatay\u2019da 2010 y\u0131l\u0131nda bir otelin in\u015faat \u00e7al\u0131\u015fmalar\u0131 s\u0131ras\u0131nda ortaya \u00e7\u0131kan ve M.S. 6. y\u00fczy\u0131la ait oldu\u011fu tahmin edilen d\u00fcnyan\u0131n ilk tek par\u00e7a taban mozai\u011finin yer ald\u0131\u011f\u0131 m\u00fczede \u00e7al\u0131\u015fmalar sona yakla\u015ft\u0131.<\/p>\n<p>Antakya il\u00e7esinde The Museum Hotel Antakya\u2019n\u0131n temel \u00e7al\u0131\u015fmalar\u0131 s\u0131ras\u0131nda yap\u0131lan kaz\u0131 sonucu \u00e7\u0131kan ve el dokuma kilimi motifini and\u0131ran g\u00f6r\u00fcnt\u00fcs\u00fcyle dikkatleri \u00e7eken mozai\u011fin yer ald\u0131\u011f\u0131 m\u00fcze \u00f6n\u00fcm\u00fczdeki aylarda ziyarete a\u00e7\u0131lacak. M\u00fcze ve otel olarak iki alanda da hizmet verecek olan The Museum Hotel Antakya misafirlerini tarihi yolculu\u011fa \u00e7\u0131karacak. Yap\u0131m\u0131 tamamlanan ve ilerleyen g\u00fcnlerde a\u00e7\u0131lacak olan otelin alt b\u00f6l\u00fcm\u00fcnde olu\u015fturulan alanda sergilenen tek par\u00e7a mozai\u011finde yer ald\u0131\u011f\u0131 m\u00fczede 6. y\u00fczy\u0131la ait oldu\u011fu eserlerde yer al\u0131yor.<\/p>\n<p>&#8220;Kaz\u0131lar K\u00fclt\u00fcr ve Turizm Bakanl\u0131\u011f\u0131 denetiminde ger\u00e7ekle\u015fti&#8221;<\/p>\n<p>M\u00fcze otelin yap\u0131m a\u015famas\u0131nda 3. derece sit alan\u0131 oldu\u011fu i\u00e7in bir kaz\u0131 yap\u0131lmas\u0131 \u00f6ng\u00f6r\u00fcld\u00fc\u011f\u00fcn\u00fc ve yap\u0131lan kaz\u0131larla eserlerin g\u00fcn y\u00fcz\u00fcne \u00e7\u0131kt\u0131\u011f\u0131n\u0131 ifade eden The Museum Hotel Antakya Y\u00f6netim Kurulu \u00dcyesi Sabiha Asfuro\u011flu, \u201cBu eserler \u00e7\u0131kmaya ba\u015flad\u0131ktan sonra bize denetiminde bir arkeolojik kaz\u0131 yap\u0131lmas\u0131 karar verildi. Kaz\u0131 Hatay Mustafa Kemal \u00dcniversitesi, \u0130stanbul Teknik \u00dcniversitesi Y\u0131ld\u0131z Teknik \u00dcniversitesi ve farkl\u0131 \u00fcniversitelerden hocalar\u0131n e\u015fli\u011finde yap\u0131ld\u0131\u201d dedi.<\/p>\n<p>Kaz\u0131lar\u0131n K\u00fclt\u00fcr ve Turizm Bakanl\u0131\u011f\u0131 denetiminde ger\u00e7ekle\u015fti\u011fini vurgulayan Asfuro\u011flu, &#8220;Biz bir sene boyunca 120 i\u015f\u00e7i 35 arkeolog ile kaz\u0131 yapt\u0131k ve kazaya saat be\u015fte ba\u015flad\u0131 \u00e7\u00fcnk\u00fc hava \u00e7ok s\u0131cakt\u0131 b\u00fct\u00fcn i\u015f\u00e7ilerin \u00e7al\u0131\u015fma saatini ona g\u00f6re ayarlad\u0131k. Sabah \u00f6\u011fle ak\u015fam olmak \u00fczere kaz\u0131 boyunca \u00e7\u0131kan her eserin tek tek belgeledik. B\u00fct\u00fcn alan\u0131 di\u015f\u00e7i aletleri ile f\u0131r\u00e7alarla kazd\u0131k b\u00fct\u00fcn veriler ortaya \u00e7\u0131kt\u0131ktan sonra bir m\u00fcze otel projesi geli\u015ftirdik. M\u00fcze giri\u015fi ayr\u0131 otel giri\u015fi ayr\u0131, m\u00fcze otel projesi ortaya \u00e7\u0131kt\u0131. Bizim ilk amac\u0131m\u0131z 400 odal\u0131 5 y\u0131ld\u0131zl\u0131 bir otelde fakat b\u00fct\u00fcn alandaki arkeolojik verilerden dolay\u0131 oda say\u0131s\u0131 yar\u0131ya d\u00fc\u015ft\u00fc ve a\u015fa\u011f\u0131daki verileri hi\u00e7bir \u015fekilde dokunulmad\u0131 onlara geli\u015ftirilerek ve onlar\u0131 koruyarak bir yap\u0131 yap\u0131lmas\u0131 \u00f6ng\u00f6r\u00fcld\u00fc. B\u00fct\u00fcn  amac\u0131m\u0131z arkeolojik alan\u0131 korumakt\u0131 ve bunun \u00fczerine bir proje geli\u015ftirdik\u201d diye konu\u015ftu.<\/p>\n<p>\u00c7\u0131kan eserlerin sergilenmesi T\u00fcrkiye\u2019ye ve Hatay\u2019a turizm anlam\u0131nda \u00e7ok \u015fey kataca\u011f\u0131n\u0131 belirten Asfuro\u011flu, otelin \u00e7al\u0131\u015fmalar\u0131nda sona yakla\u015ft\u0131\u011f\u0131n\u0131 ve olu\u015fturulan alan\u0131n vatanda\u015flar taraf\u0131ndan otelden ba\u011f\u0131ms\u0131z bir \u015fekilde gezilebilece\u011fini ifade etti.<\/p>\n<p>&#8220;D\u00fcnyan\u0131n en b\u00fcy\u00fck tek par\u00e7a mozai\u011fi bu alanda sergileniyor&#8221;<\/p>\n<p>2011 y\u0131l\u0131ndan bu yana m\u00fcze otelin \u00e7al\u0131\u015fmalar\u0131nda g\u00f6rev alan Arkeolog Can Okkal\u0131 ise &#8220;Alan\u0131m\u0131z Milattan \u00d6nce 3. y\u00fczy\u0131ldan g\u00fcn\u00fcm\u00fcze kadar ge\u00e7en s\u00fcre\u00e7te 5 farkl\u0131 yap\u0131 katman\u0131nda 13 farkl\u0131 medeniyetin izlerini g\u00f6rd\u00fc\u011f\u00fcm\u00fcz bir arkeopark. Milattan \u00f6nce 3. y\u00fczy\u0131lda kentin ilk kuruldu\u011fu d\u00f6nemde ilk kurulan mahallelerden biri alan\u0131m\u0131z\u0131n i\u00e7erisinde bulunuyor ve bu kaz\u0131larla ortaya \u00e7\u0131kar\u0131lm\u0131\u015f durumdad\u0131r. Yine d\u00fcnyan\u0131n en b\u00fcy\u00fck tek par\u00e7a zemin mozai\u011fi, yakla\u015f\u0131k bin 50 metrekarelik b\u00fcy\u00fckl\u00fc\u011f\u00fcyle alan\u0131m\u0131zda sergilenmekte, bu bir kamusal meydan\u0131n \u00e7evresini ku\u015fatan mozaik ku\u015fatmalar\u0131ndan bir tanesi sadece. Geometrik bir mozai\u011fimiz var, 9 farkl\u0131 panelden olu\u015fan bir geometrik mozaik. Yine iki koldan mermerli bir meydan\u0131 \u00e7eviren bin 500 metrekarelik mozaiklerden biridir, buras\u0131 bir kamusal meydan. Yine alan\u0131m\u0131zda geyikli mozaik ad\u0131n\u0131 verdi\u011fimiz milattan sonra 2. y\u00fczy\u0131la ait bir mozai\u011fimiz var, pegasus mozai\u011fi de diyoruz. Bu mozaik d\u00f6rt farkl\u0131 panelden olu\u015fuyor ve bu panellerde pegasus ve onu bir t\u00f6ren i\u00e7in haz\u0131rlayan n\u00fcfeler ve n\u00fcfelerin bulundu\u011fu bir panel var. Yine kutsal bir mitolojik bir fig\u00fcr\u00fcm\u00fcz bulunmaktad\u0131r\u201d dedi.<\/p>\n","protected":false},"excerpt":{"rendered":"<p>2010 YILINDA HATAY&#8217;DA B\u0130R OTEL\u0130N \u0130N\u015eAAT \u00c7ALI\u015eMALARI SIRASINDA ORTAYA \u00c7IKAN VE M\u0130LATTAN SONRA 6. Y\u00dcZYILA A\u0130T OLDU\u011eU TAHM\u0130N ED\u0130LEN D\u00dcNYANIN \u0130LK TEK PAR\u00c7A TABAN MOZA\u0130\u011e\u0130N\u0130N YER ALDI\u011eI M\u00dcZEDE \u00c7ALI\u015eMALAR SONA YAKLA\u015eTI.<\/p>\n","protected":false},"author":1,"featured_media":184978,"comment_status":"closed","ping_status":"open","sticky":false,"template":"","format":"standard","meta":{"jetpack_post_was_ever_published":false,"_jetpack_newsletter_access":"","_jetpack_dont_email_post_to_subs":false,"_jetpack_newsletter_tier_id":0,"_jetpack_memberships_contains_paywalled_content":false,"_jetpack_memberships_contains_paid_content":false,"footnotes":"","jetpack_publicize_message":"","jetpack_publicize_feature_enabled":true,"jetpack_social_post_already_shared":true,"jetpack_social_options":{"image_generator_settings":{"template":"highway","default_image_id":0,"font":"","enabled":false},"version":2}},"categories":[656],"tags":[2833,3017,45844,10594,2535,792,10516,4243],"class_list":["post-184977","post","type-post","status-publish","format-standard","has-post-thumbnail","hentry","category-kultur-sanat","tag-aldigi","tag-dev","tag-mozaigin","tag-muze","tag-otelde","tag-sona","tag-yaklasildi","tag-yer"],"jetpack_publicize_connections":[],"jetpack_featured_media_url":"https:\/\/i0.wp.com\/www.tvturk.com\/wp-content\/uploads\/2019\/07\/dev-mozaigin-yer-aldigi-muze-otelde-sona-yaklasildi_006f03d.jpg?fit=1000%2C666","jetpack_sharing_enabled":true,"jetpack_shortlink":"https:\/\/wp.me\/paKIfm-M7v","_links":{"self":[{"href":"http:\/\/www.tvturk.com\/index.php\/wp-json\/wp\/v2\/posts\/184977","targetHints":{"allow":["GET"]}}],"collection":[{"href":"http:\/\/www.tvturk.com\/index.php\/wp-json\/wp\/v2\/posts"}],"about":[{"href":"http:\/\/www.tvturk.com\/index.php\/wp-json\/wp\/v2\/types\/post"}],"author":[{"embeddable":true,"href":"http:\/\/www.tvturk.com\/index.php\/wp-json\/wp\/v2\/users\/1"}],"replies":[{"embeddable":true,"href":"http:\/\/www.tvturk.com\/index.php\/wp-json\/wp\/v2\/comments?post=184977"}],"version-history":[{"count":0,"href":"http:\/\/www.tvturk.com\/index.php\/wp-json\/wp\/v2\/posts\/184977\/revisions"}],"wp:featuredmedia":[{"embeddable":true,"href":"http:\/\/www.tvturk.com\/index.php\/wp-json\/wp\/v2\/media\/184978"}],"wp:attachment":[{"href":"http:\/\/www.tvturk.com\/index.php\/wp-json\/wp\/v2\/media?parent=184977"}],"wp:term":[{"taxonomy":"category","embeddable":true,"href":"http:\/\/www.tvturk.com\/index.php\/wp-json\/wp\/v2\/categories?post=184977"},{"taxonomy":"post_tag","embeddable":true,"href":"http:\/\/www.tvturk.com\/index.php\/wp-json\/wp\/v2\/tags?post=184977"}],"curies":[{"name":"wp","href":"https:\/\/api.w.org\/{rel}","templated":true}]}}