{"id":184983,"date":"2019-07-22T12:31:50","date_gmt":"2019-07-22T09:31:50","guid":{"rendered":"http:\/\/www.tvturk.com\/index.php\/modifiye-arac-tutkunlari-erzincanda-bulustu\/"},"modified":"2019-07-22T12:31:50","modified_gmt":"2019-07-22T09:31:50","slug":"modifiye-arac-tutkunlari-erzincanda-bulustu","status":"publish","type":"post","link":"http:\/\/www.tvturk.com\/index.php\/modifiye-arac-tutkunlari-erzincanda-bulustu\/","title":{"rendered":"Modifiye ara\u00e7 tutkunlar\u0131 Erzincan\u2019da bulu\u015ftu"},"content":{"rendered":"<p>Erzincan\u2019da d\u00fczenlenen modifiye ara\u00e7 bulu\u015fma etkinli\u011finde \u00e7e\u015fitli illerden getirilen 250 modifiye ara\u00e7 trafi\u011fe kapal\u0131 alanda merakl\u0131lar\u0131na g\u00f6rsel \u015fov sundu.<\/p>\n<p>Ek\u015fisu mevkiinde trafi\u011fe kapal\u0131 alanda al\u0131nan izinle d\u00fczenlenen organizasyonda, modifiye ara\u00e7 tutkunlar\u0131ndan olu\u015fan yakla\u015f\u0131k bin ki\u015filik grup 250 arac\u0131n g\u00f6sterisini izledi.<\/p>\n<p>Drift at\u0131lan ve baz\u0131 yar\u0131\u015fmalar yap\u0131lan etkinlikte s\u00fcr\u00fcc\u00fcler, \u201cModifiye bizim i\u00e7in bir ya\u015fam tarz\u0131d\u0131r. Bizler trafi\u011fi kesinlikle aksatmadan devlet b\u00fcy\u00fcklerimizin bizlere tahsis ettikleri yerlerde t\u00fcm ekip arkada\u015flar\u0131m\u0131zla birlikte bu etkinli\u011fimizi burada payla\u015f\u0131yoruz\u201d dedi.<\/p>\n","protected":false},"excerpt":{"rendered":"<p>MOD\u0130F\u0130YE ARA\u00c7 TUTKUNLARI ERZ\u0130NCAN\u2019DA BULU\u015eTU<\/p>\n","protected":false},"author":1,"featured_media":184984,"comment_status":"closed","ping_status":"open","sticky":false,"template":"","format":"standard","meta":{"jetpack_post_was_ever_published":false,"_jetpack_newsletter_access":"","_jetpack_dont_email_post_to_subs":false,"_jetpack_newsletter_tier_id":0,"_jetpack_memberships_contains_paywalled_content":false,"_jetpack_memberships_contains_paid_content":false,"footnotes":"","jetpack_publicize_message":"","jetpack_publicize_feature_enabled":true,"jetpack_social_post_already_shared":true,"jetpack_social_options":{"image_generator_settings":{"template":"highway","default_image_id":0,"font":"","enabled":false},"version":2}},"categories":[1],"tags":[1221,389,3732,18517,8984],"class_list":["post-184983","post","type-post","status-publish","format-standard","has-post-thumbnail","hentry","category-genel","tag-arac","tag-bulustu","tag-erzincanda","tag-modifiye","tag-tutkunlari"],"jetpack_publicize_connections":[],"jetpack_featured_media_url":"https:\/\/i0.wp.com\/www.tvturk.com\/wp-content\/uploads\/2019\/07\/modifiye-arac-tutkunlari-erzincanda-bulustu_135b436.jpg?fit=1000%2C559","jetpack_sharing_enabled":true,"jetpack_shortlink":"https:\/\/wp.me\/paKIfm-M7B","_links":{"self":[{"href":"http:\/\/www.tvturk.com\/index.php\/wp-json\/wp\/v2\/posts\/184983","targetHints":{"allow":["GET"]}}],"collection":[{"href":"http:\/\/www.tvturk.com\/index.php\/wp-json\/wp\/v2\/posts"}],"about":[{"href":"http:\/\/www.tvturk.com\/index.php\/wp-json\/wp\/v2\/types\/post"}],"author":[{"embeddable":true,"href":"http:\/\/www.tvturk.com\/index.php\/wp-json\/wp\/v2\/users\/1"}],"replies":[{"embeddable":true,"href":"http:\/\/www.tvturk.com\/index.php\/wp-json\/wp\/v2\/comments?post=184983"}],"version-history":[{"count":0,"href":"http:\/\/www.tvturk.com\/index.php\/wp-json\/wp\/v2\/posts\/184983\/revisions"}],"wp:featuredmedia":[{"embeddable":true,"href":"http:\/\/www.tvturk.com\/index.php\/wp-json\/wp\/v2\/media\/184984"}],"wp:attachment":[{"href":"http:\/\/www.tvturk.com\/index.php\/wp-json\/wp\/v2\/media?parent=184983"}],"wp:term":[{"taxonomy":"category","embeddable":true,"href":"http:\/\/www.tvturk.com\/index.php\/wp-json\/wp\/v2\/categories?post=184983"},{"taxonomy":"post_tag","embeddable":true,"href":"http:\/\/www.tvturk.com\/index.php\/wp-json\/wp\/v2\/tags?post=184983"}],"curies":[{"name":"wp","href":"https:\/\/api.w.org\/{rel}","templated":true}]}}