{"id":184985,"date":"2019-07-22T12:31:55","date_gmt":"2019-07-22T09:31:55","guid":{"rendered":"http:\/\/www.tvturk.com\/index.php\/sel-nedeniyle-akcakocada-denize-girmek-yasaklandi\/"},"modified":"2019-07-22T12:31:55","modified_gmt":"2019-07-22T09:31:55","slug":"sel-nedeniyle-akcakocada-denize-girmek-yasaklandi","status":"publish","type":"post","link":"http:\/\/www.tvturk.com\/index.php\/sel-nedeniyle-akcakocada-denize-girmek-yasaklandi\/","title":{"rendered":"Sel nedeniyle Ak\u00e7akoca\u2019da denize girmek yasakland\u0131"},"content":{"rendered":"<p>D\u00dcZCE(\u0130HA) \u2013 D\u00fczce\u2019de ge\u00e7ti\u011fimiz g\u00fcnlerde Ak\u00e7akoca ve Cumayeri il\u00e7elerinde meydana gelen sel felaketi nedeniyle Ak\u00e7akoca\u2019da ikinci bir duyuruya kadar denize girmek yasakland\u0131.<\/p>\n<p>Sel felaketi Ak\u00e7akoca\u2019da turizmi de vurdu. Ge\u00e7ti\u011fimiz g\u00fcnlerde ya\u015fanan sel felaketi de denize akan derelerden dolay\u0131 sahil kesimi adeti \u00e7amur haline geldi. Sahiller selin getirdi\u011fi odunlarla doldu. Esnaflar sahilleri temizlemeye ba\u015flad\u0131. B\u00fcy\u00fck tomruklar tek tek sahil kesiminden kald\u0131r\u0131l\u0131yor.<\/p>\n<p>Denize girmek yasak<\/p>\n<p>Ak\u00e7akoca Belediye Ba\u015fkanl\u0131\u011f\u0131 taraf\u0131ndan sahillere as\u0131lan tabelalar da \u201c18 Temmuz 2019 tarihinde ya\u015fanan sel felaketi nedeniyle ikinci bir duruya kadar denize girmek kesinlikle yasakt\u0131r\u201d tabelas\u0131 as\u0131ld\u0131.<\/p>\n<p>Esnaf Kurban Bayram\u0131ndan umutlu<\/p>\n<p>Sahilde sezonluk i\u015fletmecilik yapan Saffet Yi\u011fit ticaretin durdu\u011funu belirterek, \u201cDenize girmek \u015fu an 5-6 g\u00fcnl\u00fck yasak. Numuneler al\u0131n\u0131yor sudan. Kurban Bayram\u0131na kadar b\u00fct\u00fcn plajlar\u0131m\u0131z haz\u0131rlanacak. Belediyemiz faal bir \u015fekilde \u00e7al\u0131\u015f\u0131yor. Arkada\u015flar elinden geleni yap\u0131yor. Bizde sahilimizi temizlemeye \u00e7al\u0131\u015f\u0131yoruz. Plajlar\u0131m\u0131z aktif duruma gelecek. B\u00fct\u00fcn esnaflar tabi ki etkilendi. Ticaret durmu\u015f durumda. \u0130nsanlar baya peri\u015fan durumda. Esnaflar\u0131n durumu da k\u00f6t\u00fc. Ak\u00e7akoca\u2019da \u015fu anda faaliyet 5-6 g\u00fcn sonra ba\u015flayacak. \u0130nsanlar normal hayatlar\u0131na geri d\u00f6necek. Biz de plajlar\u0131m\u0131z\u0131 haz\u0131rlay\u0131p Kurban Bayram\u0131na haz\u0131rlayaca\u011f\u0131z. Zarar\u0131m\u0131z \u00e7ok b\u00fcy\u00fck. Zarar b\u00f6yle maddi olarak s\u00f6ylenebilecek bir rakam de\u011fil. Ticarette durmu\u015f durumda. \u0130nsanlar \u015fu an Ak\u00e7akoca\u2019y\u0131 \u00e7ok k\u00f6t\u00fc bir durumda biliyor ama toparlanaca\u011f\u0131z. 5-10 g\u00fcn i\u00e7inde her \u015feyi toparlay\u0131p insanlar\u0131n gelmesini rahat etmesini sa\u011flayaca\u011f\u0131z. \u015eu anda temizlik \u00e7al\u0131\u015fmalar\u0131 devam ediyor. Bunu bir iki g\u00fcn i\u00e7inde bitirip kumsallar\u0131m\u0131z\u0131 haz\u0131rlayaca\u011f\u0131z. \u0130nsanlar\u0131 yine eskisi gibi a\u011f\u0131rlamaya \u00e7al\u0131\u015faca\u011f\u0131z. G\u00fczel bir tatili yapt\u0131raca\u011f\u0131z\u201d dedi.<\/p>\n","protected":false},"excerpt":{"rendered":"<p>D\u00dcZCE\u2019DE GE\u00c7T\u0130\u011e\u0130M\u0130Z G\u00dcNLERDE AK\u00c7AKOCA VE CUMAYER\u0130 \u0130L\u00c7ELER\u0130NDE MEYDANA GELEN SEL FELAKET\u0130 NEDEN\u0130YLE AK\u00c7AKOCA\u2019DA \u0130K\u0130NC\u0130 B\u0130R DUYURUYA KADAR DEN\u0130ZE G\u0130RMEK YASAKLANDI.<\/p>\n","protected":false},"author":1,"featured_media":184986,"comment_status":"closed","ping_status":"open","sticky":false,"template":"","format":"standard","meta":{"jetpack_post_was_ever_published":false,"_jetpack_newsletter_access":"","_jetpack_dont_email_post_to_subs":false,"_jetpack_newsletter_tier_id":0,"_jetpack_memberships_contains_paywalled_content":false,"_jetpack_memberships_contains_paid_content":false,"footnotes":"","jetpack_publicize_message":"","jetpack_publicize_feature_enabled":true,"jetpack_social_post_already_shared":true,"jetpack_social_options":{"image_generator_settings":{"template":"highway","default_image_id":0,"font":"","enabled":false},"version":2}},"categories":[1],"tags":[695,45424,969,12602,413,11775],"class_list":["post-184985","post","type-post","status-publish","format-standard","has-post-thumbnail","hentry","category-genel","tag-sel","tag-akcakocada","tag-denize","tag-girmek","tag-nedeniyle","tag-yasaklandi"],"jetpack_publicize_connections":[],"jetpack_featured_media_url":"https:\/\/i0.wp.com\/www.tvturk.com\/wp-content\/uploads\/2019\/07\/sel-nedeniyle-akcakocada-denize-girmek-yasaklandi_61eed4b.jpg?fit=1000%2C666","jetpack_sharing_enabled":true,"jetpack_shortlink":"https:\/\/wp.me\/paKIfm-M7D","_links":{"self":[{"href":"http:\/\/www.tvturk.com\/index.php\/wp-json\/wp\/v2\/posts\/184985","targetHints":{"allow":["GET"]}}],"collection":[{"href":"http:\/\/www.tvturk.com\/index.php\/wp-json\/wp\/v2\/posts"}],"about":[{"href":"http:\/\/www.tvturk.com\/index.php\/wp-json\/wp\/v2\/types\/post"}],"author":[{"embeddable":true,"href":"http:\/\/www.tvturk.com\/index.php\/wp-json\/wp\/v2\/users\/1"}],"replies":[{"embeddable":true,"href":"http:\/\/www.tvturk.com\/index.php\/wp-json\/wp\/v2\/comments?post=184985"}],"version-history":[{"count":0,"href":"http:\/\/www.tvturk.com\/index.php\/wp-json\/wp\/v2\/posts\/184985\/revisions"}],"wp:featuredmedia":[{"embeddable":true,"href":"http:\/\/www.tvturk.com\/index.php\/wp-json\/wp\/v2\/media\/184986"}],"wp:attachment":[{"href":"http:\/\/www.tvturk.com\/index.php\/wp-json\/wp\/v2\/media?parent=184985"}],"wp:term":[{"taxonomy":"category","embeddable":true,"href":"http:\/\/www.tvturk.com\/index.php\/wp-json\/wp\/v2\/categories?post=184985"},{"taxonomy":"post_tag","embeddable":true,"href":"http:\/\/www.tvturk.com\/index.php\/wp-json\/wp\/v2\/tags?post=184985"}],"curies":[{"name":"wp","href":"https:\/\/api.w.org\/{rel}","templated":true}]}}