{"id":185013,"date":"2019-07-22T13:16:57","date_gmt":"2019-07-22T10:16:57","guid":{"rendered":"http:\/\/www.tvturk.com\/index.php\/gazeteci-bagci-mezari-basinda-anildi\/"},"modified":"2019-07-22T13:16:57","modified_gmt":"2019-07-22T10:16:57","slug":"gazeteci-bagci-mezari-basinda-anildi","status":"publish","type":"post","link":"http:\/\/www.tvturk.com\/index.php\/gazeteci-bagci-mezari-basinda-anildi\/","title":{"rendered":"Gazeteci Ba\u011fc\u0131 mezar\u0131 ba\u015f\u0131nda an\u0131ld\u0131"},"content":{"rendered":"<p>Gaziantep\u2019te 1997 y\u0131l\u0131nda g\u00f6revi ba\u015f\u0131nda ge\u00e7irdi\u011fi kaza sonucu ya\u015fam\u0131n\u0131 yitiren gazeteci Kemal Ba\u011fc\u0131, \u00f6l\u00fcm\u00fcn\u00fcn 22\u2019nci y\u0131l d\u00f6n\u00fcm\u00fcnde mezar\u0131 ba\u015f\u0131nda an\u0131ld\u0131.<\/p>\n<p>Gaziantep Gazeteciler Cemiyeti (GGC) taraf\u0131ndan, 1997 y\u0131l\u0131nda g\u00f6revi ba\u015f\u0131nda ge\u00e7irdi\u011fi kaza sonucu ya\u015fam\u0131n\u0131 yitiren gazeteci Kemal Ba\u011fc\u0131 i\u00e7in anma t\u00f6reni d\u00fczenlendi. Mezar\u0131 ba\u015f\u0131nda dualarla an\u0131lan Ba\u011fc\u0131\u2019n\u0131n mezar\u0131na meslekta\u015flar\u0131 ve ailesi karanfiller b\u0131rakt\u0131.<\/p>\n<p>Anma t\u00f6reninde konu\u015fan AK Parti Milletvekili Nejat Ko\u00e7er, \u201cKemal Ba\u011fc\u0131, \u00e7ok sevdi\u011fimiz \u00e7ok de\u011fer verdi\u011fimiz bir arkada\u015f\u0131m\u0131zd\u0131. Her \u015feyin ba\u015f\u0131 iyilik, iyi bir insan olmakt\u0131. Kemal Ba\u011fc\u0131 da b\u00f6yle bin insand\u0131. Biz Ba\u011fc\u0131\u2019y\u0131 iyi bilirdik. Rabbim de kendisini en g\u00fczel yerde en g\u00fczel mertebede in\u015fallah yerini verecektir. ben t\u00fcm bas\u0131n camias\u0131na ba\u015fsa\u011fl\u0131\u011f\u0131 kendisini Allah\u2019tan rahmet diliyorum\u201d dedi.<\/p>\n<p>MHP Milletvekili Muhittin Ta\u015fdo\u011fan da \u201c\u00d6l\u00fcm\u00fcn\u00fcn ard\u0131ndan 22 y\u0131l ge\u00e7mi\u015f. 22 y\u0131l \u00f6nce bug\u00fcn rahmeti rahmana kavu\u015fmu\u015f, unutulmam\u0131\u015f. Ailesine sab\u0131rlar diliyorum. Ne mutlu ailesine ki meslekta\u015flar\u0131 taraf\u0131ndan unutulmam\u0131\u015f m\u00fcmtaz bir \u015fahsiyetin huzurunday\u0131z. \u015eehit sadece cephede g\u00f6\u011f\u00fcs g\u00f6\u011fse d\u00fc\u015fmanla \u00e7arp\u0131\u015f\u0131rken olunmaz. Evine helal r\u0131zk g\u00f6t\u00fcrmek i\u00e7in i\u015fini en iyi yapabilmek i\u00e7in ba\u015f\u0131na gelen kazayla rahmete kavu\u015fursan yine \u015fehit say\u0131l\u0131rs\u0131n. Kemal karde\u015fimiz i\u015fini iyi yapmak i\u00e7in, evine ekmek g\u00f6t\u00fcrmek i\u00e7in otob\u00fcs\u00fcn \u00fczerinde g\u00f6revini en iyi \u015fekilde yapmaya \u00e7al\u0131\u015f\u0131rken \u015fehit olmu\u015ftur. Gaziantep\u2019in bas\u0131n \u015fehitleri aras\u0131nda yerini alm\u0131\u015ft\u0131r. Cenab-\u0131 Allah m\u00fcjde veriyor. \u2018Onlara \u00f6l\u00fc demeyiniz, onlar dirilerdir.\u2019 Evet 22 y\u0131ld\u0131r hat\u0131ras\u0131 ya\u015f\u0131yorsa, diri demektir&#8221; \u015feklinde konu\u015ftu.<\/p>\n<p>Ba\u011fc\u0131\u2019n\u0131n iyi bir gazeteci oldu\u011funu s\u00f6yleyen GGC Ba\u015fkan\u0131 \u0130brahim Ay ise arkas\u0131nda g\u00fczel hat\u0131ralar b\u0131rakt\u0131\u011f\u0131n\u0131 ve Ba\u011fc\u0131\u2019y\u0131 unutmad\u0131klar\u0131n\u0131 kaydetti.<\/p>\n<p>Anma program\u0131na AK Parti Gaziantep Milletvekili Nejat Ko\u00e7er, MHP Gaziantep Milletvekili Muhittin Ta\u015fdo\u011fan, merhum Ba\u011fc\u0131\u2019n\u0131n ailesi, sevenleri ve meslekta\u015f\u0131 kat\u0131ld\u0131.<\/p>\n<p>Kazada yaralan\u0131p, hastanede \u015fehit olmu\u015ftu<\/p>\n<p>Kemal Ba\u011fc\u0131, 19 Temmuz 1997 tarihinde d\u00f6nemin Devlet Bakan\u0131 Mehmet Batall\u0131 ile Tar\u0131m ve K\u00f6y \u0130\u015fleri Bakan\u0131 Mustafa Ta\u015far\u2019\u0131n se\u00e7im program\u0131n\u0131 takip etmek i\u00e7in bindi\u011fi se\u00e7im otob\u00fcs\u00fc \u00fczerinde ba\u015f\u0131n\u0131 tabelaya \u00e7arparak yaralanm\u0131\u015ft\u0131. Hastaneye kald\u0131r\u0131lan Ba\u011fc\u0131, 22 Temmuz\u2019da yap\u0131lan m\u00fcdahalelere ra\u011fmen hayat\u0131n\u0131 kaybetmi\u015fti.<\/p>\n","protected":false},"excerpt":{"rendered":"<p>GAZ\u0130ANTEP\u2019TE 1997 YILINDA G\u00d6REV\u0130 BA\u015eINDA GE\u00c7\u0130RD\u0130\u011e\u0130 KAZA SONUCU YA\u015eAMINI Y\u0130T\u0130REN GAZETEC\u0130 KEMAL BA\u011eCI, \u00d6L\u00dcM\u00dcN\u00dcN 22\u2019\u0130NC\u0130 YILD\u00d6N\u00dcM\u00dcNDE MEZARI BA\u015eINDA ANILDI.<\/p>\n","protected":false},"author":1,"featured_media":185014,"comment_status":"closed","ping_status":"open","sticky":false,"template":"","format":"standard","meta":{"jetpack_post_was_ever_published":false,"_jetpack_newsletter_access":"","_jetpack_dont_email_post_to_subs":false,"_jetpack_newsletter_tier_id":0,"_jetpack_memberships_contains_paywalled_content":false,"_jetpack_memberships_contains_paid_content":false,"footnotes":"","jetpack_publicize_message":"","jetpack_publicize_feature_enabled":true,"jetpack_social_post_already_shared":true,"jetpack_social_options":{"image_generator_settings":{"template":"highway","default_image_id":0,"font":"","enabled":false},"version":2}},"categories":[1],"tags":[241,36740,240,6341,239],"class_list":["post-185013","post","type-post","status-publish","format-standard","has-post-thumbnail","hentry","category-genel","tag-anildi","tag-bagci","tag-basinda","tag-gazeteci","tag-mezari"],"jetpack_publicize_connections":[],"jetpack_featured_media_url":"https:\/\/i0.wp.com\/www.tvturk.com\/wp-content\/uploads\/2019\/07\/gazeteci-bagci-mezari-basinda-anildi_8cce2e2.jpg?fit=1000%2C666","jetpack_sharing_enabled":true,"jetpack_shortlink":"https:\/\/wp.me\/paKIfm-M85","_links":{"self":[{"href":"http:\/\/www.tvturk.com\/index.php\/wp-json\/wp\/v2\/posts\/185013","targetHints":{"allow":["GET"]}}],"collection":[{"href":"http:\/\/www.tvturk.com\/index.php\/wp-json\/wp\/v2\/posts"}],"about":[{"href":"http:\/\/www.tvturk.com\/index.php\/wp-json\/wp\/v2\/types\/post"}],"author":[{"embeddable":true,"href":"http:\/\/www.tvturk.com\/index.php\/wp-json\/wp\/v2\/users\/1"}],"replies":[{"embeddable":true,"href":"http:\/\/www.tvturk.com\/index.php\/wp-json\/wp\/v2\/comments?post=185013"}],"version-history":[{"count":0,"href":"http:\/\/www.tvturk.com\/index.php\/wp-json\/wp\/v2\/posts\/185013\/revisions"}],"wp:featuredmedia":[{"embeddable":true,"href":"http:\/\/www.tvturk.com\/index.php\/wp-json\/wp\/v2\/media\/185014"}],"wp:attachment":[{"href":"http:\/\/www.tvturk.com\/index.php\/wp-json\/wp\/v2\/media?parent=185013"}],"wp:term":[{"taxonomy":"category","embeddable":true,"href":"http:\/\/www.tvturk.com\/index.php\/wp-json\/wp\/v2\/categories?post=185013"},{"taxonomy":"post_tag","embeddable":true,"href":"http:\/\/www.tvturk.com\/index.php\/wp-json\/wp\/v2\/tags?post=185013"}],"curies":[{"name":"wp","href":"https:\/\/api.w.org\/{rel}","templated":true}]}}