{"id":185025,"date":"2019-07-22T13:31:52","date_gmt":"2019-07-22T10:31:52","guid":{"rendered":"http:\/\/www.tvturk.com\/index.php\/tabip-yaz-akademisi-basladi\/"},"modified":"2019-07-22T13:31:52","modified_gmt":"2019-07-22T10:31:52","slug":"tabip-yaz-akademisi-basladi","status":"publish","type":"post","link":"http:\/\/www.tvturk.com\/index.php\/tabip-yaz-akademisi-basladi\/","title":{"rendered":"TAB\u0130P yaz akademisi ba\u015flad\u0131"},"content":{"rendered":"<p>Yunus Emre Enstit\u00fcs\u00fc taraf\u0131ndan y\u00fcr\u00fct\u00fclen T\u00fcrkiye Akademik ve Bilimsel \u0130\u015f Birli\u011fi Projesi (TAB\u0130P) taraf\u0131ndan ilki d\u00fczenlenen, uzay ve havac\u0131l\u0131k alan\u0131nda Turkiye\u2019nin \u00f6nde gelen \u00fcniversite ve \u015firketlerinin katk\u0131lar\u0131yla 22 Temmuz-4 A\u011fustos tarihlerinde \u0130stanbul, Ankara ve Kayseri olmak \u00fczere 3 etaptan olu\u015fan e\u011fitimler \u0130stanbul Teknik \u00dcniversitesi U\u00e7ak ve Uzay Bilimleri Fak\u00fcltesinde ba\u015flad\u0131.<\/p>\n<p>Yunus Emre Enstit\u00fcs\u00fc taraf\u0131ndan yap\u0131lan a\u00e7\u0131klamada hayata ge\u00e7irilen TAB\u0130P ile hem T\u00fcrkiye\u2019nin akademik ve bilimsel potansiyelinin d\u00fcnyaya tan\u0131t\u0131lmas\u0131, hem de T\u00fcrkiye\u2019nin bilim ve teknoloji \u00fcretimine destek olunmas\u0131 ama\u00e7land\u0131\u011f\u0131 belirterek T\u00fcrkiye Akademik ve Bilimsel \u0130\u015f Birli\u011fi Projesi kapsam\u0131nda geli\u015ftirilen portal ve di\u011fer yaz\u0131l\u0131mlar ile yeni, etkin bir akademik ve bilimsel a\u011f kurulmas\u0131 hedeflenildi\u011fi bildirildi. Bu kapsamda, T\u00fcrkiye Akademik ve Bilimsel \u0130\u015f Birli\u011fi Projesi\u2019nin sadece \u00f6\u011frencilere veya akademisyenlere hitap etmekle s\u0131n\u0131rl\u0131 kalmay\u0131p, ayn\u0131 zamanda y\u00fcksek\u00f6\u011fretim kurumlar\u0131 ile i\u015f \u00e7evrelerine ula\u015f\u0131ld\u0131\u011f\u0131 belirtildi.<\/p>\n<p>Portal\u0131n, T\u00fcrkiye\u2019deki ve d\u00fcnyadaki t\u00fcm bilimsel geli\u015fmelerden, yeni teknolojilerden ve projelerden haber al\u0131nmas\u0131na; proje gruplar\u0131 olu\u015fturulmas\u0131na d\u00fcnyan\u0131n herhangi bir yerinde \u00e7al\u0131\u015fma yapan akademisyenlerle bilgi al\u0131\u015fveri\u015fine; milli kurulu\u015flar, bilim adamlar\u0131, akademisyenler ve \u00fcreticilerin portal \u00fczerinden d\u00fcnya \u00e7ap\u0131nda irtibat kurmalar\u0131na ve muhataplar\u0131yla i\u015f birli\u011fi yapmalar\u0131na imkan sa\u011flad\u0131\u011f\u0131 belirtildi.<\/p>\n","protected":false},"excerpt":{"rendered":"<p>T\u00dcRK\u0130YE AKADEM\u0130K VE B\u0130L\u0130MSEL \u0130\u015e B\u0130RL\u0130\u011e\u0130 PROJES\u0130 (TAB\u0130P) YAZ AKADEM\u0130S\u0130 BA\u015eLADI<\/p>\n","protected":false},"author":1,"featured_media":185026,"comment_status":"closed","ping_status":"open","sticky":false,"template":"","format":"standard","meta":{"jetpack_post_was_ever_published":false,"_jetpack_newsletter_access":"","_jetpack_dont_email_post_to_subs":false,"_jetpack_newsletter_tier_id":0,"_jetpack_memberships_contains_paywalled_content":false,"_jetpack_memberships_contains_paid_content":false,"footnotes":"","jetpack_publicize_message":"","jetpack_publicize_feature_enabled":true,"jetpack_social_post_already_shared":true,"jetpack_social_options":{"image_generator_settings":{"template":"highway","default_image_id":0,"font":"","enabled":false},"version":2}},"categories":[1],"tags":[26010,4779,55,183],"class_list":["post-185025","post","type-post","status-publish","format-standard","has-post-thumbnail","hentry","category-genel","tag-tabip","tag-akademisi","tag-basladi","tag-yaz"],"jetpack_publicize_connections":[],"jetpack_featured_media_url":"https:\/\/i0.wp.com\/www.tvturk.com\/wp-content\/uploads\/2019\/07\/tabip-yaz-akademisi-basladi_90b4568.jpg?fit=1000%2C666","jetpack_sharing_enabled":true,"jetpack_shortlink":"https:\/\/wp.me\/paKIfm-M8h","_links":{"self":[{"href":"http:\/\/www.tvturk.com\/index.php\/wp-json\/wp\/v2\/posts\/185025","targetHints":{"allow":["GET"]}}],"collection":[{"href":"http:\/\/www.tvturk.com\/index.php\/wp-json\/wp\/v2\/posts"}],"about":[{"href":"http:\/\/www.tvturk.com\/index.php\/wp-json\/wp\/v2\/types\/post"}],"author":[{"embeddable":true,"href":"http:\/\/www.tvturk.com\/index.php\/wp-json\/wp\/v2\/users\/1"}],"replies":[{"embeddable":true,"href":"http:\/\/www.tvturk.com\/index.php\/wp-json\/wp\/v2\/comments?post=185025"}],"version-history":[{"count":0,"href":"http:\/\/www.tvturk.com\/index.php\/wp-json\/wp\/v2\/posts\/185025\/revisions"}],"wp:featuredmedia":[{"embeddable":true,"href":"http:\/\/www.tvturk.com\/index.php\/wp-json\/wp\/v2\/media\/185026"}],"wp:attachment":[{"href":"http:\/\/www.tvturk.com\/index.php\/wp-json\/wp\/v2\/media?parent=185025"}],"wp:term":[{"taxonomy":"category","embeddable":true,"href":"http:\/\/www.tvturk.com\/index.php\/wp-json\/wp\/v2\/categories?post=185025"},{"taxonomy":"post_tag","embeddable":true,"href":"http:\/\/www.tvturk.com\/index.php\/wp-json\/wp\/v2\/tags?post=185025"}],"curies":[{"name":"wp","href":"https:\/\/api.w.org\/{rel}","templated":true}]}}