{"id":185029,"date":"2019-07-22T13:32:01","date_gmt":"2019-07-22T10:32:01","guid":{"rendered":"http:\/\/www.tvturk.com\/index.php\/sehit-kardesinin-faillerinin-bulunmasini-istiyor\/"},"modified":"2019-07-22T13:32:01","modified_gmt":"2019-07-22T10:32:01","slug":"sehit-kardesinin-faillerinin-bulunmasini-istiyor","status":"publish","type":"post","link":"http:\/\/www.tvturk.com\/index.php\/sehit-kardesinin-faillerinin-bulunmasini-istiyor\/","title":{"rendered":"\u015eehit karde\u015finin faillerinin bulunmas\u0131n\u0131 istiyor"},"content":{"rendered":"<p>Batman\u2019\u0131n Be\u015firi il\u00e7esinde ya\u015fayan \u015eeyhmus \u00d6zcan, yakla\u015f\u0131k 25 y\u0131l \u00f6nce faili me\u00e7hul cinayete kurban giden ve ge\u00e7ti\u011fimiz y\u0131l \u015fehitli\u011fi verilen karde\u015fi Nihat \u00d6zcan\u2019\u0131n katillerinin bulunmas\u0131n\u0131 istiyor.<\/p>\n<p>Yakla\u015f\u0131k 25 y\u0131l \u00f6nce Suriye\u2019de askerlik yapan Nihat \u00d6zcan, 25 Ekim 1994 y\u0131l\u0131nda faili me\u00e7hul bir \u015fekilde \u015fehit edildi. \u015eehit Nihat \u00d6zcan\u2019\u0131n \u00f6ld\u00fcr\u00fclmesine ili\u015fkin soru\u015fturma dosyas\u0131n\u0131n zaman a\u015f\u0131m\u0131na u\u011framas\u0131 \u00fczerine tekrar itiraz dilek\u00e7esi verdi\u011fini belirten \u015fehit Nihat \u00d6zcan\u2019\u0131n karde\u015fi \u015eeyhmus \u00d6zcan, 25 Ekim 1994 y\u0131l\u0131nda vatani g\u00f6revini ifade ederken Suriye s\u0131n\u0131r\u0131ndaki G\u00f6khan Karakol\u2019unda hi\u00e7 kimsenin g\u00f6rmedi\u011fi \u015fekilde Suriye\u2019ye ka\u00e7t\u0131\u011f\u0131, Suriye s\u0131n\u0131r\u0131 i\u00e7inde de faili me\u00e7hul bir \u015fekilde \u00f6ld\u00fcr\u00fcld\u00fc denilen askerin karde\u015fi oldu\u011funu s\u00f6yledi. \u00d6zcan, \u201c24 y\u0131l boyunca b\u00fcy\u00fck bir sab\u0131rla adaleti bekledik. Ge\u00e7en sene mahkeme karar\u0131 ile \u015fehitli\u011fi verildi. Allah devletimizden raz\u0131 olsun. Bir nebze de olsa ailemizin i\u00e7ine su serpildi. Yaln\u0131z g\u00f6n\u00fcl ister ki \u015fehidimizin \u00f6l\u00fcm\u00fcne haks\u0131z yere sebebiyet verenlerin yarg\u0131lanmalar\u0131 ve hak etti\u011fi cezay\u0131 almalar\u0131d\u0131r. Suriye ve T\u00fcrkiye m\u00fclakat tutanaklar\u0131na bak\u0131ld\u0131\u011f\u0131 zaman asl\u0131nda o gece Nihat\u2019\u0131n tek ba\u015f\u0131na s\u0131n\u0131r\u0131 ge\u00e7medi\u011fi onunla beraber birilerinin oldu\u011fu ve o birilerinin de belli oldu\u011fu d\u00f6nemin yetkilileri taraf\u0131ndan o ki\u015filerin gizlenildi\u011fi a\u00e7\u0131k \u015fekilde ortadad\u0131r. \u015eehidimizin soru\u015fturma dosyas\u0131 zaman a\u015f\u0131m\u0131 karar\u0131 diye kapat\u0131ld\u0131 ve bu zaman a\u015f\u0131m\u0131 karar\u0131n\u0131 veren savc\u0131 ve hakim 15 Temmuz hain darbe gecesi ile g\u00f6revlerinden ihra\u00e7 edildi\u011fi ve tutukland\u0131\u011f\u0131na dair verilere ula\u015ft\u0131\u011f\u0131m\u0131z ve 20 sene zaman a\u015f\u0131m\u0131na itiraz etti\u011fim halde 1 bu\u00e7uk y\u0131ld\u0131r itiraz\u0131m de\u011ferlendirilmedi. Ailece o itiraz\u0131n de\u011ferlendirilmesi ve FET\u00d6\u2019c\u00fc karar\u0131n\u0131n kald\u0131r\u0131lmas\u0131n\u0131 istiyoruz\u201d dedi.<\/p>\n<p>\u201cSadece benim de\u011fil t\u00fcm T\u00fcrkiye\u2019nin askeridir\u201d<\/p>\n<p>Yurt d\u0131\u015f\u0131nda i\u015flenen su\u00e7lara zaman a\u015f\u0131m\u0131na uygulanmamas\u0131 gerekirken kendi dosyalar\u0131n\u0131n bir seferde kapat\u0131ld\u0131\u011f\u0131n\u0131 ifade eden \u00d6zcan, \u015f\u00f6yle devam etti:<\/p>\n<p>\u201cAyr\u0131ca Nihat bir g\u00fcn sonra teskere alacakt\u0131 ki o g\u00fcn Nihat T\u00fcrk askeriydi. T\u00fcrk askerini \u00f6ld\u00fcrmekte cezas\u0131 a\u011f\u0131r m\u00fcebbettir.  O davalarda TCK\u2019ya g\u00f6re 30-35 y\u0131l ama bizim davam\u0131z i\u00e7in FET\u00d6\u2019c\u00fcler 20 sene demi\u015f ve yine bu karar adil de\u011fildir. Ayr\u0131ca Yarg\u0131tay kararlar\u0131 da vard\u0131r. FET\u00d6 imzas\u0131, hakim imzas\u0131 olan soru\u015fturmalar\u0131n tekrar a\u00e7\u0131lmas\u0131 ara\u015ft\u0131r\u0131lmas\u0131 konusunda bu \u00fc\u00e7 nedenden dolay\u0131 \u015fehidimin dosyas\u0131n\u0131n tekrar a\u00e7\u0131lmas\u0131n\u0131 talep etmekteyiz ve bir an \u00f6nce \u015fehidimizin \u00f6l\u00fcm\u00fcne haks\u0131z yere sebebiyet verenlerin yarg\u0131lanmalar\u0131n\u0131 ve hak etti\u011fi cezay\u0131 almalar\u0131n\u0131 istiyoruz. Bu T\u00fcrk askeri sadece benim de\u011fil t\u00fcm T\u00fcrkiye\u2019nin askeridir ve \u00fclkemizi can\u0131 pahas\u0131na korumak i\u00e7in o s\u0131n\u0131rda 15 aydan 19 aya askerlik uzat\u0131lmas\u0131na ra\u011fmen g\u00f6revini d\u00f6rt d\u00f6rtl\u00fck yapt\u0131\u011f\u0131na dair belgelerimiz ve kan\u0131tlar\u0131m\u0131z var. Teskere g\u00fcn\u00fcnde neymi\u015f efendim kimsenin g\u00f6rmedi\u011fi \u015fekilde firar etmesi, Suriye\u2019ye ka\u00e7mas\u0131, faili me\u00e7hul \u00f6ld\u00fcr\u00fclmesi gibi yalan ibarelerle bizi kand\u0131rmalar\u0131 derinden \u00fczmektedir. D\u00f6nemin yetkililerin de bir an \u00f6nce ifadelerinin al\u0131nmas\u0131 ve olay\u0131n ayd\u0131nlat\u0131lmas\u0131n\u0131 talep etmekteyiz. Buradan da t\u00fcm devlet b\u00fcy\u00fcklerimize sayg\u0131lar\u0131m\u0131z\u0131 sunuyoruz.\u201d<\/p>\n","protected":false},"excerpt":{"rendered":"<p>BATMAN&#8217;IN BE\u015e\u0130R\u0130 \u0130L\u00c7ES\u0130NDE YA\u015eAYAN \u015eEYHMUS \u00d6ZCAN, YAKLA\u015eIK 25 YIL \u00d6NCE FA\u0130L\u0130 ME\u00c7HUL C\u0130NAYETE KURBAN G\u0130DEN VE GE\u00c7T\u0130\u011e\u0130M\u0130Z YIL \u015eEH\u0130TL\u0130\u011e\u0130 VER\u0130LEN KARDE\u015e\u0130 N\u0130HAT \u00d6ZCAN&#8217;IN KAT\u0130LLER\u0130N\u0130N BULUNMASINI \u0130ST\u0130YOR.<\/p>\n","protected":false},"author":1,"featured_media":185030,"comment_status":"closed","ping_status":"open","sticky":false,"template":"","format":"standard","meta":{"jetpack_post_was_ever_published":false,"_jetpack_newsletter_access":"","_jetpack_dont_email_post_to_subs":false,"_jetpack_newsletter_tier_id":0,"_jetpack_memberships_contains_paywalled_content":false,"_jetpack_memberships_contains_paid_content":false,"footnotes":"","jetpack_publicize_message":"","jetpack_publicize_feature_enabled":true,"jetpack_social_post_already_shared":true,"jetpack_social_options":{"image_generator_settings":{"template":"highway","default_image_id":0,"font":"","enabled":false},"version":2}},"categories":[1],"tags":[25105,45857,99,26090,237],"class_list":["post-185029","post","type-post","status-publish","format-standard","has-post-thumbnail","hentry","category-genel","tag-bulunmasini","tag-faillerinin","tag-istiyor","tag-kardesinin","tag-sehit"],"jetpack_publicize_connections":[],"jetpack_featured_media_url":"https:\/\/i0.wp.com\/www.tvturk.com\/wp-content\/uploads\/2019\/07\/sehit-kardesinin-faillerinin-bulunmasini-istiyor_590cd58.jpg?fit=1000%2C664","jetpack_sharing_enabled":true,"jetpack_shortlink":"https:\/\/wp.me\/paKIfm-M8l","_links":{"self":[{"href":"http:\/\/www.tvturk.com\/index.php\/wp-json\/wp\/v2\/posts\/185029","targetHints":{"allow":["GET"]}}],"collection":[{"href":"http:\/\/www.tvturk.com\/index.php\/wp-json\/wp\/v2\/posts"}],"about":[{"href":"http:\/\/www.tvturk.com\/index.php\/wp-json\/wp\/v2\/types\/post"}],"author":[{"embeddable":true,"href":"http:\/\/www.tvturk.com\/index.php\/wp-json\/wp\/v2\/users\/1"}],"replies":[{"embeddable":true,"href":"http:\/\/www.tvturk.com\/index.php\/wp-json\/wp\/v2\/comments?post=185029"}],"version-history":[{"count":0,"href":"http:\/\/www.tvturk.com\/index.php\/wp-json\/wp\/v2\/posts\/185029\/revisions"}],"wp:featuredmedia":[{"embeddable":true,"href":"http:\/\/www.tvturk.com\/index.php\/wp-json\/wp\/v2\/media\/185030"}],"wp:attachment":[{"href":"http:\/\/www.tvturk.com\/index.php\/wp-json\/wp\/v2\/media?parent=185029"}],"wp:term":[{"taxonomy":"category","embeddable":true,"href":"http:\/\/www.tvturk.com\/index.php\/wp-json\/wp\/v2\/categories?post=185029"},{"taxonomy":"post_tag","embeddable":true,"href":"http:\/\/www.tvturk.com\/index.php\/wp-json\/wp\/v2\/tags?post=185029"}],"curies":[{"name":"wp","href":"https:\/\/api.w.org\/{rel}","templated":true}]}}