{"id":185031,"date":"2019-07-22T13:32:08","date_gmt":"2019-07-22T10:32:08","guid":{"rendered":"http:\/\/www.tvturk.com\/index.php\/yuksek-zirvelerin-cenneti-artabel-golleri-tabiat-parki\/"},"modified":"2019-07-22T13:32:08","modified_gmt":"2019-07-22T10:32:08","slug":"yuksek-zirvelerin-cenneti-artabel-golleri-tabiat-parki","status":"publish","type":"post","link":"http:\/\/www.tvturk.com\/index.php\/yuksek-zirvelerin-cenneti-artabel-golleri-tabiat-parki\/","title":{"rendered":"Y\u00fcksek zirvelerin cenneti: Artabel G\u00f6lleri Tabiat Park\u0131"},"content":{"rendered":"<p>G\u00fcm\u00fc\u015fhane\u2019nin \u00e7at\u0131s\u0131 olarak nitelendirilen 58 bin 590 dekarl\u0131k alan sahip Artabel G\u00f6lleri Tabiat Park\u0131, b\u00fcnyesinde bar\u0131nd\u0131rd\u0131\u011f\u0131 20\u2019nin \u00fczerindeki buzul g\u00f6l\u00fc, endemik bitki ve canl\u0131lar\u0131, yabani hayvan \u00e7e\u015fitlili\u011fi, zengin flora ve faunas\u0131 ve e\u015fsiz manzaras\u0131 ile T\u00fcrkiye\u2019nin d\u00f6rt bir taraf\u0131ndan insanlar\u0131n ilgisini \u00e7ekmeye devam ediyor.<\/p>\n<p>G\u00fcm\u00fc\u015fhane Da\u011fc\u0131l\u0131k ve Do\u011fa Sporlar\u0131 Kul\u00fcb\u00fc (G\u00dcDAK) \u00fcyesi sporcular her y\u0131l oldu\u011fu gibi bu y\u0131l da y\u00fcksek zirvelerin cenneti, \u0131\u015f\u0131kla suyun bulu\u015ftu\u011fu zirve olarak adland\u0131r\u0131lan ve 1998 y\u0131l\u0131nda tabiat park\u0131 ilan edilen Artabel G\u00f6lleri Tabiat Park\u0131\u2019na do\u011fa y\u00fcr\u00fcy\u00fc\u015f\u00fc d\u00fczenledi.<\/p>\n<p>Buz gibi suda y\u00fczd\u00fcler<\/p>\n<p>Kul\u00fcp \u00fcyesi sporcular, G\u00fcm\u00fc\u015fhane \u00dcniversitesi akademisyenleri ve \u00fclkenin de\u011fi\u015fik kentlerinden gelen sporculardan olu\u015fan 40 ki\u015filik kafileyle ger\u00e7ekle\u015ftirilen y\u00fcr\u00fcy\u00fc\u015f Torul il\u00e7esine ba\u011fl\u0131 G\u00fcla\u00e7ar k\u00f6y\u00fc yaylas\u0131ndan ba\u015flad\u0131.<\/p>\n<p>Ara\u00e7lar\u0131ndan indikleri anda binbir \u00e7e\u015fit \u00e7i\u00e7eklerin kokusunu derin derin ci\u011ferlerine dolduran sporcular bol bol \u00e7i\u00e7ek toplad\u0131klar\u0131 y\u00fcr\u00fcy\u00fc\u015fte ilk olarak 2 bin 890 metre rak\u0131mdaki Adal\u0131 g\u00f6le ula\u015ft\u0131. Burada bir s\u00fcre dinlenerek yemek yiyen sporculardan baz\u0131lar\u0131 s\u0131cak havan\u0131n etkisiyle buz gibi suya girerek y\u00fczd\u00fc.<\/p>\n<p>Daha sonra ikiye ayr\u0131lan gruptan bir k\u0131sm\u0131 2 bin 980 metre rak\u0131mdaki Ahtabur g\u00f6l\u00fcne, bir k\u0131sm\u0131 da 2 bin 720 metre rak\u0131mdaki B\u00fcy\u00fck g\u00f6le ula\u015ft\u0131. 11 kilometrelik parkuru 7 saatte tamamlayan sporcular, kucaklar\u0131nda yayla \u00e7i\u00e7ekleriyle y\u00fcr\u00fcy\u00fc\u015f\u00fcn ba\u015flad\u0131\u011f\u0131 noktada ara\u00e7lara binerek etkinli\u011fi tamamlad\u0131.<\/p>\n<p>Etkinlikte 5\u2019i b\u00fcy\u00fck olmak \u00fczere irili ufakl\u0131 10 g\u00f6l g\u00f6rme f\u0131rsat\u0131 yakalayan sporcular e\u015fsiz manzaran\u0131n tad\u0131n\u0131 \u00e7\u0131kar\u0131rken, Temmuz ay\u0131n\u0131n son g\u00fcnlerinde olunmas\u0131na ra\u011fmen g\u00f6l kenarlar\u0131nda bulunan dev kar k\u00fctlelerinin \u00fczerinde gezme imkan\u0131 buldu, ini\u015f ve \u00e7\u0131k\u0131\u015flar\u0131yla orta seviyede zorlu olan parkuru ba\u015far\u0131yla tamamlaman\u0131n gururunu ya\u015fad\u0131.<\/p>\n<p>Ayd\u0131n\u2019dan G\u00fcm\u00fc\u015fhane\u2019nin Artebel G\u00f6lleri\u2019ni gezmeye geldi<\/p>\n<p>G\u00fcm\u00fc\u015fhane\u2019nin 3 bin 331 metre rak\u0131mla en y\u00fcksek zirvesi olan Abdalmusa zirvesine ev sahipli\u011fi yapan Artabel G\u00f6lleri Tabiat park\u0131ndaki etkinlik i\u00e7in daha \u00f6nce G\u00fcm\u00fc\u015fhane\u2019de okuyan k\u0131z\u0131yla birlikte Ayd\u0131n\u2019dan gelen Memnune \u015eehitlio\u011flu, \u201cBir tabiat harikas\u0131 olan Artabel g\u00f6llerindeyiz. Ailemiz gibi olan G\u00dcDAK ekibiyle y\u00fcr\u00fcy\u00fc\u015f i\u00e7in buraya geldik. M\u00fcthi\u015f do\u011fal g\u00fczellikler aras\u0131nda g\u00fczel bir etkinlik ger\u00e7ekle\u015ftirdik\u201d dedi.<\/p>\n<p>Mersin\u2019den gelerek etkinli\u011fe kat\u0131lan Gamze Aky\u00fcz de yaz tatili i\u00e7in geldi\u011fi G\u00fcm\u00fc\u015fhane\u2019de ge\u00e7ti\u011fimiz y\u0131l da farkl\u0131 etkinliklere kat\u0131ld\u0131\u011f\u0131n\u0131 hat\u0131rlatarak, \u201cArtabel G\u00f6lleri Tabiat Park\u0131n\u0131 devaml\u0131 duyuyordum fakat gelmek nasip olmam\u0131\u015ft\u0131. Parkur \u00e7ok zorlamad\u0131. M\u00fcthi\u015f g\u00fczellikleri g\u00f6r\u00fcp ya\u015famak nasip oldu\u201d diye konu\u015ftu.<\/p>\n<p>\u0130zmirli Mete Odaba\u015f ise ailesinin g\u00f6revi nedeniyle ya\u015fad\u0131\u011f\u0131 G\u00fcm\u00fc\u015fhane\u2019den gitmeden \u00f6nce Artabel G\u00f6lleri Tabiat Park\u0131\u2019n\u0131 g\u00f6rmesi gerekti\u011fi d\u00fc\u015f\u00fcncesiyle y\u00fcr\u00fcy\u00fc\u015fe kat\u0131ld\u0131\u011f\u0131n\u0131 belirterek, \u201cParkurumuz g\u00fczeldi. G\u00f6r\u00fclmeye de\u011fer ve endemik bir b\u00f6lge buras\u0131. Bazen zorland\u0131k ama her\u015fey \u00e7ok iyiydi\u201d ifadelerini kulland\u0131.<\/p>\n<p>\u201cG\u00fcm\u00fc\u015fhane\u2019nin Maldivlerindeydik\u201d<\/p>\n<p>Artabel G\u00f6lleri Tabiat Park\u0131n\u0131 G\u00fcm\u00fc\u015fhane\u2019nin cennetten bir k\u00f6\u015fesi olarak tan\u0131mlayan G\u00dcDAK Ba\u015fkan\u0131 Mustafa Akbulut ise \u201cTabiat g\u00fczel g\u00f6r\u00fcnt\u00fclerini bize sundu. \u00d6zellikle g\u00f6llerimiz \u00e7ok g\u00fczeldi ve baz\u0131 arkada\u015flar\u0131m\u0131z y\u00fczd\u00fc. Bug\u00fcn adeta G\u00fcm\u00fc\u015fhane\u2019nin Maldivlerindeydik\u201d dedi.<\/p>\n<p>Kat\u0131l\u0131m\u0131n \u00e7ok y\u00fcksek olmas\u0131n\u0131n kendilerini mutlu etti\u011fini dile getiren Akbulut, \u201cDaha \u00e7ok insana ula\u015ft\u0131\u011f\u0131m\u0131z i\u00e7in, b\u00f6lgemizi ve G\u00fcm\u00fc\u015fhanemizi tan\u0131tt\u0131\u011f\u0131m\u0131z i\u00e7in mutluyuz. Buran\u0131n en g\u00fczel d\u00f6nemi bu g\u00fcnlerdi. \u00c7ok g\u00fczel bir g\u00fcn ge\u00e7irdik\u201d diye konu\u015ftu.<\/p>\n<p>Artabel G\u00f6lleri Tabiat Park\u0131\u2019nda Osmanl\u0131-Rus harbi d\u00f6nemine ait \u00e7ok say\u0131da siper ve \u015fehitlik bulunmas\u0131 nedeniyle ayr\u0131ca bir \u00f6nemi oldu\u011funu kaydeden Akbulut, \u201cO d\u00f6nemde burada bir taburumuzun oldu\u011fu ve \u00e7at\u0131\u015fmalar\u0131n ya\u015fand\u0131\u011f\u0131n\u0131 biliyoruz. Ahtabur g\u00f6l\u00fcm\u00fcz\u00fcn \u00fczerinde \u015fehit mezarlar\u0131m\u0131z da var. Eski top arabas\u0131 yoluyla ula\u015f\u0131lan g\u00f6l\u00fcn zirvelerinde ve \u00e7e\u015fitli noktalarda siperlerimiz mevcut. Artabel G\u00f6lleri Tabiat Park\u0131 hem tarihi, hem endemik bitki ve canl\u0131 \u00e7e\u015fitlili\u011fi hem de do\u011fal g\u00fczellikleriyle G\u00fcm\u00fc\u015fhane\u2019nin cennet k\u00f6\u015felerinden birisi\u201d ifadelerini kulland\u0131.<\/p>\n","protected":false},"excerpt":{"rendered":"<p>G\u00dcM\u00dc\u015eHANE\u2019N\u0130N \u00c7ATISI OLARAK N\u0130TELEND\u0130R\u0130LEN 58 B\u0130N 590 DEKARLIK ALAN SAH\u0130P ARTABEL G\u00d6LLER\u0130 TAB\u0130AT PARKI, B\u00dcNYES\u0130NDE BARINDIRDI\u011eI 20\u2019N\u0130N \u00dcZER\u0130NDEK\u0130 BUZUL G\u00d6L\u00dc, ENDEM\u0130K B\u0130TK\u0130 VE CANLILARI, YABAN\u0130 HAYVAN \u00c7E\u015e\u0130TL\u0130L\u0130\u011e\u0130, ZENG\u0130N FLORA VE FAUNASI VE E\u015eS\u0130Z MANZARASI \u0130LE T\u00dcRK\u0130YE\u2019N\u0130N D\u00d6RT B\u0130R TARAFINDAN \u0130NSANLARIN \u0130LG\u0130S\u0130N\u0130 \u00c7EKMEYE DEVAM ED\u0130YOR.<\/p>\n","protected":false},"author":1,"featured_media":185032,"comment_status":"closed","ping_status":"open","sticky":false,"template":"","format":"standard","meta":{"jetpack_post_was_ever_published":false,"_jetpack_newsletter_access":"","_jetpack_dont_email_post_to_subs":false,"_jetpack_newsletter_tier_id":0,"_jetpack_memberships_contains_paywalled_content":false,"_jetpack_memberships_contains_paid_content":false,"footnotes":"","jetpack_publicize_message":"","jetpack_publicize_feature_enabled":true,"jetpack_social_post_already_shared":true,"jetpack_social_options":{"image_generator_settings":{"template":"highway","default_image_id":0,"font":"","enabled":false},"version":2}},"categories":[1],"tags":[45859,29891,36017,9759,14764,3448,45858],"class_list":["post-185031","post","type-post","status-publish","format-standard","has-post-thumbnail","hentry","category-genel","tag-artabel","tag-cenneti","tag-golleri","tag-parki","tag-tabiat","tag-yuksek","tag-zirvelerin"],"jetpack_publicize_connections":[],"jetpack_featured_media_url":"https:\/\/i0.wp.com\/www.tvturk.com\/wp-content\/uploads\/2019\/07\/yuksek-zirvelerin-cenneti-artabel-golleri-tabiat-parki_49a23f6.jpg?fit=1000%2C562","jetpack_sharing_enabled":true,"jetpack_shortlink":"https:\/\/wp.me\/paKIfm-M8n","_links":{"self":[{"href":"http:\/\/www.tvturk.com\/index.php\/wp-json\/wp\/v2\/posts\/185031","targetHints":{"allow":["GET"]}}],"collection":[{"href":"http:\/\/www.tvturk.com\/index.php\/wp-json\/wp\/v2\/posts"}],"about":[{"href":"http:\/\/www.tvturk.com\/index.php\/wp-json\/wp\/v2\/types\/post"}],"author":[{"embeddable":true,"href":"http:\/\/www.tvturk.com\/index.php\/wp-json\/wp\/v2\/users\/1"}],"replies":[{"embeddable":true,"href":"http:\/\/www.tvturk.com\/index.php\/wp-json\/wp\/v2\/comments?post=185031"}],"version-history":[{"count":0,"href":"http:\/\/www.tvturk.com\/index.php\/wp-json\/wp\/v2\/posts\/185031\/revisions"}],"wp:featuredmedia":[{"embeddable":true,"href":"http:\/\/www.tvturk.com\/index.php\/wp-json\/wp\/v2\/media\/185032"}],"wp:attachment":[{"href":"http:\/\/www.tvturk.com\/index.php\/wp-json\/wp\/v2\/media?parent=185031"}],"wp:term":[{"taxonomy":"category","embeddable":true,"href":"http:\/\/www.tvturk.com\/index.php\/wp-json\/wp\/v2\/categories?post=185031"},{"taxonomy":"post_tag","embeddable":true,"href":"http:\/\/www.tvturk.com\/index.php\/wp-json\/wp\/v2\/tags?post=185031"}],"curies":[{"name":"wp","href":"https:\/\/api.w.org\/{rel}","templated":true}]}}