{"id":185035,"date":"2019-07-22T13:46:10","date_gmt":"2019-07-22T10:46:10","guid":{"rendered":"http:\/\/www.tvturk.com\/index.php\/libya-savas-ucagi-tunusa-zorunlu-inis-yapti\/"},"modified":"2019-07-22T13:46:10","modified_gmt":"2019-07-22T10:46:10","slug":"libya-savas-ucagi-tunusa-zorunlu-inis-yapti","status":"publish","type":"post","link":"http:\/\/www.tvturk.com\/index.php\/libya-savas-ucagi-tunusa-zorunlu-inis-yapti\/","title":{"rendered":"Libya sava\u015f u\u00e7a\u011f\u0131 Tunus\u2019a zorunlu ini\u015f yapt\u0131"},"content":{"rendered":"<p>Libya sava\u015f u\u00e7a\u011f\u0131n\u0131n, Tunus\u2019un g\u00fcneyinde bulunan askeri havaliman\u0131na zorunlu ini\u015f yapt\u0131\u011f\u0131 belirtildi.<\/p>\n<p>Libya\u2019da yerel kaynaklardan elde edilen bilgilere g\u00f6re, M\u0131srata kentinden havalanan bir sava\u015f u\u00e7a\u011f\u0131 ar\u0131za nedeniyle Tunus\u2019un g\u00fcneyindeki Medenin \u015fehrine ba\u011fl\u0131 Bei Gazil b\u00f6lgesinde bulunan askeri havaliman\u0131na zorunlu ini\u015f yapt\u0131.<\/p>\n<p>U\u00e7a\u011f\u0131n Hafter g\u00fc\u00e7lerine ya da Ulusal Mutabakat H\u00fck\u00fcmeti\u2019ne (UMH) ba\u011fl\u0131 olup olmad\u0131\u011f\u0131na ili\u015fkin bilgi payla\u015f\u0131lmad\u0131.<\/p>\n<p>\u00d6te yandan, pilotun sa\u011fl\u0131k durumunun iyi oldu\u011fu belirtilirken, zorunlu ini\u015fin nedenleri ile ilgili hen\u00fcz bir a\u00e7\u0131klama yap\u0131lmad\u0131.<\/p>\n","protected":false},"excerpt":{"rendered":"<p>L\u0130BYA SAVA\u015e U\u00c7A\u011eI TUNUS\u2019A ZORUNLU \u0130N\u0130\u015e YAPTI<\/p>\n","protected":false},"author":1,"featured_media":185036,"comment_status":"closed","ping_status":"open","sticky":false,"template":"","format":"standard","meta":{"jetpack_post_was_ever_published":false,"_jetpack_newsletter_access":"","_jetpack_dont_email_post_to_subs":false,"_jetpack_newsletter_tier_id":0,"_jetpack_memberships_contains_paywalled_content":false,"_jetpack_memberships_contains_paid_content":false,"footnotes":"","jetpack_publicize_message":"","jetpack_publicize_feature_enabled":true,"jetpack_social_post_already_shared":true,"jetpack_social_options":{"image_generator_settings":{"template":"highway","default_image_id":0,"font":"","enabled":false},"version":2}},"categories":[10],"tags":[13237,8757,160,9895,17580,292,16622],"class_list":["post-185035","post","type-post","status-publish","format-standard","has-post-thumbnail","hentry","category-dunya","tag-inis","tag-libya","tag-savas","tag-tunusa","tag-ucagi","tag-yapti","tag-zorunlu"],"jetpack_publicize_connections":[],"jetpack_featured_media_url":"https:\/\/i0.wp.com\/www.tvturk.com\/wp-content\/uploads\/2019\/07\/libya-savas-ucagi-tunusa-zorunlu-inis-yapti_9b05249.jpg?fit=960%2C528","jetpack_sharing_enabled":true,"jetpack_shortlink":"https:\/\/wp.me\/paKIfm-M8r","_links":{"self":[{"href":"http:\/\/www.tvturk.com\/index.php\/wp-json\/wp\/v2\/posts\/185035","targetHints":{"allow":["GET"]}}],"collection":[{"href":"http:\/\/www.tvturk.com\/index.php\/wp-json\/wp\/v2\/posts"}],"about":[{"href":"http:\/\/www.tvturk.com\/index.php\/wp-json\/wp\/v2\/types\/post"}],"author":[{"embeddable":true,"href":"http:\/\/www.tvturk.com\/index.php\/wp-json\/wp\/v2\/users\/1"}],"replies":[{"embeddable":true,"href":"http:\/\/www.tvturk.com\/index.php\/wp-json\/wp\/v2\/comments?post=185035"}],"version-history":[{"count":0,"href":"http:\/\/www.tvturk.com\/index.php\/wp-json\/wp\/v2\/posts\/185035\/revisions"}],"wp:featuredmedia":[{"embeddable":true,"href":"http:\/\/www.tvturk.com\/index.php\/wp-json\/wp\/v2\/media\/185036"}],"wp:attachment":[{"href":"http:\/\/www.tvturk.com\/index.php\/wp-json\/wp\/v2\/media?parent=185035"}],"wp:term":[{"taxonomy":"category","embeddable":true,"href":"http:\/\/www.tvturk.com\/index.php\/wp-json\/wp\/v2\/categories?post=185035"},{"taxonomy":"post_tag","embeddable":true,"href":"http:\/\/www.tvturk.com\/index.php\/wp-json\/wp\/v2\/tags?post=185035"}],"curies":[{"name":"wp","href":"https:\/\/api.w.org\/{rel}","templated":true}]}}