{"id":185049,"date":"2019-07-22T14:01:49","date_gmt":"2019-07-22T11:01:49","guid":{"rendered":"http:\/\/www.tvturk.com\/index.php\/turkiyenin-en-az-nufuslu-mahallelerinden-biri-camisine-kavusuyor\/"},"modified":"2019-07-22T14:01:49","modified_gmt":"2019-07-22T11:01:49","slug":"turkiyenin-en-az-nufuslu-mahallelerinden-biri-camisine-kavusuyor","status":"publish","type":"post","link":"http:\/\/www.tvturk.com\/index.php\/turkiyenin-en-az-nufuslu-mahallelerinden-biri-camisine-kavusuyor\/","title":{"rendered":"T\u00fcrkiye\u2019nin en az n\u00fcfuslu mahallelerinden biri camisine kavu\u015fuyor"},"content":{"rendered":"<p>T\u00fcrkiye\u2019nin en az n\u00fcfuslu k\u0131rsal mahallelerinden biri olan K\u0131ro\u011flu Mahallesi\u2019nde bulunan ve bir s\u00fcredir kapal\u0131 olan cami, restore edilerek yeniden ibadete a\u00e7\u0131l\u0131yor.<\/p>\n<p>T\u00fcrkiye\u2019nin en az n\u00fcfuslu mahallerinden biri olan Samsun\u2018un Havza il\u00e7esine ba\u011fl\u0131 K\u0131ro\u011flu Mahallesi\u2019ndeki 60 senelik \u2018K\u0131ro\u011flu Camisi\u2019 yeniden ibadete a\u00e7\u0131l\u0131yor. En az n\u00fcfuslu mahaller aras\u0131nda olan K\u0131ro\u011flu Mahallesi\u2019nde toplamda 7 hane kal\u0131yor. K\u0131\u015flar\u0131 sadece 4 ki\u015finin ya\u015fad\u0131\u011f\u0131 mahallede muhtar olan Hamit Aytekin, &#8220;Camimiz bir s\u00fcre ibadete kapal\u0131yd\u0131. Burada camimize elektrik tesisat\u0131 d\u00f6\u015fettik. \u0130\u00e7eride taban\u0131nda ve tavan\u0131nda k\u0131r\u0131klar vard\u0131. Onlar\u0131n onar\u0131m\u0131n\u0131 yapt\u0131k. Boyas\u0131 yap\u0131ld\u0131. Yerlere hal\u0131 d\u00f6\u015fenecek. Camimiz Kurban Bayram\u0131\u2019na haz\u0131r hale gelecek\u201d diye konu\u015ftu.<\/p>\n<p>&#8220;Amac\u0131m minare yapmak&#8221;<\/p>\n<p>Yo\u011fun bir \u00e7al\u0131\u015fma i\u00e7erisinde oldu\u011funu ifade eden Muhtar Hamit Aytekin, \u201cCamimizin restorasyonuna bitmesine az kald\u0131. Bitti\u011fi zaman \u00e7evredeki i\u015f adamlar\u0131n\u0131n yard\u0131m\u0131yla yeni bir minare yapt\u0131rmak istiyoruz. Bunun d\u0131\u015f\u0131nda camimizin yan\u0131na lojman yapt\u0131raca\u011f\u0131z. Yollar\u0131n onar\u0131m\u0131 i\u00e7in gerekli \u00e7al\u0131\u015fmalar\u0131 s\u00fcrd\u00fcr\u00fcyoruz\u201d dedi.<\/p>\n<p>Hamit Aytekin, K\u0131ro\u011flu Mahallesi muhtarl\u0131k se\u00e7imlerine tek aday olarak kat\u0131lm\u0131\u015f ve kazanm\u0131\u015ft\u0131.<\/p>\n","protected":false},"excerpt":{"rendered":"<p>T\u00dcRK\u0130YE&#8217;N\u0130N EN AZ N\u00dcFUSLU MAHALLER\u0130NDEN B\u0130R\u0130 OLAN SAMSUN \u2018UN HAVZA \u0130L\u00c7ES\u0130NE BA\u011eLI KIRO\u011eLU MAHALLES\u0130NDEK\u0130 60 SENEL\u0130K \u2018KIRO\u011eLU CAM\u0130\u0130\u2019  YEN\u0130DEN \u0130BADETE A\u00c7ILIYOR.<\/p>\n","protected":false},"author":1,"featured_media":185050,"comment_status":"closed","ping_status":"open","sticky":false,"template":"","format":"standard","meta":{"jetpack_post_was_ever_published":false,"_jetpack_newsletter_access":"","_jetpack_dont_email_post_to_subs":false,"_jetpack_newsletter_tier_id":0,"_jetpack_memberships_contains_paywalled_content":false,"_jetpack_memberships_contains_paid_content":false,"footnotes":"","jetpack_publicize_message":"","jetpack_publicize_feature_enabled":true,"jetpack_social_post_already_shared":true,"jetpack_social_options":{"image_generator_settings":{"template":"highway","default_image_id":0,"font":"","enabled":false},"version":2}},"categories":[1],"tags":[3163,19877,194,45866,28867,177],"class_list":["post-185049","post","type-post","status-publish","format-standard","has-post-thumbnail","hentry","category-genel","tag-biri","tag-camisine","tag-kavusuyor","tag-mahallelerinden","tag-nufuslu","tag-turkiyenin"],"jetpack_publicize_connections":[],"jetpack_featured_media_url":"https:\/\/i0.wp.com\/www.tvturk.com\/wp-content\/uploads\/2019\/07\/turkiyenin-en-az-nufuslu-mahallelerinden-biri-camisine-kavusuyor_f77ac0e.jpg?fit=1000%2C666","jetpack_sharing_enabled":true,"jetpack_shortlink":"https:\/\/wp.me\/paKIfm-M8F","_links":{"self":[{"href":"http:\/\/www.tvturk.com\/index.php\/wp-json\/wp\/v2\/posts\/185049","targetHints":{"allow":["GET"]}}],"collection":[{"href":"http:\/\/www.tvturk.com\/index.php\/wp-json\/wp\/v2\/posts"}],"about":[{"href":"http:\/\/www.tvturk.com\/index.php\/wp-json\/wp\/v2\/types\/post"}],"author":[{"embeddable":true,"href":"http:\/\/www.tvturk.com\/index.php\/wp-json\/wp\/v2\/users\/1"}],"replies":[{"embeddable":true,"href":"http:\/\/www.tvturk.com\/index.php\/wp-json\/wp\/v2\/comments?post=185049"}],"version-history":[{"count":0,"href":"http:\/\/www.tvturk.com\/index.php\/wp-json\/wp\/v2\/posts\/185049\/revisions"}],"wp:featuredmedia":[{"embeddable":true,"href":"http:\/\/www.tvturk.com\/index.php\/wp-json\/wp\/v2\/media\/185050"}],"wp:attachment":[{"href":"http:\/\/www.tvturk.com\/index.php\/wp-json\/wp\/v2\/media?parent=185049"}],"wp:term":[{"taxonomy":"category","embeddable":true,"href":"http:\/\/www.tvturk.com\/index.php\/wp-json\/wp\/v2\/categories?post=185049"},{"taxonomy":"post_tag","embeddable":true,"href":"http:\/\/www.tvturk.com\/index.php\/wp-json\/wp\/v2\/tags?post=185049"}],"curies":[{"name":"wp","href":"https:\/\/api.w.org\/{rel}","templated":true}]}}