{"id":185053,"date":"2019-07-22T14:02:05","date_gmt":"2019-07-22T11:02:05","guid":{"rendered":"http:\/\/www.tvturk.com\/index.php\/sakaryada-20-bin-dekar-tarim-alani-sular-altinda-kaldi\/"},"modified":"2019-07-22T14:02:05","modified_gmt":"2019-07-22T11:02:05","slug":"sakaryada-20-bin-dekar-tarim-alani-sular-altinda-kaldi","status":"publish","type":"post","link":"http:\/\/www.tvturk.com\/index.php\/sakaryada-20-bin-dekar-tarim-alani-sular-altinda-kaldi\/","title":{"rendered":"Sakarya\u2019da 20 bin dekar tar\u0131m alan\u0131 sular alt\u0131nda kald\u0131"},"content":{"rendered":"<p>Sakarya\u2019n\u0131n Serdivan il\u00e7esinde a\u015f\u0131r\u0131 ya\u011f\u0131\u015flar neticesinde 20 bin dekar tar\u0131m alan\u0131 sular alt\u0131nda kald\u0131. Sular alt\u0131nda kalan alan havadan g\u00f6r\u00fcnt\u00fclenirken, T\u00fcrkiye Ziraat Odalar\u0131 Birli\u011fi (TZOB) Genel Ba\u015fkan\u0131 \u015eemsi Bayraktar, arazide incelemelerde bulundu.<\/p>\n<p>Sakarya\u2019da yo\u011fun ya\u011fan ya\u011f\u0131\u015flar sonras\u0131nda bir \u00e7ok yerde su bask\u0131nlar\u0131 meydana geldi. Ya\u011f\u0131\u015flar neticesinde Serdivan il\u00e7esinde bulunan Aral\u0131k Mahallesi s\u0131n\u0131rlar\u0131ndaki 30 bin dekarl\u0131k arazinin 20 bin dekar\u0131 sular alt\u0131nda kald\u0131. \u00c7o\u011funlu\u011fu m\u0131s\u0131r ekili alan olan tarlalar havadan g\u00f6r\u00fcnt\u00fclendi. T\u00fcrkiye Ziraat Odalar\u0131 Birli\u011fi (TZOB) Genel Ba\u015fkan\u0131 \u015eemsi Bayraktar sular alt\u0131nda kalan arazide incelemelerde bulunmak \u00fczere mahalleye geldi. Alanlar\u0131 inceleyen Ba\u015fkan Bayraktar, \u00e7ift\u00e7ilerden bilgi ald\u0131.<\/p>\n<p>T\u00fcrkiye\u2019de kal\u0131c\u0131 \u00e7\u00f6z\u00fcmleri bulmam\u0131z ve tedbirli olmam\u0131z gerekiyor<\/p>\n<p>TZOB Genel Ba\u015fkan\u0131 \u015eemsi Bayraktar yapt\u0131\u011f\u0131 a\u00e7\u0131klamada, \u201cBu son y\u0131llarda k\u00fcresel \u0131s\u0131nmaya ba\u011fl\u0131 olarak T\u00fcrkiye\u2019nin de\u011fi\u015fik b\u00f6lgelerinde a\u015f\u0131r\u0131 ya\u011f\u0131\u015f oluyor. Bu ovan\u0131n ayr\u0131 bir \u00f6zelli\u011fi var. Bu ova son 6-7 y\u0131ld\u0131r ya\u011f\u0131\u015f rejimine ba\u011fl\u0131 olarak a\u015f\u0131r\u0131 ya\u011f\u0131\u015flar\u0131n olmas\u0131 halinde bir \u00e7anak gibi g\u00f6r\u00fcn\u00fcyor ve s\u00fcrekli sel bask\u0131n\u0131na maruz kal\u0131yor. Tabi bu s\u00fcrd\u00fcr\u00fclebilir bir \u015fey de\u011fil. Burada kal\u0131c\u0131 tedbirler al\u0131nmas\u0131 laz\u0131m. Biz buradaki \u00fcreticimizin bor\u00e7lar\u0131 var biliyoruz. \u00d6zellikle banka bor\u00e7lar\u0131n\u0131n yap\u0131land\u0131r\u0131lmas\u0131 konusunda bir \u00e7al\u0131\u015fma yapaca\u011f\u0131z. Bunun d\u0131\u015f\u0131nda bir nakit yard\u0131m\u0131 alabilir mi ona bakaca\u011f\u0131z. Bunlar kal\u0131c\u0131 \u00e7\u00f6z\u00fcmler de\u011fil. Bu hareketler bug\u00fcn\u00fc kurtarma i\u00e7indir. Sonu\u00e7ta insanlar burada \u00fcretmek istiyor. \u00dcretemezse burada oturamazlar. Burada yap\u0131sal sorun var ama kanallar a\u00e7\u0131lacak, ba\u015fka tedbirler a\u00e7\u0131lacak. Bir kal\u0131c\u0131 \u00e7\u00f6z\u00fcm buraya bulmam\u0131z laz\u0131m. T\u00fcrkiye bu ya\u011f\u0131\u015flar\u0131 g\u00f6recek bundan sonra. Sel gibi, hortum gibi, a\u015f\u0131r\u0131 ya\u011f\u0131\u015f gibi, don gibi do\u011fal afetleri zaman zaman g\u00f6rece\u011fiz. T\u00fcrkiye\u2019de kal\u0131c\u0131 \u00e7\u00f6z\u00fcmleri bulmam\u0131z ve tedbirli olmam\u0131z gerekiyor. Ben buradan Kocaali il\u00e7esine, oradan ise D\u00fczce\u2019ye ge\u00e7ece\u011fim. D\u00fczce\u2019de can kayb\u0131 var Allah rahmet eylesin. Ben buran\u0131n sorununa dikkat \u00e7ekmek i\u00e7in buraday\u0131m. 36 bin dekar alan i\u015fleniyor tar\u0131ma m\u00fcsait bir alan. Bunun 20 bin dekar\u0131n\u0131n sular alt\u0131nda kald\u0131\u011f\u0131 s\u00f6yleniyor. Bir daha ekim yapmak m\u00fcmk\u00fcn de\u011fil iki defa \u00e7ift\u00e7imiz ekim yapm\u0131\u015f. Bunun maddi zarar\u0131n\u0131n ne kadar oldu\u011funu bilemiyoruz. Ekipler gelecek tespit yapacak\u201d dedi.<\/p>\n","protected":false},"excerpt":{"rendered":"<p>SAKARYA\u2019NIN SERD\u0130VAN \u0130L\u00c7ES\u0130NDE A\u015eIRI YA\u011eI\u015eLAR NET\u0130CES\u0130NDE 20 B\u0130N DEKAR ALAN SULAR ALTINDA KALDI.<\/p>\n","protected":false},"author":1,"featured_media":185054,"comment_status":"closed","ping_status":"open","sticky":false,"template":"","format":"standard","meta":{"jetpack_post_was_ever_published":false,"_jetpack_newsletter_access":"","_jetpack_dont_email_post_to_subs":false,"_jetpack_newsletter_tier_id":0,"_jetpack_memberships_contains_paywalled_content":false,"_jetpack_memberships_contains_paid_content":false,"footnotes":"","jetpack_publicize_message":"","jetpack_publicize_feature_enabled":true,"jetpack_social_post_already_shared":true,"jetpack_social_options":{"image_generator_settings":{"template":"highway","default_image_id":0,"font":"","enabled":false},"version":2}},"categories":[1],"tags":[3386,3114,213,40860,1853,2200,8534,2403],"class_list":["post-185053","post","type-post","status-publish","format-standard","has-post-thumbnail","hentry","category-genel","tag-alani","tag-altinda","tag-bin","tag-dekar","tag-kaldi","tag-sakaryada","tag-sular","tag-tarim"],"jetpack_publicize_connections":[],"jetpack_featured_media_url":"https:\/\/i0.wp.com\/www.tvturk.com\/wp-content\/uploads\/2019\/07\/sakaryada-20-bin-dekar-tarim-alani-sular-altinda-kaldi_8d6a2e2.jpg?fit=1000%2C562","jetpack_sharing_enabled":true,"jetpack_shortlink":"https:\/\/wp.me\/paKIfm-M8J","_links":{"self":[{"href":"http:\/\/www.tvturk.com\/index.php\/wp-json\/wp\/v2\/posts\/185053","targetHints":{"allow":["GET"]}}],"collection":[{"href":"http:\/\/www.tvturk.com\/index.php\/wp-json\/wp\/v2\/posts"}],"about":[{"href":"http:\/\/www.tvturk.com\/index.php\/wp-json\/wp\/v2\/types\/post"}],"author":[{"embeddable":true,"href":"http:\/\/www.tvturk.com\/index.php\/wp-json\/wp\/v2\/users\/1"}],"replies":[{"embeddable":true,"href":"http:\/\/www.tvturk.com\/index.php\/wp-json\/wp\/v2\/comments?post=185053"}],"version-history":[{"count":0,"href":"http:\/\/www.tvturk.com\/index.php\/wp-json\/wp\/v2\/posts\/185053\/revisions"}],"wp:featuredmedia":[{"embeddable":true,"href":"http:\/\/www.tvturk.com\/index.php\/wp-json\/wp\/v2\/media\/185054"}],"wp:attachment":[{"href":"http:\/\/www.tvturk.com\/index.php\/wp-json\/wp\/v2\/media?parent=185053"}],"wp:term":[{"taxonomy":"category","embeddable":true,"href":"http:\/\/www.tvturk.com\/index.php\/wp-json\/wp\/v2\/categories?post=185053"},{"taxonomy":"post_tag","embeddable":true,"href":"http:\/\/www.tvturk.com\/index.php\/wp-json\/wp\/v2\/tags?post=185053"}],"curies":[{"name":"wp","href":"https:\/\/api.w.org\/{rel}","templated":true}]}}