{"id":185059,"date":"2019-07-22T14:02:44","date_gmt":"2019-07-22T11:02:44","guid":{"rendered":"http:\/\/www.tvturk.com\/index.php\/gerard-pique-trabzonspora-tesekkur-etti\/"},"modified":"2019-07-22T14:02:44","modified_gmt":"2019-07-22T11:02:44","slug":"gerard-pique-trabzonspora-tesekkur-etti","status":"publish","type":"post","link":"http:\/\/www.tvturk.com\/index.php\/gerard-pique-trabzonspora-tesekkur-etti\/","title":{"rendered":"Gerard Pique, Trabzonspor\u2019a te\u015fekk\u00fcr etti"},"content":{"rendered":"<p>Barcelona\u2019n\u0131n y\u0131ld\u0131z savunmac\u0131s\u0131 Gerard Pique, kendisine forma g\u00f6nderme s\u00f6z\u00fc veren Trabzonspor\u2019a sosyal medya arac\u0131l\u0131\u011f\u0131yla te\u015fekk\u00fcr etti.<\/p>\n<p>Trabzonspor Kul\u00fcb\u00fc\u2019n\u00fcn sosyal medya hesab\u0131ndan yay\u0131nlad\u0131\u011f\u0131 yeni sezon forma tan\u0131t\u0131m videosu ile ba\u015flayan Trabzonspor ve Barcelona yak\u0131nla\u015fmas\u0131 s\u00fcr\u00fcyor. \u0130spanyol ekibinin y\u0131ld\u0131z savunmac\u0131s\u0131 Gerard Pique, ailesine ve kendisine forma g\u00f6nderme s\u00f6z\u00fc veren Trabzonspor\u2019a sosyal medya arac\u0131l\u0131\u011f\u0131yla te\u015fekk\u00fcr etti.<\/p>\n","protected":false},"excerpt":{"rendered":"<p>BARCELONA&#8217;NIN YILDIZ SAVUNMACISI GERARD P\u0130QUE, KEND\u0130S\u0130NE FORMA G\u00d6NDERME S\u00d6Z\u00dc VEREN TRABZONSPOR&#8217;A SOSYAL MEDYA ARACILI\u011eIYLA TE\u015eEKK\u00dcR ETT\u0130.<\/p>\n","protected":false},"author":1,"featured_media":185060,"comment_status":"closed","ping_status":"open","sticky":false,"template":"","format":"standard","meta":{"jetpack_post_was_ever_published":false,"_jetpack_newsletter_access":"","_jetpack_dont_email_post_to_subs":false,"_jetpack_newsletter_tier_id":0,"_jetpack_memberships_contains_paywalled_content":false,"_jetpack_memberships_contains_paid_content":false,"footnotes":"","jetpack_publicize_message":"","jetpack_publicize_feature_enabled":true,"jetpack_social_post_already_shared":true,"jetpack_social_options":{"image_generator_settings":{"template":"highway","default_image_id":0,"font":"","enabled":false},"version":2}},"categories":[657],"tags":[207,45869,45708,379,14329],"class_list":["post-185059","post","type-post","status-publish","format-standard","has-post-thumbnail","hentry","category-spor","tag-etti","tag-gerard","tag-pique","tag-tesekkur","tag-trabzonspora"],"jetpack_publicize_connections":[],"jetpack_featured_media_url":"https:\/\/i0.wp.com\/www.tvturk.com\/wp-content\/uploads\/2019\/07\/gerard-pique-trabzonspora-tesekkur-etti_38a44a1.jpg?fit=605%2C237","jetpack_sharing_enabled":true,"jetpack_shortlink":"https:\/\/wp.me\/paKIfm-M8P","_links":{"self":[{"href":"http:\/\/www.tvturk.com\/index.php\/wp-json\/wp\/v2\/posts\/185059","targetHints":{"allow":["GET"]}}],"collection":[{"href":"http:\/\/www.tvturk.com\/index.php\/wp-json\/wp\/v2\/posts"}],"about":[{"href":"http:\/\/www.tvturk.com\/index.php\/wp-json\/wp\/v2\/types\/post"}],"author":[{"embeddable":true,"href":"http:\/\/www.tvturk.com\/index.php\/wp-json\/wp\/v2\/users\/1"}],"replies":[{"embeddable":true,"href":"http:\/\/www.tvturk.com\/index.php\/wp-json\/wp\/v2\/comments?post=185059"}],"version-history":[{"count":0,"href":"http:\/\/www.tvturk.com\/index.php\/wp-json\/wp\/v2\/posts\/185059\/revisions"}],"wp:featuredmedia":[{"embeddable":true,"href":"http:\/\/www.tvturk.com\/index.php\/wp-json\/wp\/v2\/media\/185060"}],"wp:attachment":[{"href":"http:\/\/www.tvturk.com\/index.php\/wp-json\/wp\/v2\/media?parent=185059"}],"wp:term":[{"taxonomy":"category","embeddable":true,"href":"http:\/\/www.tvturk.com\/index.php\/wp-json\/wp\/v2\/categories?post=185059"},{"taxonomy":"post_tag","embeddable":true,"href":"http:\/\/www.tvturk.com\/index.php\/wp-json\/wp\/v2\/tags?post=185059"}],"curies":[{"name":"wp","href":"https:\/\/api.w.org\/{rel}","templated":true}]}}