{"id":185109,"date":"2019-07-22T15:32:01","date_gmt":"2019-07-22T12:32:01","guid":{"rendered":"http:\/\/www.tvturk.com\/index.php\/usakta-olta-balikcilari-kiyasiya-yaristi\/"},"modified":"2019-07-22T15:32:01","modified_gmt":"2019-07-22T12:32:01","slug":"usakta-olta-balikcilari-kiyasiya-yaristi","status":"publish","type":"post","link":"http:\/\/www.tvturk.com\/index.php\/usakta-olta-balikcilari-kiyasiya-yaristi\/","title":{"rendered":"U\u015fak\u2019ta olta bal\u0131k\u00e7\u0131lar\u0131 k\u0131yas\u0131ya yar\u0131\u015ft\u0131"},"content":{"rendered":"<p>T\u00fcrkiye\u2019nin \u00e7e\u015fitli yerlerinden gelerek U\u015fak merkeze ba\u011fl\u0131 G\u00f6\u011fem Mahallesindeki g\u00f6lde toplanan 100 usta bal\u0131k\u00e7\u0131, 3 g\u00fcn boyunca en b\u00fcy\u00fck, en \u00e7ok ve en a\u011f\u0131r bal\u0131\u011f\u0131 tutmak i\u00e7in yar\u0131\u015ft\u0131.<\/p>\n<p>U\u015fak Olta Bal\u0131k\u00e7\u0131lar\u0131 Derne\u011fi taraf\u0131ndan G\u00f6\u011fem Mahallesi G\u00f6leti\u2019nde 3 g\u00fcn boyunca s\u00fcren yar\u0131\u015fmalara \u0130stanbul, Ankara, \u0130zmir, Bursa, Manisa, Konya, Afyon, K\u00fctahya, Burdur, Bilecik ve U\u015fak\u2019tan 100\u2019\u00fcn \u00fcst\u00fcnde usta olta bal\u0131k\u00e7\u0131s\u0131 kat\u0131ld\u0131. Yar\u0131\u015fmalar, en b\u00fcy\u00fck bal\u0131k, en \u00e7ok bal\u0131k ve toplam a\u011f\u0131rl\u0131k kategorilerinde ger\u00e7ekle\u015fti.<\/p>\n<p>U\u015fak Olta Bal\u0131k\u00e7\u0131lar\u0131 Dernek Ba\u015fkan\u0131 Ali Ersoy, \u00e7evre illerdeki bal\u0131k\u00e7\u0131larla bir araya gelmek i\u00e7in b\u00f6yle bir yar\u0131\u015fma d\u00fczenlediklerini belirtti.<\/p>\n<p>Yar\u0131\u015fmaya Afyonkarahisar\u2019dan kat\u0131lan G\u00f6khan Foni ise s\u00fcrd\u00fcr\u00fclebilir bal\u0131k\u00e7\u0131l\u0131\u011fa destek vermek i\u00e7in yar\u0131\u015fmaya kat\u0131ld\u0131\u011f\u0131n\u0131 ifade ederek, U\u015fak Olta Bal\u0131k\u00e7\u0131lar\u0131 Derne\u011fi\u2019nin yasal olmayan yollarla bal\u0131k av\u0131na kar\u015f\u0131 m\u00fccadelesinin kendilerini mutlu etti\u011fini s\u00f6yledi.<\/p>\n<p>Yar\u0131\u015fmada birincili\u011fi 15 kilo 485 gram a\u011f\u0131rl\u0131\u011f\u0131 olan 7 bal\u0131k ile K\u00fctahya ekibi kazan\u0131rken, en b\u00fcy\u00fck bal\u0131k olan 4 kilo 40 gram bal\u0131\u011f\u0131 yakalayan da yine K\u00fctahya ekibi oldu. Yar\u0131\u015fma sonras\u0131nda dereceye giren olta bal\u0131k\u00e7\u0131lar\u0131 \u00e7e\u015fitli av malzemeleri ile \u00f6d\u00fcllendirildi.<\/p>\n","protected":false},"excerpt":{"rendered":"<p>T\u00dcRK\u0130YE\u2019N\u0130N \u00c7E\u015e\u0130TL\u0130 YERLER\u0130NDEN GELEREK U\u015eAK MERKEZE BA\u011eLI G\u00d6\u011eEM MAHALLES\u0130NDEK\u0130 G\u00d6LDE TOPLANAN 100 USTA BALIK\u00c7I, 3 G\u00dcN BOYUNCA EN B\u00dcY\u00dcK, EN \u00c7OK VE EN A\u011eIR BALI\u011eI TUTMAK \u0130\u00c7\u0130N YARI\u015eTI.<\/p>\n","protected":false},"author":1,"featured_media":185110,"comment_status":"closed","ping_status":"open","sticky":false,"template":"","format":"standard","meta":{"jetpack_post_was_ever_published":false,"_jetpack_newsletter_access":"","_jetpack_dont_email_post_to_subs":false,"_jetpack_newsletter_tier_id":0,"_jetpack_memberships_contains_paywalled_content":false,"_jetpack_memberships_contains_paid_content":false,"footnotes":"","jetpack_publicize_message":"","jetpack_publicize_feature_enabled":true,"jetpack_social_post_already_shared":true,"jetpack_social_options":{"image_generator_settings":{"template":"highway","default_image_id":0,"font":"","enabled":false},"version":2}},"categories":[1],"tags":[32061,6625,27155,3214,7830],"class_list":["post-185109","post","type-post","status-publish","format-standard","has-post-thumbnail","hentry","category-genel","tag-balikcilari","tag-kiyasiya","tag-olta","tag-usakta","tag-yaristi"],"jetpack_publicize_connections":[],"jetpack_featured_media_url":"https:\/\/i0.wp.com\/www.tvturk.com\/wp-content\/uploads\/2019\/07\/usakta-olta-balikcilari-kiyasiya-yaristi_d5d219c.jpg?fit=1000%2C562","jetpack_sharing_enabled":true,"jetpack_shortlink":"https:\/\/wp.me\/paKIfm-M9D","_links":{"self":[{"href":"http:\/\/www.tvturk.com\/index.php\/wp-json\/wp\/v2\/posts\/185109","targetHints":{"allow":["GET"]}}],"collection":[{"href":"http:\/\/www.tvturk.com\/index.php\/wp-json\/wp\/v2\/posts"}],"about":[{"href":"http:\/\/www.tvturk.com\/index.php\/wp-json\/wp\/v2\/types\/post"}],"author":[{"embeddable":true,"href":"http:\/\/www.tvturk.com\/index.php\/wp-json\/wp\/v2\/users\/1"}],"replies":[{"embeddable":true,"href":"http:\/\/www.tvturk.com\/index.php\/wp-json\/wp\/v2\/comments?post=185109"}],"version-history":[{"count":0,"href":"http:\/\/www.tvturk.com\/index.php\/wp-json\/wp\/v2\/posts\/185109\/revisions"}],"wp:featuredmedia":[{"embeddable":true,"href":"http:\/\/www.tvturk.com\/index.php\/wp-json\/wp\/v2\/media\/185110"}],"wp:attachment":[{"href":"http:\/\/www.tvturk.com\/index.php\/wp-json\/wp\/v2\/media?parent=185109"}],"wp:term":[{"taxonomy":"category","embeddable":true,"href":"http:\/\/www.tvturk.com\/index.php\/wp-json\/wp\/v2\/categories?post=185109"},{"taxonomy":"post_tag","embeddable":true,"href":"http:\/\/www.tvturk.com\/index.php\/wp-json\/wp\/v2\/tags?post=185109"}],"curies":[{"name":"wp","href":"https:\/\/api.w.org\/{rel}","templated":true}]}}