{"id":185111,"date":"2019-07-22T15:33:25","date_gmt":"2019-07-22T12:33:25","guid":{"rendered":"http:\/\/www.tvturk.com\/index.php\/odu-ogrenci-memnuniyetinde-turkiyede-ilk-40-universite-arasina-girdi\/"},"modified":"2019-07-22T15:33:25","modified_gmt":"2019-07-22T12:33:25","slug":"odu-ogrenci-memnuniyetinde-turkiyede-ilk-40-universite-arasina-girdi","status":"publish","type":"post","link":"http:\/\/www.tvturk.com\/index.php\/odu-ogrenci-memnuniyetinde-turkiyede-ilk-40-universite-arasina-girdi\/","title":{"rendered":"OD\u00dc, \u00f6\u011frenci memnuniyetinde T\u00fcrkiye\u2019de ilk 40 \u00fcniversite aras\u0131na girdi"},"content":{"rendered":"<p>Kuruldu\u011fu g\u00fcnden bug\u00fcne gerek akademik gerekse fiziki alanda h\u0131zl\u0131 bir geli\u015fme g\u00f6steren Ordu \u00dcniversitesi, \u00f6\u011frenci memnuniyetinde de y\u00fckseli\u015fini s\u00fcrd\u00fcrmeye devam ediyor. T\u00fcrkiye \u00dcniversite Memnuniyet Ara\u015ft\u0131rmas\u0131 (T\u00dcMA) 2019 raporunun sonu\u00e7lar\u0131na g\u00f6re, Ordu \u00dcniversitesi lisans \u00f6\u011frencilerinin \u2018Genel Memnuniyet S\u0131ralamas\u0131\u2019nda 123 devlet \u00fcniversitesi aras\u0131nda 38\u2019inci s\u0131rada yer ald\u0131.<\/p>\n<p>\u00dcniversite Ara\u015ft\u0131rma Laboratuvar\u0131 (\u00dcniAr) kurucular\u0131 Prof. Dr. Engin Karada\u011f ve Prof. Dr. Cemil Y\u00fccel taraf\u0131ndan ilk olarak 2016 y\u0131l\u0131nda ger\u00e7ekle\u015ftirilen ara\u015ft\u0131rma bu y\u0131l da tekrar edildi. \u00dcniversite Ara\u015ft\u0131rma Laboratuvar\u0131 (\u00dcniAr) taraf\u0131ndan T\u00fcrkiye genelindeki 123 devlet ve 65 vak\u0131f olmak \u00fczere toplamda 188 \u00fcniversitenin dahil edildi\u011fi ara\u015ft\u0131rmada 35 bin 715 \u00f6\u011frenci yer ald\u0131. Lisans d\u00fczeyindeki \u00f6\u011frencilerin memnuniyet d\u00fczeylerinin \u00f6l\u00e7\u00fcld\u00fc\u011f\u00fc \u00dcniversitelerin Genel Memnuniyet S\u0131ralamas\u0131\u2019na g\u00f6re Ordu \u00dcniversitesi ge\u00e7en y\u0131l 70\u2019inci s\u0131rada olan yerini bu y\u0131l 67\u2019nci s\u0131raya, devlet \u00fcniversiteleri aras\u0131nda ise 41\u2019inci s\u0131rada olan yerini bu y\u0131l 38\u2019inci s\u0131raya y\u00fckseltti.<\/p>\n<p>Buna g\u00f6re Ordu \u00dcniversitesi, \u2018Kurumun Y\u00f6netim ve \u0130\u015fleyi\u015finden Memnuniyet\u2019 s\u0131ralamas\u0131nda ge\u00e7en y\u0131l 44\u2019\u00fcnc\u00fc s\u0131rada olan yerini bu y\u0131l 42\u2019ye, \u2018Akademik Destek ve \u0130lgi\u2019 s\u0131ralamas\u0131nda ge\u00e7en y\u0131l 65\u2019inci s\u0131rada olan yerini bu y\u0131l 53\u2019e, \u2018Yerle\u015fke ve Ya\u015fam\u0131n\u0131n Doyuruculu\u011fu\u2019 s\u0131ralamas\u0131nda ge\u00e7en y\u0131l 68\u2019inci s\u0131rada olan yerini bu y\u0131l 64\u2019e, \u00d6\u011frenim Deneyimi Tatmink\u00e2rl\u0131\u011f\u0131\u201d s\u0131ralamas\u0131nda ise ge\u00e7en y\u0131l 87\u2019inci s\u0131rada olan yerini bu y\u0131l 70\u2019e y\u00fckselterek toplamda 449 genel memnuniyet puan\u0131 ile 123 devlet \u00fcniversitesi aras\u0131nda 38\u2019inci s\u0131rada yerini ald\u0131.<\/p>\n<p>Bu t\u00fcr ara\u015ft\u0131rmalar\u0131n, \u00f6\u011frencilerin \u00fcniversite deneyimleri ve y\u00fcksek\u00f6\u011fretim kurumlar\u0131nda yap\u0131lan \u00e7al\u0131\u015fmalarla ilgili olarak b\u00fct\u00fcn payda\u015flara geni\u015f bir bak\u0131\u015f a\u00e7\u0131s\u0131 sundu\u011funu ifade eden OD\u00dc Rekt\u00f6r\u00fc Prof. Dr. Tar\u0131k Yar\u0131lga\u00e7, \u201c\u00dcniversitelerle ilgili yap\u0131lan bir\u00e7ok de\u011ferlendirme ara\u015ft\u0131rmas\u0131nda oldu\u011fu gibi kurumumuzun bu ara\u015ft\u0131rmada da yerini \u00fcst s\u0131ralara ta\u015f\u0131mas\u0131 Ordu \u00dcniversitesi y\u00f6netiminin s\u00fcre\u00e7 i\u00e7erisinde isabetli kararlar alarak do\u011fru ad\u0131mlar att\u0131\u011f\u0131n\u0131 g\u00f6stermektedir. Elde edilen bu ba\u015far\u0131, akademik ve idari personelimizin ola\u011fan\u00fcst\u00fc \u00e7al\u0131\u015fmalar\u0131n\u0131n ve gayretlerinin do\u011fal bir sonucudur. Bu vesileyle \u00dcniversitemizin geli\u015fimine katk\u0131 sunan de\u011ferli akademik ve idari personelimize te\u015fekk\u00fcrlerimizi sunuyoruz\u201d dedi.<\/p>\n","protected":false},"excerpt":{"rendered":"<p>T\u00dcRK\u0130YE \u00dcN\u0130VERS\u0130TE MEMNUN\u0130YET ARA\u015eTIRMASI (T\u00dcMA) 2019 RAPORUNUN SONU\u00c7LARINA G\u00d6RE, ORDU \u00dcN\u0130VERS\u0130TES\u0130 L\u0130SANS \u00d6\u011eRENC\u0130LER\u0130N\u0130N \u2018GENEL MEMNUN\u0130YET SIRALAMASI\u2019NDA 123 DEVLET \u00dcN\u0130VERS\u0130TES\u0130 ARASINDA 38\u2019\u0130NC\u0130 SIRADA YER ALDI.<\/p>\n","protected":false},"author":1,"featured_media":185112,"comment_status":"closed","ping_status":"open","sticky":false,"template":"","format":"standard","meta":{"jetpack_post_was_ever_published":false,"_jetpack_newsletter_access":"","_jetpack_dont_email_post_to_subs":false,"_jetpack_newsletter_tier_id":0,"_jetpack_memberships_contains_paywalled_content":false,"_jetpack_memberships_contains_paid_content":false,"footnotes":"","jetpack_publicize_message":"","jetpack_publicize_feature_enabled":true,"jetpack_social_post_already_shared":true,"jetpack_social_options":{"image_generator_settings":{"template":"highway","default_image_id":0,"font":"","enabled":false},"version":2}},"categories":[1],"tags":[463,3896,37,25740,26431,773,2383,1281],"class_list":["post-185111","post","type-post","status-publish","format-standard","has-post-thumbnail","hentry","category-genel","tag-arasina","tag-girdi","tag-ilk","tag-memnuniyetinde","tag-odu","tag-ogrenci","tag-turkiyede","tag-universite"],"jetpack_publicize_connections":[],"jetpack_featured_media_url":"https:\/\/i0.wp.com\/www.tvturk.com\/wp-content\/uploads\/2019\/07\/odu-ogrenci-memnuniyetinde-turkiyede-ilk-40-universite-arasina-girdi_c545a9d.jpg?fit=1000%2C666","jetpack_sharing_enabled":true,"jetpack_shortlink":"https:\/\/wp.me\/paKIfm-M9F","_links":{"self":[{"href":"http:\/\/www.tvturk.com\/index.php\/wp-json\/wp\/v2\/posts\/185111","targetHints":{"allow":["GET"]}}],"collection":[{"href":"http:\/\/www.tvturk.com\/index.php\/wp-json\/wp\/v2\/posts"}],"about":[{"href":"http:\/\/www.tvturk.com\/index.php\/wp-json\/wp\/v2\/types\/post"}],"author":[{"embeddable":true,"href":"http:\/\/www.tvturk.com\/index.php\/wp-json\/wp\/v2\/users\/1"}],"replies":[{"embeddable":true,"href":"http:\/\/www.tvturk.com\/index.php\/wp-json\/wp\/v2\/comments?post=185111"}],"version-history":[{"count":0,"href":"http:\/\/www.tvturk.com\/index.php\/wp-json\/wp\/v2\/posts\/185111\/revisions"}],"wp:featuredmedia":[{"embeddable":true,"href":"http:\/\/www.tvturk.com\/index.php\/wp-json\/wp\/v2\/media\/185112"}],"wp:attachment":[{"href":"http:\/\/www.tvturk.com\/index.php\/wp-json\/wp\/v2\/media?parent=185111"}],"wp:term":[{"taxonomy":"category","embeddable":true,"href":"http:\/\/www.tvturk.com\/index.php\/wp-json\/wp\/v2\/categories?post=185111"},{"taxonomy":"post_tag","embeddable":true,"href":"http:\/\/www.tvturk.com\/index.php\/wp-json\/wp\/v2\/tags?post=185111"}],"curies":[{"name":"wp","href":"https:\/\/api.w.org\/{rel}","templated":true}]}}