{"id":185117,"date":"2019-07-22T15:47:31","date_gmt":"2019-07-22T12:47:31","guid":{"rendered":"http:\/\/www.tvturk.com\/index.php\/denizlispor-150den-fazla-minyatur-kupa-satti\/"},"modified":"2019-07-22T15:47:31","modified_gmt":"2019-07-22T12:47:31","slug":"denizlispor-150den-fazla-minyatur-kupa-satti","status":"publish","type":"post","link":"http:\/\/www.tvturk.com\/index.php\/denizlispor-150den-fazla-minyatur-kupa-satti\/","title":{"rendered":"Denizlispor 150\u2019den fazla minyat\u00fcr kupa satt\u0131"},"content":{"rendered":"<p>S\u00fcper Lig\u2019e y\u00fckselen Yukatel Denizlisipor\u2019da, kul\u00fcp y\u00f6netimi taraf\u0131ndan kul\u00fcbe maddi gelir olmas\u0131 i\u00e7in yapt\u0131r\u0131lan 2 farkl\u0131 ebattaki minyat\u00fcr \u015fampiyonluk kupas\u0131n\u0131n sat\u0131\u015f\u0131n\u0131n 150 adeti ge\u00e7ti\u011fi  belirtildi.<\/p>\n<p>Kul\u00fcbe yeni gelir kaynaklar\u0131 olu\u015fturmak i\u00e7in Yukatel Denizlispor Y\u00f6netim Kurulu taraf\u0131ndan geli\u015ftirilen minyat\u00fcr kupalar\u0131n sat\u0131\u015f\u0131 yo\u011fun ilgi g\u00f6r\u00fcyor. Hem Kul\u00fcbe katk\u0131 sa\u011flamak hem de 9 y\u0131l\u0131n ard\u0131ndan gelen bu ba\u015far\u0131n\u0131n simgesine ofislerinde yer vermek isteyen Denizli i\u015f d\u00fcnyas\u0131, minyat\u00fcr kupalara b\u00fcy\u00fck ilgi g\u00f6steriyor. 9 y\u0131l aran\u0131n ard\u0131ndan S\u00fcper Lig\u2019e yeniden y\u00fckselen Yukatel Denizlispor, nokta at\u0131\u015f\u0131 transferlerin ve stadyum in\u015faat\u0131n\u0131n yan\u0131 s\u0131ra Kul\u00fcp\u2019\u00fcn mali yap\u0131s\u0131n\u0131 da g\u00fc\u00e7lendirerek S\u00fcper Lig\u2019de kal\u0131c\u0131 olmak i\u00e7in \u00e7al\u0131\u015f\u0131yor. Pek \u00e7ok futbol kul\u00fcb\u00fcn\u00fcn ya\u015fad\u0131\u011f\u0131 mali s\u0131k\u0131nt\u0131lara kar\u015f\u0131l\u0131k Yukatel Denizlispor, ciddi reklam anla\u015fmalar\u0131 yaparak ve yeni \u00fcr\u00fcnler geli\u015ftirerek Denizli\u2019den her kesimin deste\u011fini kazan\u0131yor. Ge\u00e7en d\u00f6nem \u00e7akmak ve bayrak projeleri ile \u00f6nemli gelir elde eden Yukatel Denizlispor, minyat\u00fcr kupa sat\u0131\u015flar\u0131nda da ilgi g\u00f6r\u00fcyor. Minyat\u00fcr kupalarda iki farkl\u0131 se\u00e7enek bulunuyor. 26,5 santimetre (cm) y\u00fcksekli\u011finde olan minyat\u00fcr kupalar, g\u00fcm\u00fc\u015f ve alt\u0131n kaplamadan olu\u015fuyor ve bin 500 TL\u2019den sat\u0131l\u0131yor. 13 cm y\u00fcksekli\u011finde olan kupan\u0131n bedeli ise 500 TL.<\/p>\n","protected":false},"excerpt":{"rendered":"<p>S\u00dcPER L\u0130G\u2019E Y\u00dcKSELEN YUKATEL DEN\u0130ZL\u0130S\u0130POR Y\u00d6NET\u0130M\u0130 TARAFINDAN KUL\u00dcBE MADD\u0130 GEL\u0130R OLMASI \u0130\u00c7\u0130N YAPTIRILAN 2 FARKLI EBATTAK\u0130 M\u0130NYAT\u00dcR \u015eAMP\u0130YONLUK KUPASININ SATI\u015eININ 150 ADET\u0130 GE\u00c7T\u0130\u011e\u0130  BEL\u0130RT\u0130LD\u0130.<\/p>\n","protected":false},"author":1,"featured_media":185118,"comment_status":"closed","ping_status":"open","sticky":false,"template":"","format":"standard","meta":{"jetpack_post_was_ever_published":false,"_jetpack_newsletter_access":"","_jetpack_dont_email_post_to_subs":false,"_jetpack_newsletter_tier_id":0,"_jetpack_memberships_contains_paywalled_content":false,"_jetpack_memberships_contains_paid_content":false,"footnotes":"","jetpack_publicize_message":"","jetpack_publicize_feature_enabled":true,"jetpack_social_post_already_shared":true,"jetpack_social_options":{"image_generator_settings":{"template":"highway","default_image_id":0,"font":"","enabled":false},"version":2}},"categories":[657],"tags":[45883,6694,2142,3794,10531,1247],"class_list":["post-185117","post","type-post","status-publish","format-standard","has-post-thumbnail","hentry","category-spor","tag-150den","tag-denizlispor","tag-fazla","tag-kupa","tag-minyatur","tag-satti"],"jetpack_publicize_connections":[],"jetpack_featured_media_url":"https:\/\/i0.wp.com\/www.tvturk.com\/wp-content\/uploads\/2019\/07\/denizlispor-150den-fazla-minyatur-kupa-satti_853df76.jpg?fit=750%2C1000","jetpack_sharing_enabled":true,"jetpack_shortlink":"https:\/\/wp.me\/paKIfm-M9L","_links":{"self":[{"href":"http:\/\/www.tvturk.com\/index.php\/wp-json\/wp\/v2\/posts\/185117","targetHints":{"allow":["GET"]}}],"collection":[{"href":"http:\/\/www.tvturk.com\/index.php\/wp-json\/wp\/v2\/posts"}],"about":[{"href":"http:\/\/www.tvturk.com\/index.php\/wp-json\/wp\/v2\/types\/post"}],"author":[{"embeddable":true,"href":"http:\/\/www.tvturk.com\/index.php\/wp-json\/wp\/v2\/users\/1"}],"replies":[{"embeddable":true,"href":"http:\/\/www.tvturk.com\/index.php\/wp-json\/wp\/v2\/comments?post=185117"}],"version-history":[{"count":0,"href":"http:\/\/www.tvturk.com\/index.php\/wp-json\/wp\/v2\/posts\/185117\/revisions"}],"wp:featuredmedia":[{"embeddable":true,"href":"http:\/\/www.tvturk.com\/index.php\/wp-json\/wp\/v2\/media\/185118"}],"wp:attachment":[{"href":"http:\/\/www.tvturk.com\/index.php\/wp-json\/wp\/v2\/media?parent=185117"}],"wp:term":[{"taxonomy":"category","embeddable":true,"href":"http:\/\/www.tvturk.com\/index.php\/wp-json\/wp\/v2\/categories?post=185117"},{"taxonomy":"post_tag","embeddable":true,"href":"http:\/\/www.tvturk.com\/index.php\/wp-json\/wp\/v2\/tags?post=185117"}],"curies":[{"name":"wp","href":"https:\/\/api.w.org\/{rel}","templated":true}]}}