{"id":185127,"date":"2019-07-22T16:02:23","date_gmt":"2019-07-22T13:02:23","guid":{"rendered":"http:\/\/www.tvturk.com\/index.php\/gazeteciye-uzaklastirma-cezasi\/"},"modified":"2019-07-22T16:02:23","modified_gmt":"2019-07-22T13:02:23","slug":"gazeteciye-uzaklastirma-cezasi","status":"publish","type":"post","link":"http:\/\/www.tvturk.com\/index.php\/gazeteciye-uzaklastirma-cezasi\/","title":{"rendered":"Gazeteciye uzakla\u015ft\u0131rma cezas\u0131"},"content":{"rendered":"<p>Ad\u0131yaman\u2019da bir gazeteci yapt\u0131\u011f\u0131 haberden dolay\u0131 ilgin\u00e7 bir ceza ald\u0131. Gazeteciye Ad\u0131yaman Aile Mahkemesi \u2018uzakla\u015ft\u0131rma\u2019 cezas\u0131 verdi.<\/p>\n<p>Ad\u0131yaman\u2019da haftal\u0131k olarak yay\u0131n yapan \u015eehirde Bu Hafta Gazetesinin sahibi Ferhat Vural, gazetenin internet sitesinde herhangi bir isim ve adres vermeden, masaj salonlar\u0131 ve fuhu\u015f tuza\u011f\u0131 ile ilgili aileleri uyaran bir haber yapt\u0131.<\/p>\n<p>Haberin ard\u0131ndan gazetenin bulundu\u011fu binada faaliyet g\u00f6steren masaj salonu i\u015fletmecisi Ferhat Vural hakk\u0131nda su\u00e7 duyurusunda bulundu. Polise ifade veren Gazeteci Ferhat Vural\u2019a, Ad\u0131yaman Aile Mahkemesi 1 ay \u2018uzakla\u015ft\u0131rma\u2019 cezas\u0131 verdi. Polisin tedbir karar\u0131n\u0131 Aile Mahkemesi onaylad\u0131. Bu ilgin\u00e7 karar\u0131n\u0131n ard\u0131ndan Gazeteci Ferhat Vural, \u015fa\u015fk\u0131nl\u0131\u011f\u0131 gizleyemedi. Gazetecinin b\u00fcrosu ile masaj salonunun ayn\u0131 binada olmas\u0131 nedeniyle Gazeteci Ferhat Vural, ne yapaca\u011f\u0131n\u0131 \u015fa\u015f\u0131rd\u0131.<\/p>\n<p>Ferhat Vural, sosyal medya takip\u00e7ilerin mesaj\u0131 ile aileleri uyaran bir haber yapt\u0131klar\u0131n\u0131 dile getirerek, \u201cT\u00fcrkiye genelinde masaj salonlar\u0131yla ilgili bir \u00e7ok ahlaki olmayan konularda haber yap\u0131ld\u0131. Bizde aileleri uyarmak maksad\u0131yla bir haber yapt\u0131k. Bu haberi yaparken herhangi bir isim ve adres vermeden haber yapt\u0131k.<\/p>\n<p>Daha sonra bize su\u00e7 duyurusunda bulunarak \u015fikayet etmi\u015fler. \u015eikayet sonras\u0131nda mahkeme bize uzakla\u015ft\u0131rma cezas\u0131 vermi\u015f. Ben bu karar\u0131 anlamakta g\u00fc\u00e7l\u00fck \u00e7ekiyorum. Ben bu habere konu olan ki\u015finin kocas\u0131 de\u011filim, dostu yada postu de\u011filim. Herhangi bir tart\u0131\u015fma ve \u015fiddet olay\u0131 aram\u0131zda ge\u00e7medi. Herhangi bir tehdit konusu da olmad\u0131.<\/p>\n<p>Mahkemenin bu karar\u0131 vermesi \u00e7ok \u00fcz\u00fcc\u00fcd\u00fcr. \u00c7\u00fcnk\u00fc ayn\u0131 binaday\u0131z. Benim b\u00fcrom burada. Ben \u015fimdi b\u00fcroma giremeyecek miyim? Haber yapamayacak m\u0131y\u0131m? Avukat\u0131mla g\u00f6r\u00fc\u015ferek bu karara itirazda bulunaca\u011f\u0131m\u201d dedi.<\/p>\n<p>Gazeteciyle mahkemelik olan masaj salonunun ruhsats\u0131z oldu\u011fu i\u00e7in zab\u0131ta ekipleri taraf\u0131ndan kapat\u0131ld\u0131\u011f\u0131 \u00f6\u011frenildi.<\/p>\n","protected":false},"excerpt":{"rendered":"<p>ADIYAMAN\u2019DA B\u0130R GAZETEC\u0130 YAPTI\u011eI HABERDEN DOLAYI \u0130LG\u0130N\u00c7 B\u0130R CEZA ALDI. GAZETEC\u0130YE ADIYAMAN A\u0130LE MAHKEMES\u0130 \u2018UZAKLA\u015eTIRMA\u2019 CEZASI VERD\u0130.<\/p>\n","protected":false},"author":1,"featured_media":185128,"comment_status":"closed","ping_status":"open","sticky":false,"template":"","format":"standard","meta":{"jetpack_post_was_ever_published":false,"_jetpack_newsletter_access":"","_jetpack_dont_email_post_to_subs":false,"_jetpack_newsletter_tier_id":0,"_jetpack_memberships_contains_paywalled_content":false,"_jetpack_memberships_contains_paid_content":false,"footnotes":"","jetpack_publicize_message":"","jetpack_publicize_feature_enabled":true,"jetpack_social_post_already_shared":true,"jetpack_social_options":{"image_generator_settings":{"template":"highway","default_image_id":0,"font":"","enabled":false},"version":2}},"categories":[1],"tags":[1205,17476,35525],"class_list":["post-185127","post","type-post","status-publish","format-standard","has-post-thumbnail","hentry","category-genel","tag-cezasi","tag-gazeteciye","tag-uzaklastirma"],"jetpack_publicize_connections":[],"jetpack_featured_media_url":"https:\/\/i0.wp.com\/www.tvturk.com\/wp-content\/uploads\/2019\/07\/gazeteciye-uzaklastirma-cezasi_8270ffd.jpg?fit=1000%2C666","jetpack_sharing_enabled":true,"jetpack_shortlink":"https:\/\/wp.me\/paKIfm-M9V","_links":{"self":[{"href":"http:\/\/www.tvturk.com\/index.php\/wp-json\/wp\/v2\/posts\/185127","targetHints":{"allow":["GET"]}}],"collection":[{"href":"http:\/\/www.tvturk.com\/index.php\/wp-json\/wp\/v2\/posts"}],"about":[{"href":"http:\/\/www.tvturk.com\/index.php\/wp-json\/wp\/v2\/types\/post"}],"author":[{"embeddable":true,"href":"http:\/\/www.tvturk.com\/index.php\/wp-json\/wp\/v2\/users\/1"}],"replies":[{"embeddable":true,"href":"http:\/\/www.tvturk.com\/index.php\/wp-json\/wp\/v2\/comments?post=185127"}],"version-history":[{"count":0,"href":"http:\/\/www.tvturk.com\/index.php\/wp-json\/wp\/v2\/posts\/185127\/revisions"}],"wp:featuredmedia":[{"embeddable":true,"href":"http:\/\/www.tvturk.com\/index.php\/wp-json\/wp\/v2\/media\/185128"}],"wp:attachment":[{"href":"http:\/\/www.tvturk.com\/index.php\/wp-json\/wp\/v2\/media?parent=185127"}],"wp:term":[{"taxonomy":"category","embeddable":true,"href":"http:\/\/www.tvturk.com\/index.php\/wp-json\/wp\/v2\/categories?post=185127"},{"taxonomy":"post_tag","embeddable":true,"href":"http:\/\/www.tvturk.com\/index.php\/wp-json\/wp\/v2\/tags?post=185127"}],"curies":[{"name":"wp","href":"https:\/\/api.w.org\/{rel}","templated":true}]}}