{"id":185129,"date":"2019-07-22T16:03:23","date_gmt":"2019-07-22T13:03:23","guid":{"rendered":"http:\/\/www.tvturk.com\/index.php\/denizlide-yaz-konserleri-heyecani-devam-ediyor\/"},"modified":"2019-07-22T16:03:23","modified_gmt":"2019-07-22T13:03:23","slug":"denizlide-yaz-konserleri-heyecani-devam-ediyor","status":"publish","type":"post","link":"http:\/\/www.tvturk.com\/index.php\/denizlide-yaz-konserleri-heyecani-devam-ediyor\/","title":{"rendered":"Denizli\u2019de yaz konserleri heyecan\u0131 devam ediyor"},"content":{"rendered":"<p>Denizli B\u00fcy\u00fck\u015fehir Belediyesi taraf\u0131ndan \u0130ncilip\u0131nar ve Adalet Park\u0131\u2019nda organize edilen \u2018Yaz Konserleri\u2019nde birbirinden de\u011ferli m\u00fczisyen ve sanat\u00e7\u0131lar Denizlililerle bulu\u015fmaya devam ediyor. Co\u015fkunun tavan yapt\u0131\u011f\u0131 konserlerde kat\u0131l\u0131mc\u0131lar\u0131 unutulmaz geceler ya\u015f\u0131yor.<\/p>\n<p>Yaz konserlerinin hafta sonu program\u0131 kapsam\u0131nda Denizli B\u00fcy\u00fck\u015fehir Belediyesi Konservatuar sanat\u00e7\u0131s\u0131 I\u015f\u0131l Ko\u00e7, \u0130ncilip\u0131nar ve Adalet Park\u0131\u2019nda m\u00fczik severlerle bulu\u015ftu. Halk\u0131n yo\u011fun ilgi g\u00f6sterdi\u011fi konserlere Denizli B\u00fcy\u00fck\u015fehir Belediyesi K\u00fclt\u00fcr Turizm Tan\u0131t\u0131m Dairesi Ba\u015fkan\u0131 H\u00fcdaverdi Otakl\u0131 ve \u00e7ok say\u0131da vatanda\u015f kat\u0131ld\u0131. I\u015f\u0131l Ko\u00e7\u2019un birbirinden g\u00fczel eserleri seslendirdi\u011fi konsere gelenlerin \u00e7ok e\u011flenip \u015fark\u0131lara e\u015flik etti\u011fi g\u00f6zlemlendi. T\u00fcrk halk ve T\u00fcrk pop m\u00fczik eserlerinin seslendirildi\u011fi konser b\u00fcy\u00fck ilgi toplarken izleyiciler de \u015fark\u0131lara e\u015flik etti.<\/p>\n<p>Denizli B\u00fcy\u00fck\u015fehir Belediyesi K\u00fclt\u00fcr Turizm Tan\u0131t\u0131m Dairesi Ba\u015fkan\u0131 H\u00fcdaverdi Otakl\u0131, Temmuz ay\u0131nda ba\u015flayan yaz konserlerinin b\u00fcy\u00fck bir ilgi g\u00f6rd\u00fc\u011f\u00fcn\u00fc belirtti. Otakl\u0131, \u201c3 A\u011fustos\u2019a dek birbirinden de\u011ferli isimler Denizlililerle bulu\u015fmaya devam edecek\u201d \u015feklinde konu\u015ftu.<\/p>\n<p>\u00d6te yandan, konserlerin sonunda Otakl\u0131 kat\u0131l\u0131mc\u0131lara g\u00fcn\u00fcn an\u0131s\u0131na plakette verdi.<\/p>\n","protected":false},"excerpt":{"rendered":"<p>DEN\u0130ZL\u0130 B\u00dcY\u00dcK\u015eEH\u0130R BELED\u0130YES\u0130 TARAFINDAN \u0130NC\u0130L\u0130PINAR VE ADALET PARKI&#8217;NDA ORGAN\u0130ZE ED\u0130LEN \u2018YAZ KONSERLER\u0130\u2019NDE B\u0130RB\u0130R\u0130NDEN DE\u011eERL\u0130 M\u00dcZ\u0130SYEN VE SANAT\u00c7ILAR DEN\u0130ZL\u0130L\u0130LERLE BULU\u015eMAYA DEVAM ED\u0130YOR. CO\u015eKUNUN TAVAN YAPTI\u011eI KONSERLERDE KATILIMCILARI UNUTULMAZ GECELER YA\u015eIYOR.<\/p>\n","protected":false},"author":1,"featured_media":185130,"comment_status":"closed","ping_status":"open","sticky":false,"template":"","format":"standard","meta":{"jetpack_post_was_ever_published":false,"_jetpack_newsletter_access":"","_jetpack_dont_email_post_to_subs":false,"_jetpack_newsletter_tier_id":0,"_jetpack_memberships_contains_paywalled_content":false,"_jetpack_memberships_contains_paid_content":false,"footnotes":"","jetpack_publicize_message":"","jetpack_publicize_feature_enabled":true,"jetpack_social_post_already_shared":true,"jetpack_social_options":{"image_generator_settings":{"template":"highway","default_image_id":0,"font":"","enabled":false},"version":2}},"categories":[656],"tags":[188,522,523,1179,41771,183],"class_list":["post-185129","post","type-post","status-publish","format-standard","has-post-thumbnail","hentry","category-kultur-sanat","tag-denizlide","tag-devam","tag-ediyor","tag-heyecani","tag-konserleri","tag-yaz"],"jetpack_publicize_connections":[],"jetpack_featured_media_url":"https:\/\/i0.wp.com\/www.tvturk.com\/wp-content\/uploads\/2019\/07\/denizlide-yaz-konserleri-heyecani-devam-ediyor_ba68236.jpg?fit=1000%2C666","jetpack_sharing_enabled":true,"jetpack_shortlink":"https:\/\/wp.me\/paKIfm-M9X","_links":{"self":[{"href":"http:\/\/www.tvturk.com\/index.php\/wp-json\/wp\/v2\/posts\/185129","targetHints":{"allow":["GET"]}}],"collection":[{"href":"http:\/\/www.tvturk.com\/index.php\/wp-json\/wp\/v2\/posts"}],"about":[{"href":"http:\/\/www.tvturk.com\/index.php\/wp-json\/wp\/v2\/types\/post"}],"author":[{"embeddable":true,"href":"http:\/\/www.tvturk.com\/index.php\/wp-json\/wp\/v2\/users\/1"}],"replies":[{"embeddable":true,"href":"http:\/\/www.tvturk.com\/index.php\/wp-json\/wp\/v2\/comments?post=185129"}],"version-history":[{"count":0,"href":"http:\/\/www.tvturk.com\/index.php\/wp-json\/wp\/v2\/posts\/185129\/revisions"}],"wp:featuredmedia":[{"embeddable":true,"href":"http:\/\/www.tvturk.com\/index.php\/wp-json\/wp\/v2\/media\/185130"}],"wp:attachment":[{"href":"http:\/\/www.tvturk.com\/index.php\/wp-json\/wp\/v2\/media?parent=185129"}],"wp:term":[{"taxonomy":"category","embeddable":true,"href":"http:\/\/www.tvturk.com\/index.php\/wp-json\/wp\/v2\/categories?post=185129"},{"taxonomy":"post_tag","embeddable":true,"href":"http:\/\/www.tvturk.com\/index.php\/wp-json\/wp\/v2\/tags?post=185129"}],"curies":[{"name":"wp","href":"https:\/\/api.w.org\/{rel}","templated":true}]}}