{"id":185193,"date":"2019-07-22T17:32:01","date_gmt":"2019-07-22T14:32:01","guid":{"rendered":"http:\/\/www.tvturk.com\/index.php\/yunan-savas-gemisi-yine-fuzeler-acik-vaziyette-gecti\/"},"modified":"2019-07-22T17:32:01","modified_gmt":"2019-07-22T14:32:01","slug":"yunan-savas-gemisi-yine-fuzeler-acik-vaziyette-gecti","status":"publish","type":"post","link":"http:\/\/www.tvturk.com\/index.php\/yunan-savas-gemisi-yine-fuzeler-acik-vaziyette-gecti\/","title":{"rendered":"Yunan sava\u015f gemisi yine f\u00fczeler a\u00e7\u0131k vaziyette ge\u00e7ti"},"content":{"rendered":"<p>Yunan sava\u015f gemisinin \u00c7anakkale Bo\u011faz\u0131\u2019ndan ge\u00e7erken a\u00e7\u0131k vaziyetteki f\u00fczeleri dikkatlerden ka\u00e7mad\u0131.<\/p>\n<p>Yunanistan Donanmas\u0131\u2019na ait P 70 borda numaral\u0131 h\u0131zl\u0131 sald\u0131r\u0131 f\u00fcze gemisi \u00c7anakkale Bo\u011faz\u2019\u0131ndan ge\u00e7ti. Marmara Denizi\u2019nden \u00c7anakkale Bo\u011faz\u0131\u2019na sahil g\u00fcvenlik botu refakatinde giren sava\u015f gemisinin \u00fczerinde bulunan rampalardaki f\u00fczeler dikkati \u00e7ekti. 36 millik \u00c7anakkale Bo\u011faz\u0131 ge\u00e7i\u015fini tamamlayan sava\u015f gemisi Ege Denizi\u2019ne do\u011fru yol ald\u0131.<\/p>\n","protected":false},"excerpt":{"rendered":"<p>\u00c7ANAKKALE BO\u011eAZI&#8217;NDAN GE\u00c7EN YUNAN SAVA\u015e GEM\u0130S\u0130N\u0130N BO\u011eAZINDAN GE\u00c7ERKEN A\u00c7IK VAZ\u0130YETTEK\u0130 F\u00dcZELER\u0130 D\u0130KKATTEN KA\u00c7MADI<\/p>\n","protected":false},"author":1,"featured_media":185194,"comment_status":"closed","ping_status":"open","sticky":false,"template":"","format":"standard","meta":{"jetpack_post_was_ever_published":false,"_jetpack_newsletter_access":"","_jetpack_dont_email_post_to_subs":false,"_jetpack_newsletter_tier_id":0,"_jetpack_memberships_contains_paywalled_content":false,"_jetpack_memberships_contains_paid_content":false,"footnotes":"","jetpack_publicize_message":"","jetpack_publicize_feature_enabled":true,"jetpack_social_post_already_shared":true,"jetpack_social_options":{"image_generator_settings":{"template":"highway","default_image_id":0,"font":"","enabled":false},"version":2}},"categories":[1],"tags":[9804,45905,1512,13908,160,18512,3860,10036],"class_list":["post-185193","post","type-post","status-publish","format-standard","has-post-thumbnail","hentry","category-genel","tag-acik","tag-fuzeler","tag-gecti","tag-gemisi","tag-savas","tag-vaziyette","tag-yine","tag-yunan"],"jetpack_publicize_connections":[],"jetpack_featured_media_url":"https:\/\/i0.wp.com\/www.tvturk.com\/wp-content\/uploads\/2019\/07\/yunan-savas-gemisi-yine-fuzeler-acik-vaziyette-gecti_af64350.jpg?fit=1000%2C562","jetpack_sharing_enabled":true,"jetpack_shortlink":"https:\/\/wp.me\/paKIfm-MaZ","_links":{"self":[{"href":"http:\/\/www.tvturk.com\/index.php\/wp-json\/wp\/v2\/posts\/185193","targetHints":{"allow":["GET"]}}],"collection":[{"href":"http:\/\/www.tvturk.com\/index.php\/wp-json\/wp\/v2\/posts"}],"about":[{"href":"http:\/\/www.tvturk.com\/index.php\/wp-json\/wp\/v2\/types\/post"}],"author":[{"embeddable":true,"href":"http:\/\/www.tvturk.com\/index.php\/wp-json\/wp\/v2\/users\/1"}],"replies":[{"embeddable":true,"href":"http:\/\/www.tvturk.com\/index.php\/wp-json\/wp\/v2\/comments?post=185193"}],"version-history":[{"count":0,"href":"http:\/\/www.tvturk.com\/index.php\/wp-json\/wp\/v2\/posts\/185193\/revisions"}],"wp:featuredmedia":[{"embeddable":true,"href":"http:\/\/www.tvturk.com\/index.php\/wp-json\/wp\/v2\/media\/185194"}],"wp:attachment":[{"href":"http:\/\/www.tvturk.com\/index.php\/wp-json\/wp\/v2\/media?parent=185193"}],"wp:term":[{"taxonomy":"category","embeddable":true,"href":"http:\/\/www.tvturk.com\/index.php\/wp-json\/wp\/v2\/categories?post=185193"},{"taxonomy":"post_tag","embeddable":true,"href":"http:\/\/www.tvturk.com\/index.php\/wp-json\/wp\/v2\/tags?post=185193"}],"curies":[{"name":"wp","href":"https:\/\/api.w.org\/{rel}","templated":true}]}}