{"id":185203,"date":"2019-07-22T18:01:25","date_gmt":"2019-07-22T15:01:25","guid":{"rendered":"http:\/\/www.tvturk.com\/index.php\/papadan-esada-mektup\/"},"modified":"2019-07-22T18:01:25","modified_gmt":"2019-07-22T15:01:25","slug":"papadan-esada-mektup","status":"publish","type":"post","link":"http:\/\/www.tvturk.com\/index.php\/papadan-esada-mektup\/","title":{"rendered":"Papa\u2019dan Esad\u2019a mektup"},"content":{"rendered":"<p>Papa Francis, Suriye Devlet Ba\u015fkan\u0131 Be\u015f\u015far Esad\u2019a bir mektup g\u00f6ndererek sivillerin hayat\u0131n\u0131 korumas\u0131n\u0131 istedi. Katolik lider, \u0130dlib\u2019deki \u00fcz\u00fcc\u00fc ko\u015fullar konusundaki endi\u015felerini dile getirerek uzla\u015fma y\u00f6n\u00fcnde hamleler yapma \u00e7a\u011fr\u0131s\u0131nda bulundu.<\/p>\n<p>Papa Francis, Suriye Devlet Ba\u015fkan\u0131 Be\u015f\u015far Esad\u2019a bir mektup yazd\u0131. Son bombalamalardan sonra Suriye\u2019deki sivillerin hayatlar\u0131n\u0131 korumak ve uzla\u015fma i\u00e7in \u00f6nemli hamleler yapmaya \u00e7a\u011f\u0131rd\u0131. Vatikan Bas\u0131n Ofisinin yeni m\u00fcd\u00fcr\u00fc Matteo Bruni, mektubun \u0130nsani Geli\u015fme Hizmeti\u2019nin y\u00f6neticisi Kardinal Peter Kodwo Appiah Turkson ve Suriye\u2019deki Katoliklerin lideri Kardinal Mario Zenari taraf\u0131ndan Esad\u2019a sunuldu\u011funu s\u00f6yledi.<\/p>\n<p>\u201cSivil noktalar\u0131 hedef almay\u0131n\u201d uyar\u0131s\u0131<\/p>\n<p>Papa Francis\u2019in mektubunda, Suriye\u2019deki insanl\u0131k d\u0131\u015f\u0131 durum ve \u00f6zellikle \u0130dlib\u2019deki sivil n\u00fcfusun dramatik ya\u015fam \u015fartlar\u0131 hakk\u0131ndaki derin endi\u015felerini payla\u015ft\u0131\u011f\u0131 bildirildi. Vatikan Devlet Bakan\u0131 Pietro Parolin medyaya Papa\u2019n\u0131n g\u00f6nderdi\u011fi mektubun ayr\u0131nt\u0131lar\u0131n\u0131, \u201cSivillerin hayatlar\u0131n\u0131n korunmas\u0131n\u0131n yan\u0131 s\u0131ra okullar, hastaneler ve sa\u011fl\u0131k merkezlerinin hedeften \u00e7\u0131kar\u0131lmas\u0131 konusunda ricac\u0131 olundu\u201d \u015feklinde a\u00e7\u0131klad\u0131. Mektupta Papa Francis\u2019in ayr\u0131ca, Esad\u2019a, \u201cUzla\u015fma s\u00fcrecinde acil olarak \u00f6nemli hamleler yap\u0131n. S\u00fcrg\u00fcnlerin ve \u00fclke i\u00e7inde yerlerinden edilmi\u015f ki\u015filerin g\u00fcvenli bir \u015fekilde geri d\u00f6nmesini sa\u011flay\u0131n. Bu konuda somut ad\u0131mla at\u0131n\u201d \u00e7a\u011fr\u0131s\u0131nda bulundu\u011fu a\u00e7\u0131kland\u0131.<\/p>\n<p>Vatikan Devlet Bakan\u0131 Parolin, \u201cSuriye\u2019de olanlar insanl\u0131k d\u0131\u015f\u0131 ve kabul edilemez\u201d dedi. Ayr\u0131ca Parolin, Papa\u2019n\u0131n mektubunun amac\u0131n\u0131n siyasi olmad\u0131\u011f\u0131n\u0131 ve sadece insanc\u0131l bir i\u00e7erik ta\u015f\u0131d\u0131\u011f\u0131n\u0131 da kaydetti.<\/p>\n","protected":false},"excerpt":{"rendered":"<p>\u0130NSAN\u0130 GEL\u0130\u015eME H\u0130ZMET\u0130\u2019N\u0130N Y\u00d6NET\u0130C\u0130S\u0130 KARD\u0130NAL PETER KODWO APP\u0130AH TURKSON VE SUR\u0130YE&#8217;DEK\u0130 KATOL\u0130KLER\u0130N BA\u015eI KARD\u0130NAL MAR\u0130O ZENAR\u0130 PAPA&#8217;NIN MEKTUBUNU BE\u015e\u015eAR ESED&#8217;E TESL\u0130M ETT\u0130.<\/p>\n","protected":false},"author":1,"featured_media":185204,"comment_status":"closed","ping_status":"open","sticky":false,"template":"","format":"standard","meta":{"jetpack_post_was_ever_published":false,"_jetpack_newsletter_access":"","_jetpack_dont_email_post_to_subs":false,"_jetpack_newsletter_tier_id":0,"_jetpack_memberships_contains_paywalled_content":false,"_jetpack_memberships_contains_paid_content":false,"footnotes":"","jetpack_publicize_message":"","jetpack_publicize_feature_enabled":true,"jetpack_social_post_already_shared":true,"jetpack_social_options":{"image_generator_settings":{"template":"highway","default_image_id":0,"font":"","enabled":false},"version":2}},"categories":[10],"tags":[45910,1125,45909],"class_list":["post-185203","post","type-post","status-publish","format-standard","has-post-thumbnail","hentry","category-dunya","tag-esada","tag-mektup","tag-papadan"],"jetpack_publicize_connections":[],"jetpack_featured_media_url":"https:\/\/i0.wp.com\/www.tvturk.com\/wp-content\/uploads\/2019\/07\/papadan-esada-mektup_1928425.jpg?fit=1000%2C538","jetpack_sharing_enabled":true,"jetpack_shortlink":"https:\/\/wp.me\/paKIfm-Mb9","_links":{"self":[{"href":"http:\/\/www.tvturk.com\/index.php\/wp-json\/wp\/v2\/posts\/185203","targetHints":{"allow":["GET"]}}],"collection":[{"href":"http:\/\/www.tvturk.com\/index.php\/wp-json\/wp\/v2\/posts"}],"about":[{"href":"http:\/\/www.tvturk.com\/index.php\/wp-json\/wp\/v2\/types\/post"}],"author":[{"embeddable":true,"href":"http:\/\/www.tvturk.com\/index.php\/wp-json\/wp\/v2\/users\/1"}],"replies":[{"embeddable":true,"href":"http:\/\/www.tvturk.com\/index.php\/wp-json\/wp\/v2\/comments?post=185203"}],"version-history":[{"count":0,"href":"http:\/\/www.tvturk.com\/index.php\/wp-json\/wp\/v2\/posts\/185203\/revisions"}],"wp:featuredmedia":[{"embeddable":true,"href":"http:\/\/www.tvturk.com\/index.php\/wp-json\/wp\/v2\/media\/185204"}],"wp:attachment":[{"href":"http:\/\/www.tvturk.com\/index.php\/wp-json\/wp\/v2\/media?parent=185203"}],"wp:term":[{"taxonomy":"category","embeddable":true,"href":"http:\/\/www.tvturk.com\/index.php\/wp-json\/wp\/v2\/categories?post=185203"},{"taxonomy":"post_tag","embeddable":true,"href":"http:\/\/www.tvturk.com\/index.php\/wp-json\/wp\/v2\/tags?post=185203"}],"curies":[{"name":"wp","href":"https:\/\/api.w.org\/{rel}","templated":true}]}}