{"id":185209,"date":"2019-07-22T18:17:19","date_gmt":"2019-07-22T15:17:19","guid":{"rendered":"http:\/\/www.tvturk.com\/index.php\/yalcin-kilinc-3-yilligina-samsunsporda\/"},"modified":"2019-07-22T18:17:19","modified_gmt":"2019-07-22T15:17:19","slug":"yalcin-kilinc-3-yilligina-samsunsporda","status":"publish","type":"post","link":"http:\/\/www.tvturk.com\/index.php\/yalcin-kilinc-3-yilligina-samsunsporda\/","title":{"rendered":"Yal\u00e7\u0131n K\u0131l\u0131n\u00e7, 3 y\u0131ll\u0131\u011f\u0131na Samsunspor\u2019da"},"content":{"rendered":"<p>SAMSUN (\u0130HA) \u2013 TFF 2. Lig ekiplerinden Samsunspor, Gazi\u015fehir Gaziantep Futbol Kul\u00fcb\u00fc\u2019nde forma giyen Yal\u00e7\u0131n K\u0131l\u0131n\u00e7 ile 3 y\u0131ll\u0131k s\u00f6zle\u015fme imzalad\u0131.<\/p>\n<p>Haz\u0131rl\u0131klar\u0131n\u0131 Bolu\u2019da s\u00fcrd\u00fcren Samsunspor, savunmaya takviye yapt\u0131. Ge\u00e7en sezon Gazi\u015fehir Gaziantep Futbol Kul\u00fcb\u00fc\u2019nde forma giyen Yal\u00e7\u0131n K\u0131l\u0131n\u00e7 i\u00e7in Bolu kamp\u0131nda imza t\u00f6reni d\u00fczenlendi. Genel Menajer Mustafa Aztopal ve Teknik Menajer Y\u00fccel Uyar\u2019\u0131n yer ald\u0131\u011f\u0131 imza t\u00f6reninde K\u0131l\u0131n\u00e7, 3 y\u0131ll\u0131k s\u00f6zle\u015fmeyi imzalad\u0131.<\/p>\n<p>\u201cBizim ad\u0131m\u0131za keyifli bir g\u00fcn\u201d<\/p>\n<p>\u0130mza t\u00f6reninde konu\u015fan Genel Menajer Aztopal, transfer d\u00f6neminin 7. imzas\u0131n\u0131 att\u0131klar\u0131n\u0131 belirterek, \u201cKadromuza uzun s\u00fcredir katmay\u0131 d\u00fc\u015f\u00fcnd\u00fc\u011f\u00fcm\u00fcz g\u00fc\u00e7l\u00fc, lider yap\u0131da, \u015fampiyonluklar ya\u015fam\u0131\u015f bir oyuncuyla imza atmaktan son derece mutluyuz. Bug\u00fcn Yal\u00e7\u0131n K\u0131l\u0131n\u00e7 karde\u015fimizle 3 y\u0131ll\u0131k bir s\u00f6zle\u015fme imzal\u0131yoruz. Kendisi hem bu ligde hem de bir \u00fcst ligde \u015fampiyonluklar ya\u015fam\u0131\u015f lider bir oyuncu. \u00c7ok farkl\u0131 kul\u00fcplerden kendisine talep geldi\u011fini biliyoruz. Fakat o bu a\u015famada Samsunspor ile yollar\u0131n\u0131 birle\u015ftirmek istedi. Bug\u00fcn bizim ad\u0131m\u0131za keyifli bir g\u00fcn. Hocam\u0131z\u0131n da bizlerin de \u00e7ok istedi\u011fi bir oyuncu. Keyifli ve mutlu bir g\u00fcn ya\u015f\u0131yoruz\u201d dedi.<\/p>\n<p>\u201c\u015eampiyonluk yolunda bize \u00e7ok katk\u0131 sa\u011flayaca\u011f\u0131na inan\u0131yorum\u201d<\/p>\n<p>Teknik Menajer Uyar ise, \u00f6nemli bir oyuncuyu kadrolar\u0131na katt\u0131klar\u0131n\u0131 ifade ederek, \u201c\u015eampiyonluk yolunda bize \u00e7ok katk\u0131 sa\u011flayaca\u011f\u0131na inan\u0131yorum. Daha \u00f6nce ya\u015fad\u0131\u011f\u0131 \u015fampiyonluklar\u0131 burada seri \u015fekilde ya\u015fayaca\u011f\u0131na inan\u0131yoruz. T\u00fcm Samsunspor camias\u0131na hay\u0131rl\u0131 olsun\u201d diye konu\u015ftu.<\/p>\n<p>\u201cSamsunspor\u2019u lay\u0131k oldu\u011fu S\u00fcper Lige ta\u015f\u0131yaca\u011f\u0131z\u201d<\/p>\n<p>Yal\u00e7\u0131n K\u0131l\u0131n\u00e7 da, Samsunspor\u2019da olmaktan \u00e7ok mutlu oldu\u011funu kaydederek, \u201cGer\u00e7ekten istendi\u011fimin fark\u0131nday\u0131m. O da beni motive ediyor. \u0130n\u015fallah biz de elimizden geleni yapaca\u011f\u0131z ve Samsunspor\u2019u lay\u0131k oldu\u011fu yere ta\u015f\u0131yaca\u011f\u0131z. Samsunspor daha iyi yerleri hak ediyor. Taraftar\u0131m\u0131z her zaman yan\u0131m\u0131zda olsun. Taraftar\u0131n g\u00fcc\u00fc camian\u0131n g\u00fcc\u00fcd\u00fcr. Onlar trib\u00fcnleri doldursun, biz de onlara lay\u0131k oyuncular olmaya \u00e7al\u0131\u015faca\u011f\u0131z. Samsunspor\u2019u lay\u0131k oldu\u011fu S\u00fcper Lig\u2019e ta\u015f\u0131yaca\u011f\u0131z\u201d \u015feklinde konu\u015ftu.<\/p>\n","protected":false},"excerpt":{"rendered":"<p>TFF 2. L\u0130G EK\u0130PLER\u0130NDEN SAMSUNSPOR KUL\u00dcB\u00dc, GAZ\u0130\u015eEH\u0130R GAZ\u0130ANTEP FUTBOL KUL\u00dcB\u00dc\u2019NDE FORMA G\u0130YEN YAL\u00c7IN KILIN\u00c7 \u0130LE 3 YILLIK S\u00d6ZLE\u015eME \u0130MZALADI.<\/p>\n","protected":false},"author":1,"featured_media":185210,"comment_status":"closed","ping_status":"open","sticky":false,"template":"","format":"standard","meta":{"jetpack_post_was_ever_published":false,"_jetpack_newsletter_access":"","_jetpack_dont_email_post_to_subs":false,"_jetpack_newsletter_tier_id":0,"_jetpack_memberships_contains_paywalled_content":false,"_jetpack_memberships_contains_paid_content":false,"footnotes":"","jetpack_publicize_message":"","jetpack_publicize_feature_enabled":true,"jetpack_social_post_already_shared":true,"jetpack_social_options":{"image_generator_settings":{"template":"highway","default_image_id":0,"font":"","enabled":false},"version":2}},"categories":[657],"tags":[12641,37094,4888,12534],"class_list":["post-185209","post","type-post","status-publish","format-standard","has-post-thumbnail","hentry","category-spor","tag-kilinc","tag-samsunsporda","tag-yalcin","tag-yilligina"],"jetpack_publicize_connections":[],"jetpack_featured_media_url":"https:\/\/i0.wp.com\/www.tvturk.com\/wp-content\/uploads\/2019\/07\/yalcin-kilinc-3-yilligina-samsunsporda_385eb67.jpg?fit=1000%2C666","jetpack_sharing_enabled":true,"jetpack_shortlink":"https:\/\/wp.me\/paKIfm-Mbf","_links":{"self":[{"href":"http:\/\/www.tvturk.com\/index.php\/wp-json\/wp\/v2\/posts\/185209","targetHints":{"allow":["GET"]}}],"collection":[{"href":"http:\/\/www.tvturk.com\/index.php\/wp-json\/wp\/v2\/posts"}],"about":[{"href":"http:\/\/www.tvturk.com\/index.php\/wp-json\/wp\/v2\/types\/post"}],"author":[{"embeddable":true,"href":"http:\/\/www.tvturk.com\/index.php\/wp-json\/wp\/v2\/users\/1"}],"replies":[{"embeddable":true,"href":"http:\/\/www.tvturk.com\/index.php\/wp-json\/wp\/v2\/comments?post=185209"}],"version-history":[{"count":0,"href":"http:\/\/www.tvturk.com\/index.php\/wp-json\/wp\/v2\/posts\/185209\/revisions"}],"wp:featuredmedia":[{"embeddable":true,"href":"http:\/\/www.tvturk.com\/index.php\/wp-json\/wp\/v2\/media\/185210"}],"wp:attachment":[{"href":"http:\/\/www.tvturk.com\/index.php\/wp-json\/wp\/v2\/media?parent=185209"}],"wp:term":[{"taxonomy":"category","embeddable":true,"href":"http:\/\/www.tvturk.com\/index.php\/wp-json\/wp\/v2\/categories?post=185209"},{"taxonomy":"post_tag","embeddable":true,"href":"http:\/\/www.tvturk.com\/index.php\/wp-json\/wp\/v2\/tags?post=185209"}],"curies":[{"name":"wp","href":"https:\/\/api.w.org\/{rel}","templated":true}]}}