{"id":185211,"date":"2019-07-22T18:31:46","date_gmt":"2019-07-22T15:31:46","guid":{"rendered":"http:\/\/www.tvturk.com\/index.php\/cami-tasarimi-fikri-yarismasinin-kazananlari-belli-oldu\/"},"modified":"2019-07-22T18:31:46","modified_gmt":"2019-07-22T15:31:46","slug":"cami-tasarimi-fikri-yarismasinin-kazananlari-belli-oldu","status":"publish","type":"post","link":"http:\/\/www.tvturk.com\/index.php\/cami-tasarimi-fikri-yarismasinin-kazananlari-belli-oldu\/","title":{"rendered":"Cami Tasar\u0131m\u0131 Fikri Yar\u0131\u015fmas\u0131\u2019n\u0131n kazananlar\u0131 belli oldu"},"content":{"rendered":"<p>\u00c7evre ve \u015eehircilik Bakan\u0131 Murat Kurum, camilerin y\u00fczy\u0131llarca ayakta kalacak \u015fekilde tasarlan\u0131p in\u015fa edildi\u011fini belirterek, &#8220;Cumhurba\u015fkan\u0131m\u0131z\u0131n talimat\u0131yla yapt\u0131\u011f\u0131m\u0131z yeni projelerde camiyi merkeze ald\u0131k\u201d dedi.<\/p>\n<p>\u00c7evre ve \u015eehircilik Bakanl\u0131\u011f\u0131, Diyanet \u0130\u015fleri ve \u0130lbank taraf\u0131ndan ortakla\u015fa d\u00fczenlenen \u201cCami Tasar\u0131m\u0131 Fikri Yar\u0131\u015fmas\u0131&#8221;n\u0131n \u00f6d\u00fcl t\u00f6reni \u00c7evre ve \u015eehircilik Bakanl\u0131\u011f\u0131 konferans salonunda ger\u00e7ekle\u015ftirildi. \u00c7evre ve \u015eehircilik Bakan\u0131 Murat Kurum ve Diyanet \u0130\u015fleri Ba\u015fkan\u0131 Prof. Dr. Ali Erba\u015f, \u00f6d\u00fcl t\u00f6reni \u00f6ncesi yar\u0131\u015fmada ba\u015far\u0131 kazanan cami tasar\u0131mlar\u0131 sahiplerinden bilgi ald\u0131. \u0130stiklal Mar\u015f\u0131 ve Kur\u2019an-\u0131 Kerim tilavetinin ard\u0131ndan bir konu\u015fma yapan Bakan Kurum, son y\u0131llarda camilerin \u015fehir merkezlerinden uzakla\u015ft\u0131\u011f\u0131n\u0131 dile getirerek, Cumhurba\u015fkan\u0131 Recep Tayyip Erdo\u011fan\u2019dan ald\u0131klar\u0131 yetkiyle yeni projelerde camilerin \u00e7evresine \u015fehirler in\u015fa edeceklerini belirtti. Kurum, \u201cK\u00fclt\u00fcrleri, medeniyetleri ortak yapan, \u00e7a\u011flar \u00f6tesine ta\u015f\u0131yan en \u00f6nemli etkenlerden birisi de ibadethanelerdir. Bizim medeniyet anlay\u0131\u015f\u0131m\u0131zda evler, ticarethaneler as\u0131rlarca dayanacak \u015fekilde yap\u0131lmam\u0131\u015ft\u0131r. B\u00f6ylece insan\u0131n fanili\u011fi ve \u00f6l\u00fcm hat\u0131rlat\u0131lm\u0131\u015ft\u0131r. Ancak camiler y\u00fczy\u0131llarca ayakta kalacak \u015fekilde tasarlan\u0131p in\u015fa edilmi\u015ftir. \u00c7\u00fcnk\u00fc inan\u00e7 ebedidir ve bu inan\u00e7 da bu topraklarda ebediyete kadar kal\u0131c\u0131d\u0131r. Minareler, \u0130slam beldelerine vurulmu\u015f bir m\u00fch\u00fcrd\u00fcr. Bu anlay\u0131\u015f ile hareket edilir. Camiler sadece namaz k\u0131lma mek\u00e2nlar\u0131 de\u011fildir. \u0130nsanlar\u0131n bulu\u015ftu\u011fu, birlik oldu\u011fu yerlerdir. Ecdad\u0131m\u0131z camileri \u015fehrin merkezine yapm\u0131\u015flard\u0131r. B\u00f6ylece hem inanc\u0131m\u0131z\u0131 hem de birlik duygusunu hayat\u0131n merkezine ta\u015f\u0131m\u0131\u015flar. G\u00fcn\u00fcm\u00fczdeyse camileri \u015fehir planlar\u0131m\u0131z\u0131n merkezine alma noktas\u0131nda ihmallerimiz oldu. Bu s\u00fcre\u00e7te estetikten uzak, mimari \u00f6zelli\u011fi bulunmayan yap\u0131lar ortaya \u00e7\u0131kt\u0131. Son y\u0131llarda ise bu gidi\u015fata dur demek i\u00e7in \u00f6nemli ad\u0131mlar att\u0131k. Cumhurba\u015fkan\u0131m\u0131z\u0131n talimat\u0131yla yapt\u0131\u011f\u0131m\u0131z yeni projelerde camiyi merkeze ald\u0131k. Camilerin etraf\u0131nda \u015fekillenen bir sosyal hayat tasavvur ediyoruz\u201d ifadelerini kulland\u0131.<\/p>\n<p>&#8220;Kentsel d\u00f6n\u00fc\u015f\u00fcm \u00fclkemiz i\u00e7in elzemdir&#8221;<\/p>\n<p>Kentsel d\u00f6n\u00fc\u015f\u00fcm\u00fcn deprem ku\u015fa\u011f\u0131nda olan T\u00fcrkiye i\u00e7in \u00f6nemini vurgulayan Kurum, \u201cKentsel d\u00f6n\u00fc\u015f\u00fcm,  deprem ku\u015fa\u011f\u0131nda olan \u00fclkemiz i\u00e7in elzemdir. Hatta ter\u00f6rle m\u00fccadele kadar \u00f6nemlidir. Kentsel d\u00f6n\u00fc\u015f\u00fcm seferberli\u011fimizi vatanda\u015flar\u0131m\u0131z\u0131n r\u0131zas\u0131n\u0131 alarak, yatay mimariye uygun, kom\u015fuluk ili\u015fkilerini \u00f6nceleyen \u015fekilde ger\u00e7ekle\u015ftirirken, cami merkezli bir d\u00f6n\u00fc\u015f\u00fcm hedefliyoruz. Di\u011feriyse, yeni yerle\u015fim alanlar\u0131n\u0131 cami merkezli in\u015fa etmektir. \u00d6zellikle Ba\u015fak\u015fehir\u2019de bunun uygulamas\u0131n\u0131 \u00e7ok g\u00fczel bir \u015fekilde ger\u00e7ekle\u015ftirdik. T\u00fcrkiye\u2019de 1970 y\u0131l\u0131ndan bug\u00fcne kadar ortalama y\u0131lda 500 ile bin aras\u0131nda cami in\u015fa edilmi\u015ftir. Bu camilerin tamam\u0131n\u0131 dikkate ald\u0131\u011f\u0131m\u0131zda pek \u00e7o\u011funun projesinin olmad\u0131\u011f\u0131, depreme dayan\u0131kl\u0131l\u0131k bak\u0131m\u0131ndan ve di\u011fer a\u00e7\u0131lardan da her birinin \u00e7ok ciddi sorunlar\u0131n\u0131n bulundu\u011funu g\u00f6r\u00fcyoruz. Bize yak\u0131\u015fan, ecdad\u0131m\u0131zdan bize yadig\u00e2r b\u0131rakt\u0131\u011f\u0131 gibi bizim de gelecek ku\u015faklara b\u0131rakaca\u011f\u0131m\u0131z eserler in\u015fa etmektir. Son y\u0131llarda in\u015fa edilen Ahmet Hamdi Akseki Camii ve Melike Hatun Camii bu anlamda gerek mimarisi, gerek \u015fehre katt\u0131\u011f\u0131 de\u011ferle \u00f6rnek te\u015fkil etmektedir. Diyanet \u0130\u015fleri Ba\u015fkanl\u0131\u011f\u0131m\u0131zla i\u015fbirli\u011fi i\u00e7erisinde in\u015fallah daha nice g\u00fczel eserlere imza ataca\u011f\u0131z\u201d \u015feklinde konu\u015ftu.<\/p>\n<p>Bakan Kurum, d\u00fcnyan\u0131n bir\u00e7ok yerinde in\u015fa edilen camilerle \u0130slamofobi ile \u00f6nemli \u00f6l\u00e7\u00fcde m\u00fccadele edildi\u011fini belirterek, \u201cSadece \u00fclkemizde de\u011fil d\u00fcnyan\u0131n pek \u00e7ok k\u00f6\u015fesinde ya\u015fayan M\u00fcsl\u00fcman karde\u015flerimize milletimizin hediye olan camiler in\u015fa ediyoruz. Kazakistan\u2019dan Haiti\u2019ye kadar g\u00f6n\u00fcl co\u011frafyam\u0131z\u0131n hemen her k\u00f6\u015fesinde 130 cami in\u015fa ettiler. Bu camiler, \u00fclkeler aras\u0131ndaki dostlu\u011fu peki\u015ftiren ve T\u00fcrkiye\u2019nin izlerini k\u0131talar \u00f6tesine ta\u015f\u0131yan \u00f6nemli miraslar\u0131m\u0131zd\u0131r. Ge\u00e7en ay G-20 Zirvesi kapsam\u0131ndaki g\u00f6r\u00fc\u015fmeler i\u00e7in gitti\u011fimiz Japonya\u2019daki cami ve k\u00fclt\u00fcr merkezini de ziyaret etme f\u0131rsat\u0131 bulduk. K\u00fclt\u00fcr\u00fcm\u00fcz\u00fcn kilometrelerce uzakl\u0131kta hakk\u0131yla temsil edildi\u011fini g\u00f6rm\u00fc\u015f olmaktan dolay\u0131 gurur duyduk. D\u00fcnya genelinde yapt\u0131rm\u0131\u015f oldu\u011fumuz camilerin d\u00fcnyada bir end\u00fcstri haline gelmi\u015f olan \u0130slamofobi ile m\u00fccadele i\u00e7in de \u00f6nemli bir rol oynad\u0131\u011f\u0131n\u0131 d\u00fc\u015f\u00fcn\u00fcyorum\u201d dedi.<\/p>\n<p>\u201cCamilerimiz sadece ibadet yap\u0131lan alanlar de\u011fildir\u201d<\/p>\n<p>Diyanet \u0130\u015fleri Ba\u015fkan\u0131 Erba\u015f ise, b\u00f6yle bir \u00e7al\u0131\u015fma yap\u0131lmas\u0131ndan duydu\u011fu mutlulu\u011fu dile getirerek, \u201cTarihten g\u00fcn\u00fcm\u00fcze sevginin, bilginin merkezi camiler in\u015fa ederek sanat ve esteti\u011fin sergilendi\u011fi \u015fehirler kurarak, hak ve hukukun, ahlak ve erdemin, kayna\u015fma ve payla\u015fma imkan\u0131 sunan herkesten Allah raz\u0131 olsun. 2018 y\u0131l\u0131 A\u011fustos ay\u0131nda Diyanet \u0130\u015fleri Ba\u015fkanl\u0131\u011f\u0131m\u0131z, \u00c7evre ve \u015eehircilik Bakanl\u0131\u011f\u0131ndan b\u00f6yle bir yar\u0131\u015fma d\u00fczenlenirse iyi olaca\u011f\u0131 konusunda konu\u015fulmu\u015ftu. Bu s\u00fcrecin ba\u015flat\u0131larak tamamlanmas\u0131 bizi ziyadesiyle mutlu etmi\u015ftir. \u0130slam\u2019da hayat\u0131n, \u015fehrin ve medeniyetin merkezinde cami vard\u0131r. Cami bireyin inan\u00e7 d\u00fcnyas\u0131ndan toplumsal meselelere, kulluk ve sorumluluk bilincinin olu\u015fmas\u0131ndan hukukun in\u015fas\u0131na, e\u011fitimden sanata, aileden \u00e7evreyle ili\u015fkiye, hayat\u0131n b\u00fct\u00fcn alanlar\u0131na y\u00f6nelik de\u011ferlerin ruh k\u00f6klerinin birle\u015fti\u011fi alanlard\u0131r camiler. Peygamber Efendimiz daha hicret yolundayken Medine\u2019nin giri\u015findeki yerde yap\u0131m\u0131nda kendi de \u00e7al\u0131\u015farak bir mescit in\u015fa etmi\u015ftir. Mescidi in\u015fa ettikten sonra ilk i\u015f olarak i\u00e7ine mektebi koymu\u015ftur. Buradan alaca\u011f\u0131m\u0131z mesaj \u015fudur; camilerimiz sadece ibadet yap\u0131lan, namaz k\u0131l\u0131nmak i\u00e7in a\u00e7\u0131l\u0131p kapanmak i\u00e7in yap\u0131lan alanlar de\u011fildir.  \u0130\u00e7inde ilim, irfan, bilgi, hikmet \u00f6\u011fretilen e\u011fitim kurumlar\u0131 olarak de\u011ferlendirilmesi gerekiyor. Biz Diyanet \u0130\u015fleri Ba\u015fkanl\u0131\u011f\u0131 olarak 90 bin camimizle bu fonksiyonelli\u011fini yerine getirmeye \u00e7al\u0131\u015f\u0131yoruz\u201d \u015feklinde konu\u015ftu.<\/p>\n<p>Erba\u015f, \u0130slam tarihinde camilerin yeri ve i\u015flevleri hakk\u0131nda da konu\u015farak, \u201c\u0130slam tarihi boyunca \u015fehirler cami merkezli planlanm\u0131\u015f, M\u00fcsl\u00fcmanlar as\u0131rlar boyu farkl\u0131 mimari ve sanatsal \u00f6zelliklere sahip muhte\u015fem camilerle yery\u00fcz\u00fcn\u00fc donatm\u0131\u015ft\u0131r. Camideki tevazu i\u015f hayat\u0131na, merhamet aile hayat\u0131na, \u015fefkat insan ili\u015fkilerine ta\u015f\u0131nm\u0131\u015ft\u0131r. Caminin bireye kazand\u0131rd\u0131\u011f\u0131 adalet, merhamet ve yard\u0131mla\u015fma \u015fehrin huzuruna ve g\u00fcvenine yans\u0131t\u0131lm\u0131\u015ft\u0131r. Zira caminin k\u00fcrs\u00fcs\u00fcnden sadece cuma g\u00fcnleri de\u011fil, imamlar\u0131m\u0131z\u0131n yapm\u0131\u015f oldu\u011fu derslerle s\u00fcrekli toplumumuzla payla\u015f\u0131lmaktad\u0131r. Estetik ve mimari \u00f6zellikleri ve g\u00fczellikleriyle y\u00fczlerce y\u0131ld\u0131r varl\u0131\u011f\u0131n\u0131 s\u00fcrd\u00fcren camilerimiz, manevi y\u00f6nden dinin g\u00fcc\u00fcn\u00fc, bi\u00e7imsel a\u00e7\u0131dan sa\u011flaml\u0131k ve kusursuzlu\u011fu, sanatsal a\u00e7\u0131dan da \u00f6zg\u00fcrl\u00fc\u011f\u00fc yans\u0131tan \u015faheserler olarak b\u00fct\u00fcn insanl\u0131kta hayranl\u0131k uyand\u0131rmaya devam etmektedir\u201d ifadelerini kulland\u0131.<\/p>\n<p>Diyanet \u0130\u015fleri Ba\u015fkan\u0131 Erba\u015f, d\u00fczenlenen yar\u0131\u015fmada eme\u011fi ge\u00e7en herkese te\u015fekk\u00fcr ederek, yar\u0131\u015fma sonucunda ortaya \u00e7\u0131kan projelerin cami mimarisine \u00f6nemli katk\u0131lar sa\u011flayaca\u011f\u0131n\u0131 vurgulad\u0131. Erba\u015f, \u201cCamilerimiz \u015fehrin ruhuna ve g\u00f6r\u00fcn\u00fc\u015f\u00fcne g\u00fczellik katacak \u015fekilde planlans\u0131n, kubbesi ve minaresiyle orant\u0131l\u0131 olacak \u015fekilde in\u015fa edilerek \u00f6zg\u00fcn eserler olsun diye \u00e7al\u0131\u015f\u0131yoruz. Ba\u015f\u0131ndan beri cami mimarisiyle ilgili \u00e7al\u0131\u015fmalar\u0131m\u0131zda ve bu yar\u0131\u015fma konusunda t\u00fcm \u00c7evre ve \u015eehircilik Bakanl\u0131\u011f\u0131 \u00e7al\u0131\u015fanlar\u0131na te\u015fekk\u00fcr ediyorum. Dereceye girenleri tebrik ediyorum. Bu vesileyle ortaya \u00e7\u0131kan projelerin cami mimarisi alan\u0131na \u00f6nemli katk\u0131lar sunaca\u011f\u0131na inan\u0131yorum\u201d dedi.<\/p>\n","protected":false},"excerpt":{"rendered":"<p>\u00c7EVRE VE \u015eEH\u0130RC\u0130L\u0130K BAKANLI\u011eI, D\u0130YANET \u0130\u015eLER\u0130 VE \u0130LBANK TARAFINDAN ORTAKLA\u015eA D\u00dcZENLENEN \u201cCAM\u0130 TASARIMI F\u0130KR\u0130 YARI\u015eMASI&#8221;NIN \u00d6D\u00dcL T\u00d6REN\u0130 \u00c7EVRE VE \u015eEH\u0130RC\u0130L\u0130K BAKANLI\u011eI KONFERANS SALONUNDA GER\u00c7EKLE\u015eT\u0130R\u0130LD\u0130.<\/p>\n","protected":false},"author":1,"featured_media":185212,"comment_status":"closed","ping_status":"open","sticky":false,"template":"","format":"standard","meta":{"jetpack_post_was_ever_published":false,"_jetpack_newsletter_access":"","_jetpack_dont_email_post_to_subs":false,"_jetpack_newsletter_tier_id":0,"_jetpack_memberships_contains_paywalled_content":false,"_jetpack_memberships_contains_paid_content":false,"footnotes":"","jetpack_publicize_message":"","jetpack_publicize_feature_enabled":true,"jetpack_social_post_already_shared":true,"jetpack_social_options":{"image_generator_settings":{"template":"highway","default_image_id":0,"font":"","enabled":false},"version":2}},"categories":[1],"tags":[612,3655,13816,38667,77,8798,6682],"class_list":["post-185211","post","type-post","status-publish","format-standard","has-post-thumbnail","hentry","category-genel","tag-belli","tag-cami","tag-fikri","tag-kazananlari","tag-oldu","tag-tasarimi","tag-yarismasinin"],"jetpack_publicize_connections":[],"jetpack_featured_media_url":"https:\/\/i0.wp.com\/www.tvturk.com\/wp-content\/uploads\/2019\/07\/cami-tasarimi-fikri-yarismasinin-kazananlari-belli-oldu_37780e9.jpg?fit=1000%2C649","jetpack_sharing_enabled":true,"jetpack_shortlink":"https:\/\/wp.me\/paKIfm-Mbh","_links":{"self":[{"href":"http:\/\/www.tvturk.com\/index.php\/wp-json\/wp\/v2\/posts\/185211","targetHints":{"allow":["GET"]}}],"collection":[{"href":"http:\/\/www.tvturk.com\/index.php\/wp-json\/wp\/v2\/posts"}],"about":[{"href":"http:\/\/www.tvturk.com\/index.php\/wp-json\/wp\/v2\/types\/post"}],"author":[{"embeddable":true,"href":"http:\/\/www.tvturk.com\/index.php\/wp-json\/wp\/v2\/users\/1"}],"replies":[{"embeddable":true,"href":"http:\/\/www.tvturk.com\/index.php\/wp-json\/wp\/v2\/comments?post=185211"}],"version-history":[{"count":0,"href":"http:\/\/www.tvturk.com\/index.php\/wp-json\/wp\/v2\/posts\/185211\/revisions"}],"wp:featuredmedia":[{"embeddable":true,"href":"http:\/\/www.tvturk.com\/index.php\/wp-json\/wp\/v2\/media\/185212"}],"wp:attachment":[{"href":"http:\/\/www.tvturk.com\/index.php\/wp-json\/wp\/v2\/media?parent=185211"}],"wp:term":[{"taxonomy":"category","embeddable":true,"href":"http:\/\/www.tvturk.com\/index.php\/wp-json\/wp\/v2\/categories?post=185211"},{"taxonomy":"post_tag","embeddable":true,"href":"http:\/\/www.tvturk.com\/index.php\/wp-json\/wp\/v2\/tags?post=185211"}],"curies":[{"name":"wp","href":"https:\/\/api.w.org\/{rel}","templated":true}]}}