{"id":185229,"date":"2019-07-22T19:47:13","date_gmt":"2019-07-22T16:47:13","guid":{"rendered":"http:\/\/www.tvturk.com\/index.php\/mke-ankaragucu-stelios-kitsiou-harekatinda-mutlu-sona-ulasti\/"},"modified":"2019-07-22T19:47:13","modified_gmt":"2019-07-22T16:47:13","slug":"mke-ankaragucu-stelios-kitsiou-harekatinda-mutlu-sona-ulasti","status":"publish","type":"post","link":"http:\/\/www.tvturk.com\/index.php\/mke-ankaragucu-stelios-kitsiou-harekatinda-mutlu-sona-ulasti\/","title":{"rendered":"MKE Ankarag\u00fcc\u00fc, Stelios Kitsiou harekat\u0131nda mutlu sona ula\u015ft\u0131"},"content":{"rendered":"<p>MKE Ankarag\u00fcc\u00fc, ge\u00e7ti\u011fimiz sezon PAOK\u2019tan kiral\u0131k olarak kadrosuna katt\u0131\u011f\u0131 Stelios Kitsiou\u2019yu transfer etti.<\/p>\n<p>Ba\u015fkent ekibi, PAOK ile s\u00f6zle\u015fmesi devam eden Kitsiou i\u00e7in yapt\u0131\u011f\u0131 g\u00f6r\u00fc\u015fmeler neticesinde anla\u015fma sa\u011flayarak 3 y\u0131ll\u0131k s\u00f6zle\u015fme imzalad\u0131.<\/p>\n<p>Sar\u0131-lacivertli formay\u0131 giymekten dolay\u0131 mutlu oldu\u011funu ifade eden ba\u015far\u0131l\u0131 sa\u011f bek Kitsiou, taraftar\u0131n deste\u011fi ile Ankarag\u00fcc\u00fc\u2019nde \u00f6nemli ba\u015far\u0131lara ula\u015fmak istedi\u011fini s\u00f6yledi.<\/p>\n","protected":false},"excerpt":{"rendered":"<p>MKE ANKARAG\u00dcC\u00dc, GE\u00c7T\u0130\u011e\u0130M\u0130Z SEZON PAOK&#8217;TAN K\u0130RALIK OLARAK KADROSUNA KATTI\u011eI STEL\u0130OS K\u0130TS\u0130OU&#8217;YU TRANSFER ETT\u0130.<\/p>\n","protected":false},"author":1,"featured_media":185230,"comment_status":"closed","ping_status":"open","sticky":false,"template":"","format":"standard","meta":{"jetpack_post_was_ever_published":false,"_jetpack_newsletter_access":"","_jetpack_dont_email_post_to_subs":false,"_jetpack_newsletter_tier_id":0,"_jetpack_memberships_contains_paywalled_content":false,"_jetpack_memberships_contains_paid_content":false,"footnotes":"","jetpack_publicize_message":"","jetpack_publicize_feature_enabled":true,"jetpack_social_post_already_shared":true,"jetpack_social_options":{"image_generator_settings":{"template":"highway","default_image_id":0,"font":"","enabled":false},"version":2}},"categories":[657],"tags":[8184,38606,45917,9906,4828,792,45916,2574],"class_list":["post-185229","post","type-post","status-publish","format-standard","has-post-thumbnail","hentry","category-spor","tag-ankaragucu","tag-harekatinda","tag-kitsiou","tag-mke","tag-mutlu","tag-sona","tag-stelios","tag-ulasti"],"jetpack_publicize_connections":[],"jetpack_featured_media_url":"https:\/\/i0.wp.com\/www.tvturk.com\/wp-content\/uploads\/2019\/07\/mke-ankaragucu-stelios-kitsiou-harekatinda-mutlu-sona-ulasti_c0159c9.jpg?fit=780%2C405","jetpack_sharing_enabled":true,"jetpack_shortlink":"https:\/\/wp.me\/paKIfm-Mbz","_links":{"self":[{"href":"http:\/\/www.tvturk.com\/index.php\/wp-json\/wp\/v2\/posts\/185229","targetHints":{"allow":["GET"]}}],"collection":[{"href":"http:\/\/www.tvturk.com\/index.php\/wp-json\/wp\/v2\/posts"}],"about":[{"href":"http:\/\/www.tvturk.com\/index.php\/wp-json\/wp\/v2\/types\/post"}],"author":[{"embeddable":true,"href":"http:\/\/www.tvturk.com\/index.php\/wp-json\/wp\/v2\/users\/1"}],"replies":[{"embeddable":true,"href":"http:\/\/www.tvturk.com\/index.php\/wp-json\/wp\/v2\/comments?post=185229"}],"version-history":[{"count":0,"href":"http:\/\/www.tvturk.com\/index.php\/wp-json\/wp\/v2\/posts\/185229\/revisions"}],"wp:featuredmedia":[{"embeddable":true,"href":"http:\/\/www.tvturk.com\/index.php\/wp-json\/wp\/v2\/media\/185230"}],"wp:attachment":[{"href":"http:\/\/www.tvturk.com\/index.php\/wp-json\/wp\/v2\/media?parent=185229"}],"wp:term":[{"taxonomy":"category","embeddable":true,"href":"http:\/\/www.tvturk.com\/index.php\/wp-json\/wp\/v2\/categories?post=185229"},{"taxonomy":"post_tag","embeddable":true,"href":"http:\/\/www.tvturk.com\/index.php\/wp-json\/wp\/v2\/tags?post=185229"}],"curies":[{"name":"wp","href":"https:\/\/api.w.org\/{rel}","templated":true}]}}