{"id":185247,"date":"2019-07-22T22:46:12","date_gmt":"2019-07-22T19:46:12","guid":{"rendered":"http:\/\/www.tvturk.com\/index.php\/deasin-somalideki-yeni-kolu-baglilik-yemini-etti\/"},"modified":"2019-07-22T22:46:12","modified_gmt":"2019-07-22T19:46:12","slug":"deasin-somalideki-yeni-kolu-baglilik-yemini-etti","status":"publish","type":"post","link":"http:\/\/www.tvturk.com\/index.php\/deasin-somalideki-yeni-kolu-baglilik-yemini-etti\/","title":{"rendered":"DEA\u015e\u2019\u0131n Somali\u2019deki yeni kolu ba\u011fl\u0131l\u0131k yemini etti"},"content":{"rendered":"<p>Somali\u2019de faaliyet g\u00f6steren ter\u00f6r \u00f6rg\u00fct\u00fc E\u015f \u015eebab\u2019dan ayr\u0131lan bir grup, DEA\u015e lideri Ebu Bekir El Ba\u011fdadi\u2019ye ba\u011fl\u0131l\u0131k yemini etti.<\/p>\n<p>E\u015f \u015eebab\u2019\u0131n eski liderlerinden Abdulkadir M\u00fcmin, \u00f6rg\u00fct\u00fcn DEA\u015e\u2019a ba\u011fl\u0131l\u0131k bildirmemesi \u00fczerine ba\u011flar\u0131n\u0131 kopararak kendisine sad\u0131k adamlar\u0131yla da\u011flara gizlenmi\u015fti. Yakla\u015f\u0131k 1 y\u0131ld\u0131r kendisinden haber al\u0131namayan Abdulkadir M\u00fcmin, bir video yay\u0131nlayarak ter\u00f6r \u00f6rg\u00fct\u00fc DEA\u015e\u2019a ba\u011fl\u0131l\u0131k yemini etti. Yay\u0131nlanan g\u00f6r\u00fcnt\u00fcde M\u00fcmin ve yan\u0131ndaki \u00f6rg\u00fct militanlar\u0131, DEA\u015e liderine olan ba\u011fl\u0131l\u0131klar\u0131n\u0131 a\u00e7\u0131klad\u0131. G\u00f6r\u00fcnt\u00fcn\u00fcn nerede \u00e7ekildi\u011fi bilinmezken, Somali\u2019nin Puntland b\u00f6lgesindeki Galgala Da\u011flar\u0131\u2019nda oldu\u011fu d\u00fc\u015f\u00fcn\u00fcl\u00fcyor. Bildiride \u00f6rg\u00fct\u00fcn geli\u015fmeleri ve Somali\u2019deki faaliyetleri hakk\u0131nda malumat veriliyor. M\u00fcmin, okudu\u011fu bildiride kendilerinin art\u0131k DEA\u015e\u2019\u0131n Somali kanad\u0131 oldu\u011funu ilan ederek, E\u015f \u015eebab\u2019dan ayr\u0131lan bir\u00e7ok liderin kendilerine kat\u0131ld\u0131\u011f\u0131n\u0131 ileri s\u00fcrd\u00fc.<\/p>\n<p>74 ya\u015f\u0131ndaki M\u00fcmin, son zamanlarda \u00e7e\u015fitli hastal\u0131klar ile m\u00fccadele ediyor. DEA\u015e\u2019\u0131n Somali\u2019deki kanad\u0131n\u0131n ayr\u0131ca ekonomik s\u0131k\u0131nt\u0131lar \u00e7ekti\u011fi biliniyor. Ekonomik s\u0131k\u0131nt\u0131larla bo\u011fu\u015fan grup, Somalili i\u015f adamlar\u0131 ve b\u00f6lgedeki yerel halktan hara\u00e7 toplayarak toparlanmaya \u00e7al\u0131\u015f\u0131yor.<\/p>\n","protected":false},"excerpt":{"rendered":"<p>SOMAL\u0130\u2019DE FAAL\u0130YET G\u00d6STEREN TER\u00d6R \u00d6RG\u00dcT\u00dc E\u015e \u015eEBAB\u2019DAN AYRILAN B\u0130R GRUP, DEA\u015e L\u0130DER\u0130 EBU BEK\u0130R EL BA\u011eDAD\u0130\u2019YE BA\u011eLILIK YEM\u0130N\u0130 ETT\u0130.<\/p>\n","protected":false},"author":1,"featured_media":185248,"comment_status":"closed","ping_status":"open","sticky":false,"template":"","format":"standard","meta":{"jetpack_post_was_ever_published":false,"_jetpack_newsletter_access":"","_jetpack_dont_email_post_to_subs":false,"_jetpack_newsletter_tier_id":0,"_jetpack_memberships_contains_paywalled_content":false,"_jetpack_memberships_contains_paid_content":false,"footnotes":"","jetpack_publicize_message":"","jetpack_publicize_feature_enabled":true,"jetpack_social_post_already_shared":true,"jetpack_social_options":{"image_generator_settings":{"template":"highway","default_image_id":0,"font":"","enabled":false},"version":2}},"categories":[10],"tags":[45926,5225,207,15581,40707,28563,87],"class_list":["post-185247","post","type-post","status-publish","format-standard","has-post-thumbnail","hentry","category-dunya","tag-baglilik","tag-deasin","tag-etti","tag-kolu","tag-somalideki","tag-yemini","tag-yeni"],"jetpack_publicize_connections":[],"jetpack_featured_media_url":"https:\/\/i0.wp.com\/www.tvturk.com\/wp-content\/uploads\/2019\/07\/deasin-somalideki-yeni-kolu-baglilik-yemini-etti_bbbe549.jpg?fit=640%2C360","jetpack_sharing_enabled":true,"jetpack_shortlink":"https:\/\/wp.me\/paKIfm-MbR","_links":{"self":[{"href":"http:\/\/www.tvturk.com\/index.php\/wp-json\/wp\/v2\/posts\/185247","targetHints":{"allow":["GET"]}}],"collection":[{"href":"http:\/\/www.tvturk.com\/index.php\/wp-json\/wp\/v2\/posts"}],"about":[{"href":"http:\/\/www.tvturk.com\/index.php\/wp-json\/wp\/v2\/types\/post"}],"author":[{"embeddable":true,"href":"http:\/\/www.tvturk.com\/index.php\/wp-json\/wp\/v2\/users\/1"}],"replies":[{"embeddable":true,"href":"http:\/\/www.tvturk.com\/index.php\/wp-json\/wp\/v2\/comments?post=185247"}],"version-history":[{"count":0,"href":"http:\/\/www.tvturk.com\/index.php\/wp-json\/wp\/v2\/posts\/185247\/revisions"}],"wp:featuredmedia":[{"embeddable":true,"href":"http:\/\/www.tvturk.com\/index.php\/wp-json\/wp\/v2\/media\/185248"}],"wp:attachment":[{"href":"http:\/\/www.tvturk.com\/index.php\/wp-json\/wp\/v2\/media?parent=185247"}],"wp:term":[{"taxonomy":"category","embeddable":true,"href":"http:\/\/www.tvturk.com\/index.php\/wp-json\/wp\/v2\/categories?post=185247"},{"taxonomy":"post_tag","embeddable":true,"href":"http:\/\/www.tvturk.com\/index.php\/wp-json\/wp\/v2\/tags?post=185247"}],"curies":[{"name":"wp","href":"https:\/\/api.w.org\/{rel}","templated":true}]}}