{"id":185253,"date":"2019-07-22T23:16:30","date_gmt":"2019-07-22T20:16:30","guid":{"rendered":"http:\/\/www.tvturk.com\/index.php\/sehit-ailelerinden-hafiza-15-temmuz-muzesine-duygusal-ziyaret\/"},"modified":"2019-07-22T23:16:30","modified_gmt":"2019-07-22T20:16:30","slug":"sehit-ailelerinden-hafiza-15-temmuz-muzesine-duygusal-ziyaret","status":"publish","type":"post","link":"http:\/\/www.tvturk.com\/index.php\/sehit-ailelerinden-hafiza-15-temmuz-muzesine-duygusal-ziyaret\/","title":{"rendered":"\u015eehit ailelerinden Haf\u0131za 15 Temmuz M\u00fczesi\u2019ne duygusal ziyaret"},"content":{"rendered":"<p>15 Temmuz hain darbe giri\u015fimi s\u0131ras\u0131nda \u015fehit olan vatanda\u015flar\u0131n aileleri, Haf\u0131za 15 Temmuz M\u00fczesi\u2019nde bir araya geldi. 15 Temmuz Derne\u011fi ile birlikte m\u00fczeyi ziyaret eden \u015fehit aileleri duygu dolu anlar ya\u015fad\u0131.<\/p>\n<p>15 Temmuz Derne\u011fi \u00fcyeleri ile \u015fehit aileleri, Haf\u0131za 15 Temmuz M\u00fczesi\u2019ne ziyaret ger\u00e7ekle\u015ftirdi. 15 Temmuz Derne\u011fi Ba\u015fkan\u0131 Tar\u0131k \u015eebik\u2019in yapt\u0131\u011f\u0131 konu\u015fman\u0131n ard\u0131ndan \u015fehit aileleri ile dernek \u00fcyeleri m\u00fczeyi gezdi. \u015eehit aileleri, m\u00fczedeki hain darbe giri\u015fiminde \u015fehit olan vatanda\u015flara ait ayakkab\u0131lar, tanklar\u0131n \u00f6n\u00fcne \u00e7ekilen araba ve benzeri eserleri incelerken duygu dolu anlar ya\u015fad\u0131.<\/p>\n<p>15 Temmuz \u015fehidi Kemal Ek\u015fi\u2019nin babas\u0131 Ekrem Ek\u015fi, &#8220;M\u00fcze g\u00fczel. Tek ba\u015f\u0131ma gelirsem daha detayl\u0131 inceleyece\u011fim. Ama \u015fu anda y\u00fczeysel g\u00f6rd\u00fc\u011f\u00fcm kadar\u0131yla g\u00fczel. Eme\u011fi ge\u00e7enlerin eline, y\u00fcre\u011fine sa\u011fl\u0131k. \u0130nsana o anlar\u0131 hat\u0131rlat\u0131yor. O y\u00fczden yapanlara tekrar te\u015fekk\u00fcr ediyoruz. Bu darbeyi yapanlara lanet olsun diyorum&#8221; ifadelerini kulland\u0131.<\/p>\n","protected":false},"excerpt":{"rendered":"<p>15 TEMMUZ HA\u0130N DARBE G\u0130R\u0130\u015e\u0130M\u0130 SIRASINDA \u015eEH\u0130T OLAN VATANDA\u015eLARIN A\u0130LELER\u0130, HAFIZA 15 TEMMUZ M\u00dcZES\u0130&#8217;NDE B\u0130R ARAYA GELD\u0130. 15 TEMMUZ DERNE\u011e\u0130 \u0130LE B\u0130RL\u0130KTE M\u00dcZEY\u0130 Z\u0130YARET EDEN \u015eEH\u0130T A\u0130LELER\u0130 DUYGU DOLU ANLAR YA\u015eADI.<\/p>\n","protected":false},"author":1,"featured_media":185254,"comment_status":"closed","ping_status":"open","sticky":false,"template":"","format":"standard","meta":{"jetpack_post_was_ever_published":false,"_jetpack_newsletter_access":"","_jetpack_dont_email_post_to_subs":false,"_jetpack_newsletter_tier_id":0,"_jetpack_memberships_contains_paywalled_content":false,"_jetpack_memberships_contains_paid_content":false,"footnotes":"","jetpack_publicize_message":"","jetpack_publicize_feature_enabled":true,"jetpack_social_post_already_shared":true,"jetpack_social_options":{"image_generator_settings":{"template":"highway","default_image_id":0,"font":"","enabled":false},"version":2}},"categories":[1],"tags":[8836,3649,44932,6264,237,1148,150],"class_list":["post-185253","post","type-post","status-publish","format-standard","has-post-thumbnail","hentry","category-genel","tag-ailelerinden","tag-duygusal","tag-hafiza","tag-muzesine","tag-sehit","tag-temmuz","tag-ziyaret"],"jetpack_publicize_connections":[],"jetpack_featured_media_url":"https:\/\/i0.wp.com\/www.tvturk.com\/wp-content\/uploads\/2019\/07\/sehit-ailelerinden-hafiza-15-temmuz-muzesine-duygusal-ziyaret_7d9b6f0.jpg?fit=1000%2C750","jetpack_sharing_enabled":true,"jetpack_shortlink":"https:\/\/wp.me\/paKIfm-MbX","_links":{"self":[{"href":"http:\/\/www.tvturk.com\/index.php\/wp-json\/wp\/v2\/posts\/185253","targetHints":{"allow":["GET"]}}],"collection":[{"href":"http:\/\/www.tvturk.com\/index.php\/wp-json\/wp\/v2\/posts"}],"about":[{"href":"http:\/\/www.tvturk.com\/index.php\/wp-json\/wp\/v2\/types\/post"}],"author":[{"embeddable":true,"href":"http:\/\/www.tvturk.com\/index.php\/wp-json\/wp\/v2\/users\/1"}],"replies":[{"embeddable":true,"href":"http:\/\/www.tvturk.com\/index.php\/wp-json\/wp\/v2\/comments?post=185253"}],"version-history":[{"count":0,"href":"http:\/\/www.tvturk.com\/index.php\/wp-json\/wp\/v2\/posts\/185253\/revisions"}],"wp:featuredmedia":[{"embeddable":true,"href":"http:\/\/www.tvturk.com\/index.php\/wp-json\/wp\/v2\/media\/185254"}],"wp:attachment":[{"href":"http:\/\/www.tvturk.com\/index.php\/wp-json\/wp\/v2\/media?parent=185253"}],"wp:term":[{"taxonomy":"category","embeddable":true,"href":"http:\/\/www.tvturk.com\/index.php\/wp-json\/wp\/v2\/categories?post=185253"},{"taxonomy":"post_tag","embeddable":true,"href":"http:\/\/www.tvturk.com\/index.php\/wp-json\/wp\/v2\/tags?post=185253"}],"curies":[{"name":"wp","href":"https:\/\/api.w.org\/{rel}","templated":true}]}}