{"id":185257,"date":"2019-07-22T23:31:29","date_gmt":"2019-07-22T20:31:29","guid":{"rendered":"http:\/\/www.tvturk.com\/index.php\/yardim-vakfi-gonullusu-bombali-saldirida-hayatini-kaybetti\/"},"modified":"2019-07-22T23:31:29","modified_gmt":"2019-07-22T20:31:29","slug":"yardim-vakfi-gonullusu-bombali-saldirida-hayatini-kaybetti","status":"publish","type":"post","link":"http:\/\/www.tvturk.com\/index.php\/yardim-vakfi-gonullusu-bombali-saldirida-hayatini-kaybetti\/","title":{"rendered":"Yard\u0131m vakf\u0131 g\u00f6n\u00fcll\u00fcs\u00fc bombal\u0131 sald\u0131r\u0131da hayat\u0131n\u0131 kaybetti"},"content":{"rendered":"<p>Suriye\u2019nin Halep iline ba\u011fl\u0131 Aktarin kasabas\u0131nda bir motosiklete yerle\u015ftirilen bomban\u0131n infilak etmesiyle meydana gelen patlamada, bir yard\u0131m vakf\u0131 g\u00f6revlisi hayat\u0131n\u0131 kaybetti.<\/p>\n<p>Suriye\u2019nin Halep iline ba\u011fl\u0131 Aktarin kasabas\u0131nda bir motosiklete yerle\u015ftirilen bomban\u0131n infilak etmesi sonucu 2 ki\u015fi hayat\u0131n\u0131 kaybetti, 3 ki\u015fi de yaraland\u0131. Hayat\u0131n\u0131 kaybedenler aras\u0131nda \u0130HH \u0130nsani Yard\u0131m Vakf\u0131 g\u00f6revlisi Suriye vatanda\u015f\u0131 Yusuf El-\u00d6mer\u2019in de bulundu\u011fu belirtildi. Sava\u015f ma\u011fdurlar\u0131n\u0131n refah\u0131 i\u00e7in \u00e7al\u0131\u015fan El-\u00d6mer\u2019in cenazesi, k\u0131l\u0131nan cenaze namaz\u0131n\u0131n ard\u0131ndan topra\u011fa verildi.<\/p>\n<p>1997 y\u0131l\u0131nda Suriye\u2019nin Halep iline ba\u011fl\u0131 Tel R\u0131fat kasabas\u0131nda d\u00fcnyaya gelen Yusuf El-\u00d6mer\u2019in 2012 y\u0131l\u0131ndan bu yana \u0130HH \u0130nsani Yard\u0131m Vakf\u0131n\u0131n F\u0131rat Kalkan\u0131 b\u00f6lgesindeki faaliyetlerini koordine etti\u011fi Babusselam Ofisi\u2019nde \u00e7al\u0131\u015ft\u0131\u011f\u0131 \u00f6\u011frenildi.<\/p>\n","protected":false},"excerpt":{"rendered":"<p>SUR\u0130YE\u2019N\u0130N HALEP \u0130L\u0130NE BA\u011eLI AKTAR\u0130N KASABASINDA B\u0130R MOTOS\u0130KLETE YERLE\u015eT\u0130R\u0130LEN BOMBANIN \u0130NF\u0130LAK ETMES\u0130YLE MEYDANA GELEN PATLAMADA, B\u0130R YARDIM VAKFI G\u00d6REVL\u0130S\u0130 HAYATINI KAYBETT\u0130.<\/p>\n","protected":false},"author":1,"featured_media":185258,"comment_status":"closed","ping_status":"open","sticky":false,"template":"","format":"standard","meta":{"jetpack_post_was_ever_published":false,"_jetpack_newsletter_access":"","_jetpack_dont_email_post_to_subs":false,"_jetpack_newsletter_tier_id":0,"_jetpack_memberships_contains_paywalled_content":false,"_jetpack_memberships_contains_paid_content":false,"footnotes":"","jetpack_publicize_message":"","jetpack_publicize_feature_enabled":true,"jetpack_social_post_already_shared":true,"jetpack_social_options":{"image_generator_settings":{"template":"highway","default_image_id":0,"font":"","enabled":false},"version":2}},"categories":[10],"tags":[12971,27081,848,849,1011,6604,1736],"class_list":["post-185257","post","type-post","status-publish","format-standard","has-post-thumbnail","hentry","category-dunya","tag-bombali","tag-gonullusu","tag-hayatini","tag-kaybetti","tag-saldirida","tag-vakfi","tag-yardim"],"jetpack_publicize_connections":[],"jetpack_featured_media_url":"https:\/\/i0.wp.com\/www.tvturk.com\/wp-content\/uploads\/2019\/07\/yardim-vakfi-gonullusu-bombali-saldirida-hayatini-kaybetti_1a19e9e.jpg?fit=1000%2C666","jetpack_sharing_enabled":true,"jetpack_shortlink":"https:\/\/wp.me\/paKIfm-Mc1","_links":{"self":[{"href":"http:\/\/www.tvturk.com\/index.php\/wp-json\/wp\/v2\/posts\/185257","targetHints":{"allow":["GET"]}}],"collection":[{"href":"http:\/\/www.tvturk.com\/index.php\/wp-json\/wp\/v2\/posts"}],"about":[{"href":"http:\/\/www.tvturk.com\/index.php\/wp-json\/wp\/v2\/types\/post"}],"author":[{"embeddable":true,"href":"http:\/\/www.tvturk.com\/index.php\/wp-json\/wp\/v2\/users\/1"}],"replies":[{"embeddable":true,"href":"http:\/\/www.tvturk.com\/index.php\/wp-json\/wp\/v2\/comments?post=185257"}],"version-history":[{"count":0,"href":"http:\/\/www.tvturk.com\/index.php\/wp-json\/wp\/v2\/posts\/185257\/revisions"}],"wp:featuredmedia":[{"embeddable":true,"href":"http:\/\/www.tvturk.com\/index.php\/wp-json\/wp\/v2\/media\/185258"}],"wp:attachment":[{"href":"http:\/\/www.tvturk.com\/index.php\/wp-json\/wp\/v2\/media?parent=185257"}],"wp:term":[{"taxonomy":"category","embeddable":true,"href":"http:\/\/www.tvturk.com\/index.php\/wp-json\/wp\/v2\/categories?post=185257"},{"taxonomy":"post_tag","embeddable":true,"href":"http:\/\/www.tvturk.com\/index.php\/wp-json\/wp\/v2\/tags?post=185257"}],"curies":[{"name":"wp","href":"https:\/\/api.w.org\/{rel}","templated":true}]}}