{"id":18528,"date":"2019-02-10T15:25:55","date_gmt":"2019-02-10T12:25:55","guid":{"rendered":"http:\/\/www.tvturk.com\/index.php\/soke-kartallari-besiktaslilar-dernegi-ilk-genel-kurulunu-yapti\/"},"modified":"2019-02-10T15:25:56","modified_gmt":"2019-02-10T12:25:56","slug":"soke-kartallari-besiktaslilar-dernegi-ilk-genel-kurulunu-yapti","status":"publish","type":"post","link":"http:\/\/www.tvturk.com\/index.php\/soke-kartallari-besiktaslilar-dernegi-ilk-genel-kurulunu-yapti\/","title":{"rendered":"S\u00f6ke Kartallar\u0131 Be\u015fikta\u015fl\u0131lar Derne\u011fi ilk genel kurulunu yapt\u0131"},"content":{"rendered":"<p>S\u00f6ke Kartallar\u0131 Be\u015fikta\u015fl\u0131lar Derne\u011fi birinci ola\u011fan genel kurul toplant\u0131s\u0131n\u0131 yapt\u0131.<\/p>\n<p>S\u00f6ke\u2019de bundan d\u00f6rt y\u0131l \u00f6nce sosyal bir grup olarak ba\u015flayan taraftar grubu hareketi, ge\u00e7ti\u011fimiz A\u011fustos ay\u0131nda ba\u015flayan dernekle\u015fme s\u00fcreci, 14 Aral\u0131k\u2019ta derne\u011fin kurulu\u015fu ile resmile\u015fti. \u00dcye \u00e7al\u0131\u015fmalar\u0131na ba\u015flayan ge\u00e7ici y\u00f6netim kurulu 62 \u00fcye say\u0131s\u0131na ula\u015farak, ilk ola\u011fan genel kurul toplant\u0131s\u0131n\u0131 da ger\u00e7ekle\u015ftirdi.<\/p>\n<p>Yap\u0131lan genel kurul toplant\u0131s\u0131na S\u00f6ke Belediye Ba\u015fkan\u0131 S\u00fcleyman Toyran, Ayd\u0131n Be\u015fikta\u015fl\u0131lar Derne\u011fi Ba\u015fkan\u0131 Ta\u015fk\u0131n Cerit, Ku\u015fadas\u0131 Be\u015fikta\u015fl\u0131lar Derne\u011fi Ba\u015fkan\u0131 Cenk S\u00f6zer de kat\u0131ld\u0131.<\/p>\n<p>Genel kurul toplant\u0131s\u0131nda Divan Ba\u015fkanl\u0131\u011f\u0131\u2019n\u0131 Murat D\u00f6nd\u00fc, Divan Katipliklerini ise Fahrettin Sar\u0131zeybek ve Ertu\u011frul \u00c7ak\u0131r yapt\u0131.<\/p>\n<p>Genel kurul toplant\u0131s\u0131n\u0131n S\u00f6keli Be\u015fikta\u015fl\u0131lara hay\u0131rl\u0131 olmas\u0131n\u0131 dileyen S\u00f6ke Belediye Ba\u015fkan\u0131 S\u00fcleyman Toyran; \u201cB\u00fcy\u00fck kul\u00fcplerimiz \u00fclke futbolumuzun renkleri. S\u00f6ke\u2019de taraftar grubu olarak \u00f6rnek bir birliktelik sergiliyorsunuz. Devam\u0131n\u0131 diliyorum\u201d dedi.<\/p>\n<p>Ayd\u0131n Be\u015fikta\u015fl\u0131lar Derne\u011fi Ba\u015fkan\u0131 Ta\u015fk\u0131n Cerit konu\u015fmas\u0131nda; \u201cBe\u015fikta\u015fl\u0131 olmak zordur. Birliktelik i\u00e7in bu dernekler var. Kul\u00fcb\u00fcm\u00fcz dernekler konusunda hassas. Dernekleri kul\u00fcb\u00fcn \u015fubesi olarak g\u00f6r\u00fcyor, bu \u00e7ok \u00f6nemli. Genel kurulun S\u00f6ke derne\u011fimize hay\u0131rl\u0131 olmas\u0131n\u0131 diliyorum\u201d dedi.<\/p>\n<p>Dernek\u00e7ilik zor bir i\u015f oldu\u011funu \u00f6zellikle kul\u00fcp dernek\u00e7ili\u011fin zor oldu\u011funu belirten Ku\u015fadas\u0131 Be\u015fikta\u015fl\u0131lar Derne\u011fi Ba\u015fkan\u0131 Cenk S\u00f6zer ise; \u201cK\u00fclfetleri var. S\u00f6keli karde\u015flerimi tebrik ediyorum. S\u00f6keli Be\u015fikta\u015fl\u0131lar dernek y\u00f6neticilerine destek vermeliler. Dernek y\u00f6netimi de kar\u015f\u0131la\u015ft\u0131klar\u0131 zorluklar kar\u015f\u0131s\u0131nda y\u0131lmamal\u0131lar\u201d diye konu\u015ftu.<\/p>\n<p>Ge\u00e7ici y\u00f6netim kurulu faaliyet, mali ve denetim raporlar\u0131 okunurken, kat\u0131l\u0131mc\u0131lar taraf\u0131ndan ibra edildi.<\/p>\n<p>Yap\u0131lan genel kurulda dernekle\u015fme faaliyetlerini ger\u00e7ekle\u015ftiren Ayhan T\u00fcrk Ba\u015fkanl\u0131\u011f\u0131\u2019ndaki ge\u00e7ici y\u00f6netim kurulunun 3 y\u0131l s\u00fcre ile dernek y\u00f6netim kurulu olarak g\u00f6revlerinin devam\u0131na oy birli\u011fi ile karar verildi. S\u00f6ke Kartallar\u0131 Be\u015fikta\u015fl\u0131lar Derne\u011fi y\u00f6netim kurulu Ayhan T\u00fcrk (Ba\u015fkan), U\u011fur Kar\u0131nca, H\u00fcseyin Harmandaro\u011flu, \u00c7a\u011fr\u0131 Menderes, Aytekin \u00c7avu\u015fo\u011flu, S\u00fcleyman Emir, Mehmet Sunay, Fatih Sar\u0131zeybek, Olgar Akal\u0131n, H\u00fcseyin Dedeo\u011flu ve Kemal Badak\u2019tan olu\u015fuyor.<\/p>\n<p>\u201cS\u00f6ke Be\u015fikta\u015fl\u0131lar Derne\u011fi Hep Var Olacak\u201d<\/p>\n<p>S\u00f6ke Kartallar\u0131 Be\u015fikta\u015fl\u0131lar Derne\u011fi Ba\u015fkan\u0131 Ayhan T\u00fcrk; \u201c4 y\u0131l \u00f6nce k\u00fc\u00e7\u00fck bir toplant\u0131 ve sosyal bir grup olarak ba\u015flad\u0131k. Birlikte ma\u00e7 izleyerek ba\u015flad\u0131k, kenetlenildi. \u00c7e\u015fitli organizasyonlar ve sosyal faaliyetler ger\u00e7ekle\u015ftirdik. Bu sosyal hareketin resmile\u015fmesi gerekiyordu. A\u011fustos ay\u0131nda ba\u015flatt\u0131\u011f\u0131m\u0131z dernekle\u015fme \u00e7al\u0131\u015fmalar\u0131m\u0131z\u0131 tamamlad\u0131k. Ayd\u0131n ve Ku\u015fadas\u0131 derneklerimizin b\u00fcy\u00fck katk\u0131lar\u0131 oldu, te\u015fekk\u00fcr ediyoruz. \u0130lk amac\u0131m\u0131z kapanmamak \u00fczere a\u00e7\u0131lan bir dernek olu\u015fturmakt\u0131. S\u00f6ke Be\u015fikta\u015fl\u0131lar Derne\u011fi art\u0131k var, bundan b\u00f6yle de sizlerin deste\u011fi ile hep var olacak\u201d dedi.<\/p>\n<p>\u201cSosyal Projelerimiz Var\u201d<\/p>\n<p>Ger\u00e7ekle\u015ftirmeyi istedikleri faaliyetler oldu\u011funu ve ilk olarak S\u00f6ke\u2019de Be\u015fikta\u015fl\u0131 envanteri olu\u015fturacaklar\u0131n\u0131 belirten Ayhan T\u00fcrk; \u201cS\u00f6ke\u2019de Be\u015fikta\u015fl\u0131 say\u0131s\u0131n\u0131 artt\u0131rmak istiyoruz. Bunun i\u00e7in \u00f6zellikle \u00e7ocuklar ve gen\u00e7lerle ilgili projeler yapaca\u011f\u0131z. Say\u0131n Kaymakam\u0131m\u0131z\u0131n \u00f6nerisi ise bir k\u00f6y okulumuzda k\u00fct\u00fcphane olu\u015fturmak istiyoruz, bunun \u00e7al\u0131\u015fmas\u0131na hemen ba\u015flayaca\u011f\u0131z. Ayr\u0131ca Belediyemizin tahsis edece\u011fi bir alana hat\u0131ra orman\u0131 yapmak istiyoruz\u201d diye konu\u015ftu.<div class=\"tiled-gallery type-rectangular tiled-gallery-unresized\" data-original-width=\"500\" data-carousel-extra='null' itemscope itemtype=\"http:\/\/schema.org\/ImageGallery\" > <div class=\"gallery-row\" style=\"width: 500px; height: 334px;\" data-original-width=\"500\" data-original-height=\"334\" > <div class=\"gallery-group images-1\" style=\"width: 500px; height: 334px;\" data-original-width=\"500\" data-original-height=\"334\" > <div class=\"tiled-gallery-item tiled-gallery-item-large\" itemprop=\"associatedMedia\" itemscope itemtype=\"http:\/\/schema.org\/ImageObject\"> <a href=\"http:\/\/www.tvturk.com\/index.php\/soke-kartallari-besiktaslilar-dernegi-ilk-genel-kurulunu-yapti\/soke-kartallari-besiktaslilar-dernegi-ilk-genel-kurulunu-yapti-3\/\" border=\"0\" itemprop=\"url\"> <meta itemprop=\"width\" content=\"496\"> <meta itemprop=\"height\" content=\"330\"> <img decoding=\"async\" class=\"\" data-attachment-id=\"18530\" data-orig-file=\"http:\/\/www.tvturk.com\/wp-content\/uploads\/2019\/02\/soke-kartallari-besiktaslilar-dernegi-ilk-genel-kurulunu-yapti_557f5f6.jpg\" data-orig-size=\"1000,666\" data-comments-opened=\"\" data-image-meta=\"{&quot;aperture&quot;:&quot;0&quot;,&quot;credit&quot;:&quot;IHA&quot;,&quot;camera&quot;:&quot;&quot;,&quot;caption&quot;:&quot;S\\u00d6KE BE\\u015e\\u0130KTA\\u015eLILAR DERNE\\u011e\\u0130 GENE KURULU YAPILDI (LEVENT TUNCER\\\/AYDIN-\\u0130HA)&quot;,&quot;created_timestamp&quot;:&quot;0&quot;,&quot;copyright&quot;:&quot;\\u0130HLAS HABER AJANSI, www.iha.com.tr&quot;,&quot;focal_length&quot;:&quot;0&quot;,&quot;iso&quot;:&quot;0&quot;,&quot;shutter_speed&quot;:&quot;0&quot;,&quot;title&quot;:&quot;S\\u00d6KE KARTALLARI BE\\u015e\\u0130KTA\\u015eLILAR DERNE\\u011e\\u0130 \\u0130LK GENEL KURULUNU YAPTI&quot;,&quot;orientation&quot;:&quot;0&quot;}\" data-image-title=\"S\u00f6ke Kartallar\u0131 Be\u015fikta\u015fl\u0131lar Derne\u011fi ilk genel kurulunu yapt\u0131\" data-image-description=\"&lt;p&gt;S\u00f6ke Kartallar\u0131 Be\u015fikta\u015fl\u0131lar Derne\u011fi ilk genel kurulunu yapt\u0131&lt;\/p&gt; \" data-medium-file=\"https:\/\/i0.wp.com\/www.tvturk.com\/wp-content\/uploads\/2019\/02\/soke-kartallari-besiktaslilar-dernegi-ilk-genel-kurulunu-yapti_557f5f6.jpg?fit=300%2C200\" data-large-file=\"https:\/\/i0.wp.com\/www.tvturk.com\/wp-content\/uploads\/2019\/02\/soke-kartallari-besiktaslilar-dernegi-ilk-genel-kurulunu-yapti_557f5f6.jpg?fit=1000%2C666\" src=\"https:\/\/i0.wp.com\/www.tvturk.com\/wp-content\/uploads\/2019\/02\/soke-kartallari-besiktaslilar-dernegi-ilk-genel-kurulunu-yapti_557f5f6.jpg?w=496&#038;h=330\" srcset=\"https:\/\/i0.wp.com\/www.tvturk.com\/wp-content\/uploads\/2019\/02\/soke-kartallari-besiktaslilar-dernegi-ilk-genel-kurulunu-yapti_557f5f6.jpg?w=1000 1000w, https:\/\/i0.wp.com\/www.tvturk.com\/wp-content\/uploads\/2019\/02\/soke-kartallari-besiktaslilar-dernegi-ilk-genel-kurulunu-yapti_557f5f6.jpg?resize=150%2C100 150w, https:\/\/i0.wp.com\/www.tvturk.com\/wp-content\/uploads\/2019\/02\/soke-kartallari-besiktaslilar-dernegi-ilk-genel-kurulunu-yapti_557f5f6.jpg?resize=300%2C200 300w, https:\/\/i0.wp.com\/www.tvturk.com\/wp-content\/uploads\/2019\/02\/soke-kartallari-besiktaslilar-dernegi-ilk-genel-kurulunu-yapti_557f5f6.jpg?resize=768%2C511 768w, https:\/\/i0.wp.com\/www.tvturk.com\/wp-content\/uploads\/2019\/02\/soke-kartallari-besiktaslilar-dernegi-ilk-genel-kurulunu-yapti_557f5f6.jpg?resize=170%2C113 170w, https:\/\/i0.wp.com\/www.tvturk.com\/wp-content\/uploads\/2019\/02\/soke-kartallari-besiktaslilar-dernegi-ilk-genel-kurulunu-yapti_557f5f6.jpg?resize=120%2C80 120w\" width=\"496\" height=\"330\" loading=\"lazy\" data-original-width=\"496\" data-original-height=\"330\" itemprop=\"http:\/\/schema.org\/image\" title=\"S\u00f6ke Kartallar\u0131 Be\u015fikta\u015fl\u0131lar Derne\u011fi ilk genel kurulunu yapt\u0131\" alt=\"S\u00f6ke Kartallar\u0131 Be\u015fikta\u015fl\u0131lar Derne\u011fi ilk genel kurulunu yapt\u0131\" style=\"width: 496px; height: 330px;\" \/> <\/a> <\/div> <\/div> <!-- close group --> <\/div> <!-- close row --> <\/div><\/p>\n","protected":false},"excerpt":{"rendered":"<p>S\u00d6KE BE\u015e\u0130KTA\u015eLILAR DERNE\u011e\u0130 Y\u00d6NET\u0130M\u0130<\/p>\n","protected":false},"author":1,"featured_media":18529,"comment_status":"closed","ping_status":"open","sticky":false,"template":"","format":"standard","meta":{"jetpack_post_was_ever_published":false,"_jetpack_newsletter_access":"","_jetpack_dont_email_post_to_subs":false,"_jetpack_newsletter_tier_id":0,"_jetpack_memberships_contains_paywalled_content":false,"_jetpack_memberships_contains_paid_content":false,"footnotes":"","jetpack_publicize_message":"","jetpack_publicize_feature_enabled":true,"jetpack_social_post_already_shared":false,"jetpack_social_options":{"image_generator_settings":{"template":"highway","default_image_id":0,"font":"","enabled":false},"version":2}},"categories":[657],"tags":[8429,6333,869,37,8428,8430,165,292],"class_list":["post-18528","post","type-post","status-publish","format-standard","has-post-thumbnail","hentry","category-spor","tag-besiktaslilar","tag-dernegi","tag-genel","tag-ilk","tag-kartallari","tag-kurulunu","tag-soke","tag-yapti"],"jetpack_publicize_connections":[],"jetpack_featured_media_url":"https:\/\/i0.wp.com\/www.tvturk.com\/wp-content\/uploads\/2019\/02\/soke-kartallari-besiktaslilar-dernegi-ilk-genel-kurulunu-yapti_ebe0ce4.jpg?fit=1000%2C666","jetpack_sharing_enabled":true,"jetpack_shortlink":"https:\/\/wp.me\/paKIfm-4OQ","_links":{"self":[{"href":"http:\/\/www.tvturk.com\/index.php\/wp-json\/wp\/v2\/posts\/18528","targetHints":{"allow":["GET"]}}],"collection":[{"href":"http:\/\/www.tvturk.com\/index.php\/wp-json\/wp\/v2\/posts"}],"about":[{"href":"http:\/\/www.tvturk.com\/index.php\/wp-json\/wp\/v2\/types\/post"}],"author":[{"embeddable":true,"href":"http:\/\/www.tvturk.com\/index.php\/wp-json\/wp\/v2\/users\/1"}],"replies":[{"embeddable":true,"href":"http:\/\/www.tvturk.com\/index.php\/wp-json\/wp\/v2\/comments?post=18528"}],"version-history":[{"count":1,"href":"http:\/\/www.tvturk.com\/index.php\/wp-json\/wp\/v2\/posts\/18528\/revisions"}],"predecessor-version":[{"id":18531,"href":"http:\/\/www.tvturk.com\/index.php\/wp-json\/wp\/v2\/posts\/18528\/revisions\/18531"}],"wp:featuredmedia":[{"embeddable":true,"href":"http:\/\/www.tvturk.com\/index.php\/wp-json\/wp\/v2\/media\/18529"}],"wp:attachment":[{"href":"http:\/\/www.tvturk.com\/index.php\/wp-json\/wp\/v2\/media?parent=18528"}],"wp:term":[{"taxonomy":"category","embeddable":true,"href":"http:\/\/www.tvturk.com\/index.php\/wp-json\/wp\/v2\/categories?post=18528"},{"taxonomy":"post_tag","embeddable":true,"href":"http:\/\/www.tvturk.com\/index.php\/wp-json\/wp\/v2\/tags?post=18528"}],"curies":[{"name":"wp","href":"https:\/\/api.w.org\/{rel}","templated":true}]}}