{"id":185287,"date":"2019-07-23T09:31:50","date_gmt":"2019-07-23T06:31:50","guid":{"rendered":"http:\/\/www.tvturk.com\/index.php\/ozel-yabanci-gencler-imambayildiyi-kendi-elleriyle-yapti\/"},"modified":"2019-07-23T09:31:50","modified_gmt":"2019-07-23T06:31:50","slug":"ozel-yabanci-gencler-imambayildiyi-kendi-elleriyle-yapti","status":"publish","type":"post","link":"http:\/\/www.tvturk.com\/index.php\/ozel-yabanci-gencler-imambayildiyi-kendi-elleriyle-yapti\/","title":{"rendered":"(\u00d6zel) Yabanc\u0131 gen\u00e7ler imambay\u0131ld\u0131y\u0131 kendi elleriyle yapt\u0131"},"content":{"rendered":"<p>\u2018Gen\u00e7ler aras\u0131 de\u011fi\u015fim\u2019 program\u0131 dolay\u0131s\u0131yla yurt d\u0131\u015f\u0131ndan T\u00fcrkiye\u2019ye gelen yabanc\u0131 gen\u00e7ler, imambay\u0131ld\u0131 yeme\u011fini kendi elleriyle yapt\u0131.<\/p>\n<p>Has Tavuk, d\u00fcnyan\u0131n bir\u00e7ok \u00fclkesinden gelen yabanc\u0131 \u00f6\u011frencileri a\u011f\u0131rlad\u0131. T\u00fcrk gelenek ve g\u00f6reneklerini ailelerin yan\u0131nda kalarak \u00f6\u011frenen gen\u00e7ler, Has Tavuk mutfa\u011f\u0131nda imam bay\u0131ld\u0131 yeme\u011fini kendi elleriyle yapt\u0131.Endonezya, Meksika, \u00c7in, Hong Kong, \u0130talya, Finlandiya, Norve\u00e7, Danimarka, Almanya, Rusya, Litvanya, Polonya, \u0130ngiltere, Tunus, Cezayir, Hindistan, Avusturya ve \u0130spanya\u2019dan program kapsam\u0131nda Bursa\u2019ya gelen \u00f6\u011frenciler, 3 hafta boyunca misafir olduklar\u0131 evlerde yemek, giyim, e\u011flence k\u00fclt\u00fcr\u00fcn\u00fc de yak\u0131ndan tan\u0131ma f\u0131rsat\u0131 buldu. \u00d6\u011frenciler  Bursa, \u00c7anakkale, Eski\u015fehir ve \u0130stanbul\u2019u gezme imkan\u0131 buldu.<\/p>\n<p>Kamp boyunca \u00e7e\u015fitli faaliyetlere kat\u0131lan 25 \u00f6\u011frenci, \u00e7ini sanat\u0131n\u0131, halk oyunlar\u0131n\u0131, T\u00fcrk yemeklerini tan\u0131d\u0131. Yabanc\u0131 \u00f6\u011frenciler, Has Tavuk mutfak \u015fefi \u0130brahim Ayd\u0131n\u2019n\u0131n \u00f6nderli\u011finde, zeytin ya\u011fl\u0131 imambay\u0131ld\u0131, k\u00f6fte, cac\u0131k ve tavuklu pilav gibi \u00e7e\u015fitli T\u00fcrk yemeklerini yapt\u0131lar, ard\u0131ndan yapt\u0131klar\u0131 lezzetli yemekleri afiyetle yediler.<\/p>\n<p>Hastavuk Y\u00f6netim Kurulu Ba\u015fkan\u0131 ve Gen\u00e7ler Aras\u0131 De\u011fi\u015fim Program\u0131 Koordinat\u00f6r\u00fc M\u00fcjdat Sezer, \u201cD\u00fcnyan\u0131n en g\u00fczel \u00fclkesinde ya\u015f\u0131yoruz. Bu g\u00fczellikleri ba\u015fka bir \u00fclkede bulmak m\u00fcmk\u00fcn de\u011fil. \u00dclkemizle ilgili, halk\u0131m\u0131zla ilgili \u00f6nyarg\u0131lar\u0131 ortadan kald\u0131rmak, tarihi ve k\u00fclt\u00fcrel alanlar\u0131 g\u00f6stererek \u00fclkemizin tan\u0131t\u0131m\u0131na destek vermek, bu \u00f6\u011frencilerin her birini g\u00f6n\u00fcll\u00fc turizm el\u00e7isi olarak g\u00f6ndermek \u00e7ok \u00f6nemlidir.  Dili, dini, k\u00fclt\u00fcr\u00fc ne olursa olsun, bu t\u00fcr faaliyetler farkl\u0131 \u00fclkelerden gelen \u00f6\u011frencilerin birbirleriyle kayna\u015fmas\u0131na ve d\u00fcnya bar\u0131\u015f\u0131na katk\u0131 sa\u011flanmas\u0131na yard\u0131mc\u0131 olmakta. Buna katk\u0131 sa\u011flayabildiysek ne mutlu bize\u201d dedi.<\/p>\n<p>Has Tavuk Genel M\u00fcd\u00fcr\u00fc \u015eahin Aydemir, d\u00fcnyadaki gen\u00e7lerle bulu\u015ftuklar\u0131n\u0131 ifade ederek, \u201cArt\u0131k bu d\u00fcnya bizim de\u011fil, gen\u00e7lerin. D\u00fcnya o kadar k\u00fc\u00e7\u00fcld\u00fc ki k\u00fclt\u00fcrler aras\u0131ndaki ileti\u015fimi sa\u011flamak da bizim g\u00f6revimizdir. 18 \u00fclkeden gelen gen\u00e7lerle bir araday\u0131z. Onlar\u0131n aktard\u0131\u011f\u0131 gelenekle birlikte bizde kendi k\u00fclt\u00fcr\u00fcm\u00fcz\u00fc, geleneklerimizi burada bulunduklar\u0131 s\u00fcre i\u00e7inde aktarmaya \u00e7al\u0131\u015ft\u0131k. \u00d6ncelikle bizim gen\u00e7lerimize bu misyonu ta\u015f\u0131d\u0131klar\u0131 i\u00e7in de te\u015fekk\u00fcr ediyorum. Buradan d\u00f6necek gen\u00e7lerin T\u00fcrkiye\u2019nin temsilcileri olacaklar\u0131na inan\u0131yorum\u201d diye konu\u015ftu.<\/p>\n<p>\u0130ngiltere\u2019den T\u00fcrkiye\u2019ye gelen Chine Zue, T\u00fcrk insan\u0131n \u00e7ok s\u0131cakkanl\u0131 ve mutlu olduklar\u0131n\u0131 belirterek, \u201cT\u00fcrkiye\u2019yi \u00e7ok sevdim. Bursa\u2019da k\u00fclt\u00fcrle dolu bir \u015fehir. Her sokakta, caddede k\u00fclt\u00fcr ate\u015fini hissedebiliyorsunuz. Daha \u00f6nce hi\u00e7 T\u00fcrk yeme\u011fi yememi\u015ftim ve kendine has stili var \u00e7ok lezzetli fakat yapmas\u0131 biraz zor diyebilirim\u201d  dedi.<\/p>\n<p>Hindistan\u2019dan geldi\u011fini belirten Aransee isimli gen\u00e7, \u201cT\u00fcrk insan\u0131 \u00e7ok giri\u015fken, yolda y\u00fcr\u00fcrken bile bana nereden geldi\u011fimi soruyorlar. \u00c7ok g\u00fczel bir \u00f6zellik. Burada insanlarla vakit ge\u00e7irmekten \u00e7ok zevk ald\u0131m. Bursa \u00f6zel bir \u015fehir \u00e7\u00fcnk\u00fc hem  Asya, hem Avrupa k\u00fclt\u00fcr\u00fcnden izler ta\u015f\u0131yor. Bursa\u2019n\u0131n renkli bir hayat\u0131 var. T\u00fcrk yemeklerini \u00e7ok sevdim ve Hint yemekleriyle benziyor. Hatta helvaya bizde helva diyoruz. Burada en \u00e7ok k\u00fcnefeyi be\u011fendim. Tavuklu pilav da burada sevdi\u011fim yemeklerden bir tanesi oldu\u201d \u015feklinde konu\u015ftu.<\/p>\n","protected":false},"excerpt":{"rendered":"<p>\u2018GEN\u00c7LER ARASI DE\u011e\u0130\u015e\u0130M\u2019 PROGRAMI KAPSAMINDA YURT DI\u015eINDAN T\u00dcRK\u0130YE\u2019YE GELEN YABANCI GEN\u00c7LER \u0130MAMBAYILDI YEME\u011e\u0130N\u0130 KEND\u0130 ELLER\u0130YLE YAPTI.<\/p>\n","protected":false},"author":1,"featured_media":185288,"comment_status":"closed","ping_status":"open","sticky":false,"template":"","format":"standard","meta":{"jetpack_post_was_ever_published":false,"_jetpack_newsletter_access":"","_jetpack_dont_email_post_to_subs":false,"_jetpack_newsletter_tier_id":0,"_jetpack_memberships_contains_paywalled_content":false,"_jetpack_memberships_contains_paid_content":false,"footnotes":"","jetpack_publicize_message":"","jetpack_publicize_feature_enabled":true,"jetpack_social_post_already_shared":true,"jetpack_social_options":{"image_generator_settings":{"template":"highway","default_image_id":0,"font":"","enabled":false},"version":2}},"categories":[1],"tags":[1073,17274,1622,45935,5646,4069,292],"class_list":["post-185287","post","type-post","status-publish","format-standard","has-post-thumbnail","hentry","category-genel","tag-ozel","tag-elleriyle","tag-gencler","tag-imambayildiyi","tag-kendi","tag-yabanci","tag-yapti"],"jetpack_publicize_connections":[],"jetpack_featured_media_url":"https:\/\/i0.wp.com\/www.tvturk.com\/wp-content\/uploads\/2019\/07\/ozel-yabanci-gencler-imambayildiyi-kendi-elleriyle-yapti_fc48ecc.jpg?fit=1000%2C666","jetpack_sharing_enabled":true,"jetpack_shortlink":"https:\/\/wp.me\/paKIfm-Mcv","_links":{"self":[{"href":"http:\/\/www.tvturk.com\/index.php\/wp-json\/wp\/v2\/posts\/185287","targetHints":{"allow":["GET"]}}],"collection":[{"href":"http:\/\/www.tvturk.com\/index.php\/wp-json\/wp\/v2\/posts"}],"about":[{"href":"http:\/\/www.tvturk.com\/index.php\/wp-json\/wp\/v2\/types\/post"}],"author":[{"embeddable":true,"href":"http:\/\/www.tvturk.com\/index.php\/wp-json\/wp\/v2\/users\/1"}],"replies":[{"embeddable":true,"href":"http:\/\/www.tvturk.com\/index.php\/wp-json\/wp\/v2\/comments?post=185287"}],"version-history":[{"count":0,"href":"http:\/\/www.tvturk.com\/index.php\/wp-json\/wp\/v2\/posts\/185287\/revisions"}],"wp:featuredmedia":[{"embeddable":true,"href":"http:\/\/www.tvturk.com\/index.php\/wp-json\/wp\/v2\/media\/185288"}],"wp:attachment":[{"href":"http:\/\/www.tvturk.com\/index.php\/wp-json\/wp\/v2\/media?parent=185287"}],"wp:term":[{"taxonomy":"category","embeddable":true,"href":"http:\/\/www.tvturk.com\/index.php\/wp-json\/wp\/v2\/categories?post=185287"},{"taxonomy":"post_tag","embeddable":true,"href":"http:\/\/www.tvturk.com\/index.php\/wp-json\/wp\/v2\/tags?post=185287"}],"curies":[{"name":"wp","href":"https:\/\/api.w.org\/{rel}","templated":true}]}}