{"id":185357,"date":"2019-07-23T11:01:40","date_gmt":"2019-07-23T08:01:40","guid":{"rendered":"http:\/\/www.tvturk.com\/index.php\/siirtte-yuzde-70-verimi-artan-bugday-ciftcinin-yuzunu-guldurdu\/"},"modified":"2019-07-23T11:01:40","modified_gmt":"2019-07-23T08:01:40","slug":"siirtte-yuzde-70-verimi-artan-bugday-ciftcinin-yuzunu-guldurdu","status":"publish","type":"post","link":"http:\/\/www.tvturk.com\/index.php\/siirtte-yuzde-70-verimi-artan-bugday-ciftcinin-yuzunu-guldurdu\/","title":{"rendered":"Siirt\u2019te y\u00fczde 70 verimi artan bu\u011fday, \u00e7ift\u00e7inin y\u00fcz\u00fcn\u00fc g\u00fcld\u00fcrd\u00fc"},"content":{"rendered":"<p>Siirt\u2019te \u00e7ift\u00e7iler, bu\u011fday hasad\u0131n\u0131n ba\u015flamas\u0131yla bi\u00e7erd\u00f6verlerin tarlalara girdi\u011fini, halen baz\u0131 noktalarda \u00e7al\u0131\u015fmalar\u0131n devam etti\u011fi ve hasatta istenilen verimi elde etmenin mutlulu\u011fuyla y\u00fczlerinin g\u00fcld\u00fc\u011f\u00fcn\u00fc s\u00f6yledi.<\/p>\n<p>Bu y\u0131l a\u015f\u0131r\u0131 ya\u011f\u0131\u015flar ve zamans\u0131z kurakl\u0131klara ra\u011fmen \u00fcr\u00fcnden olduk\u00e7a memnun kald\u0131klar\u0131n\u0131 belirten \u00e7ift\u00e7i Veysel Deli, ekili olan bin d\u00f6n\u00fcml\u00fck araziden 250 ile 300 ton aras\u0131nda hasat beklediklerini dile getirdi. Deli, \u201c2019 y\u0131l\u0131 bu\u011fday hasad\u0131na ba\u015flad\u0131k. Elimizde bin d\u00f6n\u00fcm arazi var ekiyoruz. Kendi arazimiz. Ya\u015fanan ya\u011fmurlardan ve kurakl\u0131ktan dolay\u0131 baz\u0131 olumsuzluklar ya\u015fad\u0131k. Verimin d\u00fc\u015ft\u00fc\u011f\u00fcn\u00fc g\u00f6r\u00fcyoruz hasatta. Daha \u00f6nce bin d\u00f6n\u00fcmden ald\u0131\u011f\u0131m\u0131z yakla\u015f\u0131k 350-400 ton mahsulden bu sene en fazla 200-250 ton civar\u0131nda bir verim alaca\u011f\u0131m\u0131z\u0131 d\u00fc\u015f\u00fcn\u00fcyorum. Bereketli olmas\u0131n\u0131 b\u00fct\u00fcn T\u00fcrkiye\u2019ye hay\u0131rl\u0131 olmas\u0131n\u0131 diliyorum\u201d dedi.<\/p>\n<p>\u201cElde edilen verim \u00e7ift\u00e7ilerin y\u00fcz\u00fcn\u00fc g\u00fcld\u00fcrd\u00fc\u201d<\/p>\n<p>Hububatta kontrolleri yerinde yapt\u0131klar\u0131n\u0131 belirten Siirt Tar\u0131m ve Orman Bitki Sa\u011fl\u0131\u011f\u0131 \u015eube M\u00fcd\u00fcr Vekili Abdulselam Erta\u015f, zamans\u0131z ya\u011f\u0131\u015flardaki olumsuzlara ra\u011fmen bu\u011fday\u0131n rekoltesinin di\u011fer y\u0131la g\u00f6re gayet iyi oldu\u011funu s\u00f6yledi. Erta\u015f, \u00e7ift\u00e7iler i\u00e7in 10-15 g\u00fcn\u00fcn yo\u011fun ge\u00e7ece\u011fini belirterek, &#8220;Hububatta bu\u011fday ve arpada hasat d\u00f6nemi ba\u015flad\u0131. Bizde \u015fuanda P\u0131narova k\u00f6y\u00fcnde bu\u011fday hasad\u0131nda bulunuyoruz. Bi\u00e7er d\u00f6verlerle bi\u00e7iliyor. Buradaki amac\u0131m\u0131z bu\u011fday da bu sene fazla ya\u011f\u0131\u015f oldu\u011fu i\u00e7in azda olsa verim kayb\u0131 ya\u015fanacak. Genelde durum iyi \u00e7ift\u00e7inin y\u00fcz\u00fc g\u00fcl\u00fcyor. Bereketli bir y\u0131l olur in\u015fallah\u201d diye konu\u015ftu.<\/p>\n","protected":false},"excerpt":{"rendered":"<p>S\u0130\u0130RT\u2019TE Y\u00dcZDE 70 VER\u0130M\u0130 ARTAN BU\u011eDAY, \u00c7\u0130FT\u00c7\u0130N\u0130N Y\u00dcZ\u00dcN\u00dc G\u00dcLD\u00dcRD\u00dc<\/p>\n","protected":false},"author":1,"featured_media":185358,"comment_status":"closed","ping_status":"open","sticky":false,"template":"","format":"standard","meta":{"jetpack_post_was_ever_published":false,"_jetpack_newsletter_access":"","_jetpack_dont_email_post_to_subs":false,"_jetpack_newsletter_tier_id":0,"_jetpack_memberships_contains_paywalled_content":false,"_jetpack_memberships_contains_paid_content":false,"footnotes":"","jetpack_publicize_message":"","jetpack_publicize_feature_enabled":true,"jetpack_social_post_already_shared":true,"jetpack_social_options":{"image_generator_settings":{"template":"highway","default_image_id":0,"font":"","enabled":false},"version":2}},"categories":[19],"tags":[5349,23360,3888,1516,890,621,3480,9468],"class_list":["post-185357","post","type-post","status-publish","format-standard","has-post-thumbnail","hentry","category-ekonomi","tag-artan","tag-bugday","tag-ciftcinin","tag-guldurdu","tag-siirtte","tag-verimi","tag-yuzde","tag-yuzunu"],"jetpack_publicize_connections":[],"jetpack_featured_media_url":"https:\/\/i0.wp.com\/www.tvturk.com\/wp-content\/uploads\/2019\/07\/siirtte-yuzde-70-verimi-artan-bugday-ciftcinin-yuzunu-guldurdu_9ba1151.jpg?fit=1000%2C666","jetpack_sharing_enabled":true,"jetpack_shortlink":"https:\/\/wp.me\/paKIfm-MdD","_links":{"self":[{"href":"http:\/\/www.tvturk.com\/index.php\/wp-json\/wp\/v2\/posts\/185357","targetHints":{"allow":["GET"]}}],"collection":[{"href":"http:\/\/www.tvturk.com\/index.php\/wp-json\/wp\/v2\/posts"}],"about":[{"href":"http:\/\/www.tvturk.com\/index.php\/wp-json\/wp\/v2\/types\/post"}],"author":[{"embeddable":true,"href":"http:\/\/www.tvturk.com\/index.php\/wp-json\/wp\/v2\/users\/1"}],"replies":[{"embeddable":true,"href":"http:\/\/www.tvturk.com\/index.php\/wp-json\/wp\/v2\/comments?post=185357"}],"version-history":[{"count":0,"href":"http:\/\/www.tvturk.com\/index.php\/wp-json\/wp\/v2\/posts\/185357\/revisions"}],"wp:featuredmedia":[{"embeddable":true,"href":"http:\/\/www.tvturk.com\/index.php\/wp-json\/wp\/v2\/media\/185358"}],"wp:attachment":[{"href":"http:\/\/www.tvturk.com\/index.php\/wp-json\/wp\/v2\/media?parent=185357"}],"wp:term":[{"taxonomy":"category","embeddable":true,"href":"http:\/\/www.tvturk.com\/index.php\/wp-json\/wp\/v2\/categories?post=185357"},{"taxonomy":"post_tag","embeddable":true,"href":"http:\/\/www.tvturk.com\/index.php\/wp-json\/wp\/v2\/tags?post=185357"}],"curies":[{"name":"wp","href":"https:\/\/api.w.org\/{rel}","templated":true}]}}